{"id":49395,"date":"2025-07-02T12:14:44","date_gmt":"2025-07-02T15:14:44","guid":{"rendered":"https:\/\/atecordoba.org\/?p=49395"},"modified":"2025-07-02T12:14:44","modified_gmt":"2025-07-02T15:14:44","slug":"saldan-ate-reclama-a-la-municipalidad-mejoras-urgentes-para-el-vacunatorio","status":"publish","type":"post","link":"https:\/\/atecordoba.org\/?p=49395","title":{"rendered":"Sald\u00e1n: ATE reclama a la Municipalidad mejoras urgentes para el vacunatorio"},"content":{"rendered":"<p><img loading=\"lazy\" decoding=\"async\" class=\"aligncenter wp-image-49396 \" src=\"https:\/\/atecordoba.org\/wp-content\/uploads\/2025\/07\/vacunatorio-saldan-1024x684.jpg\" alt=\"\" width=\"612\" height=\"409\" srcset=\"https:\/\/atecordoba.org\/wp-content\/uploads\/2025\/07\/vacunatorio-saldan-1024x684.jpg 1024w, https:\/\/atecordoba.org\/wp-content\/uploads\/2025\/07\/vacunatorio-saldan-300x200.jpg 300w, https:\/\/atecordoba.org\/wp-content\/uploads\/2025\/07\/vacunatorio-saldan-768x513.jpg 768w, https:\/\/atecordoba.org\/wp-content\/uploads\/2025\/07\/vacunatorio-saldan-750x501.jpg 750w, https:\/\/atecordoba.org\/wp-content\/uploads\/2025\/07\/vacunatorio-saldan.jpg 1100w\" sizes=\"auto, (max-width: 612px) 100vw, 612px\" \/>En una nota dirigida a la intendenta Carolina Cristoni, ATE reclam\u00f3 hoy que el Departamento Ejecutivo ordene la reparaci\u00f3n de la calefacci\u00f3n del vacunatorio municipal para paliar los fr\u00edos intensos que ponen en riesgo la salud de la poblaci\u00f3n que concurre a dicha dependencia, as\u00ed como de las y los trabajadores que cumplen tareas en el lugar.<\/p>\n<p>Se trata de una mejora indispensable de las condiciones de trabajo del personal del vacunatorio, que se ve obligado a soportar las g\u00e9lidas temperaturas invernales sin contar con la calefacci\u00f3n que si disponen los despachos de los funcionarios municipales.<\/p>\n<p><strong>Cadena de fr\u00edo<\/strong><\/p>\n<p>A su vez, en la misma nota, la delegada de ATE Soledad Aliendro y su par Cristian Romero advirtieron sobre el riesgo para los insumos del vacunatorio que no est\u00e9 funcionando correctamente la heladera que mantiene la cadena de fr\u00edo de las vacunas.<\/p>\n<p>Esto ya fue solicitado en reiteradas oportunidades, sin lograr que la dependencia la repare.<\/p>\n<p>En una reuni\u00f3n llevada a cabo con Cristoni,<a href=\"https:\/\/atecordoba.org\/?p=49219\"> ATE logr\u00f3 recientemente el reconocimiento de la Municipalidad<\/a> para participar de las paritarias, a partir del fuerte caudal de afiliaciones que nuestra organizaci\u00f3n ostenta en el sector.<\/p>\n<p>&nbsp;<\/p>\n<p>&nbsp;<\/p>\n","protected":false},"excerpt":{"rendered":"<p>En una nota dirigida a la intendenta Carolina Cristoni, ATE reclam\u00f3 hoy que el Departamento Ejecutivo ordene la reparaci\u00f3n de la calefacci\u00f3n del vacunatorio municipal para paliar los fr\u00edos intensos que ponen en riesgo la salud de la poblaci\u00f3n que concurre a dicha dependencia, as\u00ed como de las y los trabajadores que cumplen tareas en [&hellip;]<\/p>\n","protected":false},"author":7,"featured_media":49396,"comment_status":"open","ping_status":"open","sticky":false,"template":"","format":"standard","meta":{"_exactmetrics_skip_tracking":false,"_exactmetrics_sitenote_active":false,"_exactmetrics_sitenote_note":"","_exactmetrics_sitenote_category":0,"jnews-multi-image_gallery":[],"jnews_single_post":{"format":"standard","override":[{"template":"1","parallax":"1","fullscreen":"1","layout":"no-sidebar-narrow","sidebar":"default-sidebar","second_sidebar":"default-sidebar","sticky_sidebar":"1","share_position":"bottom","share_float_style":"share-monocrhome","show_share_counter":"1","show_view_counter":"1","show_post_meta":"1","show_post_author_image":"1","show_post_date":"1","post_date_format":"default","post_date_format_custom":"Y\/m\/d","show_post_category":"1","show_post_reading_time":"0","post_reading_time_wpm":"300","post_calculate_word_method":"str_word_count","show_zoom_button":"0","zoom_button_out_step":"2","zoom_button_in_step":"3","show_post_tag":"1","number_popup_post":"1","show_post_related":"1","show_inline_post_related":"0"}],"image_override":[{"single_post_thumbnail_size":"crop-500","single_post_gallery_size":"crop-500"}],"trending_post_position":"meta","trending_post_label":"Trending","sponsored_post_label":"Sponsored by","disable_ad":"0"},"jnews_primary_category":[],"jnews_social_meta":[],"jnews_review":[],"enable_review":"","type":"percentage","name":"","summary":"","brand":"","sku":"","good":[],"bad":[],"score_override":"","override_value":"","rating":[],"price":[],"jnews_override_counter":{"view_counter_number":"0","share_counter_number":"0","like_counter_number":"0","dislike_counter_number":"0"},"jnews_post_split":{"post_split":[{"template":"1","tag":"h2","numbering":"asc","mode":"normal","first":"0","enable_toc":"0","toc_type":"normal"}]},"footnotes":""},"categories":[20],"tags":[],"class_list":["post-49395","post","type-post","status-publish","format-standard","has-post-thumbnail","hentry","category-municipales"],"jetpack_featured_media_url":"https:\/\/atecordoba.org\/wp-content\/uploads\/2025\/07\/vacunatorio-saldan.jpg","_links":{"self":[{"href":"https:\/\/atecordoba.org\/index.php?rest_route=\/wp\/v2\/posts\/49395","targetHints":{"allow":["GET"]}}],"collection":[{"href":"https:\/\/atecordoba.org\/index.php?rest_route=\/wp\/v2\/posts"}],"about":[{"href":"https:\/\/atecordoba.org\/index.php?rest_route=\/wp\/v2\/types\/post"}],"author":[{"embeddable":true,"href":"https:\/\/atecordoba.org\/index.php?rest_route=\/wp\/v2\/users\/7"}],"replies":[{"embeddable":true,"href":"https:\/\/atecordoba.org\/index.php?rest_route=%2Fwp%2Fv2%2Fcomments&post=49395"}],"version-history":[{"count":1,"href":"https:\/\/atecordoba.org\/index.php?rest_route=\/wp\/v2\/posts\/49395\/revisions"}],"predecessor-version":[{"id":49397,"href":"https:\/\/atecordoba.org\/index.php?rest_route=\/wp\/v2\/posts\/49395\/revisions\/49397"}],"wp:featuredmedia":[{"embeddable":true,"href":"https:\/\/atecordoba.org\/index.php?rest_route=\/wp\/v2\/media\/49396"}],"wp:attachment":[{"href":"https:\/\/atecordoba.org\/index.php?rest_route=%2Fwp%2Fv2%2Fmedia&parent=49395"}],"wp:term":[{"taxonomy":"category","embeddable":true,"href":"https:\/\/atecordoba.org\/index.php?rest_route=%2Fwp%2Fv2%2Fcategories&post=49395"},{"taxonomy":"post_tag","embeddable":true,"href":"https:\/\/atecordoba.org\/index.php?rest_route=%2Fwp%2Fv2%2Ftags&post=49395"}],"curies":[{"name":"wp","href":"https:\/\/api.w.org\/{rel}","templated":true}]}}