{"id":49388,"date":"2025-07-02T10:50:14","date_gmt":"2025-07-02T13:50:14","guid":{"rendered":"https:\/\/atecordoba.org\/?p=49388"},"modified":"2025-07-02T12:46:20","modified_gmt":"2025-07-02T15:46:20","slug":"el-nuevo-regimen-de-salud-pone-en-riesgo-derechos-laborales-conquistados","status":"publish","type":"post","link":"https:\/\/atecordoba.org\/?p=49388","title":{"rendered":"El nuevo r\u00e9gimen de salud pone en riesgo derechos laborales conquistados"},"content":{"rendered":"<p><img loading=\"lazy\" decoding=\"async\" class=\"aligncenter wp-image-49389 \" src=\"https:\/\/atecordoba.org\/wp-content\/uploads\/2025\/07\/12_08_Paro_Salud_San_Francisco_14-1024x768.jpg\" alt=\"\" width=\"618\" height=\"463\" srcset=\"https:\/\/atecordoba.org\/wp-content\/uploads\/2025\/07\/12_08_Paro_Salud_San_Francisco_14-1024x768.jpg 1024w, https:\/\/atecordoba.org\/wp-content\/uploads\/2025\/07\/12_08_Paro_Salud_San_Francisco_14-300x225.jpg 300w, https:\/\/atecordoba.org\/wp-content\/uploads\/2025\/07\/12_08_Paro_Salud_San_Francisco_14-768x576.jpg 768w, https:\/\/atecordoba.org\/wp-content\/uploads\/2025\/07\/12_08_Paro_Salud_San_Francisco_14-750x563.jpg 750w, https:\/\/atecordoba.org\/wp-content\/uploads\/2025\/07\/12_08_Paro_Salud_San_Francisco_14.jpg 1032w\" sizes=\"auto, (max-width: 618px) 100vw, 618px\" \/>El Gobierno Provincial avanz\u00f3 con la reglamentaci\u00f3n\u00a0 de la Ley 10889 para la unificaci\u00f3n del r\u00e9gimen laboral del personal de salud sin convocar a quienes d\u00eda a d\u00eda sostenemos la salud: las y los trabajadores.<\/p>\n<p>Ante el anuncio, el Consejo Directivo Provincial sali\u00f3 a fijar posici\u00f3n afirmando que las y los trabajadores hemos peleado mucho y de manera muy ardua por avanzar en la reglamentaci\u00f3n de una ley que permitir\u00eda mejoras en el poder adquisitivo de las y los trabajadores\/as al posibilitar cambios en los grupos ocupacionales y reordenamiento dentro de los Equipos de Salud&#8221;. &#8220;No obstante, advertimos con preocupaci\u00f3n que esta reglamentaci\u00f3n no s\u00f3lo se hizo a espaldas de los equipos de salud que tanto trabajamos para impulsarla, sino que habilita mecanismos de contrataci\u00f3n que profundizan la precarizaci\u00f3n laboral [art. 107 bis]&#8221;, explic\u00f3 la delegada de ATE del Hospital Regional de R\u00edo Cuarto, Andrea Ferreira<\/p>\n<p>En tal sentido desde ATE C\u00f3rdoba, las y los trabajadores de la salud reivindican banderas hist\u00f3ricas como el salario digno, que hoy dista mucho de estarlo, a pesar de las mejoras que implicar\u00eda para ciertos sectores del equipo de salud. &#8220;Seguimos reclamando mejores condiciones laborales y la unificaci\u00f3n de las leyes de nuestro sector salud: 7233 y 7625. No lo que acaba de salir, como es la modificaci\u00f3n de la Ley 7625, mediante Ley 10889, festejado por el SEP, Atsa y UTS, sin mencionar la alegr\u00eda de las corporaciones de salud provinciales&#8221;, agreg\u00f3 el delegado de ATE en el Hospital San Roque Viejo, Osvaldo Reynaldo.<\/p>\n<p>Uno de los puntos m\u00e1s preocupantes abrir\u00eda la posibilidad de blanquear una pr\u00e1ctica ilegal que ATE viene denunciando: el trabajo por hora, por m\u00f3dulos o por prestaciones puntuales, sin relaci\u00f3n contractual duradera, con lo cual se pierde la estabilidad laboral.<\/p>\n<p>Ante todo ello, Reynaldo advirti\u00f3 que la Ley 10889 va implicar para el conjunto de las y los trabajadores de la salud provincial &#8220;relaciones laborales flexibilizadas, a imagen y semejanza de lo que promueve el gobierno de Milei en la llamada &#8220;Ley Bases&#8221;. &#8220;Es una reforma laboral a la cordobesa, celebrada los sindicatos oficialistas paritarios, las corporaciones del Sector Salud Fepu y Consejo de M\u00e9dicos de la Provincia de C\u00f3rdoba&#8221;.<\/p>\n<p>En esa l\u00ednea, Andrea Ferreira advirti\u00f3 que &#8220;no hay claridad sobre el cumplimiento de un principio b\u00e1sico que las y los trabajadores queremos defender: la migraci\u00f3n al nuevo r\u00e9gimen debe ser voluntaria y sin p\u00e9rdida de derechos y garant\u00edas adquiridas en el r\u00e9gimen anterior. \u00bfQu\u00e9 implica esto? Que podr\u00edan verse afectados los cargos concursados, la antig\u00fcedad y el lugar que cada trabajador y cada trabajadora ocupa en el organigrama&#8221;.<\/p>\n<p>En consecuencia, ATE reclama ser convocado para estar presentes en la reglamentaci\u00f3n.\u00a0 &#8220;Queremos garantizar que ning\u00fan derecho se pierda. Quienes sostenemos cada d\u00eda el sistema de salud, no podemos hacerlo con salarios de pobreza, precarizaci\u00f3n e inestabilidad laboral&#8221;, complet\u00f3 el Consejo Directivo Provincial.<\/p>\n","protected":false},"excerpt":{"rendered":"<p>El Gobierno Provincial avanz\u00f3 con la reglamentaci\u00f3n\u00a0 de la Ley 10889 para la unificaci\u00f3n del r\u00e9gimen laboral del personal de salud sin convocar a quienes d\u00eda a d\u00eda sostenemos la salud: las y los trabajadores. Ante el anuncio, el Consejo Directivo Provincial sali\u00f3 a fijar posici\u00f3n afirmando que las y los trabajadores hemos peleado mucho [&hellip;]<\/p>\n","protected":false},"author":7,"featured_media":49389,"comment_status":"open","ping_status":"open","sticky":false,"template":"","format":"standard","meta":{"_exactmetrics_skip_tracking":false,"_exactmetrics_sitenote_active":false,"_exactmetrics_sitenote_note":"","_exactmetrics_sitenote_category":0,"jnews-multi-image_gallery":[],"jnews_single_post":{"format":"standard","override":[{"template":"1","parallax":"1","fullscreen":"1","layout":"no-sidebar-narrow","sidebar":"default-sidebar","second_sidebar":"default-sidebar","sticky_sidebar":"1","share_position":"bottom","share_float_style":"share-monocrhome","show_share_counter":"1","show_view_counter":"1","show_post_meta":"1","show_post_author_image":"1","show_post_date":"1","post_date_format":"default","post_date_format_custom":"Y\/m\/d","show_post_category":"1","show_post_reading_time":"0","post_reading_time_wpm":"300","post_calculate_word_method":"str_word_count","show_zoom_button":"0","zoom_button_out_step":"2","zoom_button_in_step":"3","show_post_tag":"1","number_popup_post":"1","show_post_related":"1","show_inline_post_related":"0"}],"image_override":[{"single_post_thumbnail_size":"crop-500","single_post_gallery_size":"crop-500"}],"trending_post_position":"meta","trending_post_label":"Trending","sponsored_post_label":"Sponsored by","disable_ad":"0"},"jnews_primary_category":[],"jnews_social_meta":[],"jnews_review":[],"enable_review":"","type":"percentage","name":"","summary":"","brand":"","sku":"","good":[],"bad":[],"score_override":"","override_value":"","rating":[],"price":[],"jnews_override_counter":{"view_counter_number":"0","share_counter_number":"0","like_counter_number":"0","dislike_counter_number":"0"},"jnews_post_split":{"post_split":[{"template":"1","tag":"h2","numbering":"asc","mode":"normal","first":"0","enable_toc":"0","toc_type":"normal"}]},"footnotes":""},"categories":[8],"tags":[],"class_list":["post-49388","post","type-post","status-publish","format-standard","has-post-thumbnail","hentry","category-provinciales"],"jetpack_featured_media_url":"https:\/\/atecordoba.org\/wp-content\/uploads\/2025\/07\/12_08_Paro_Salud_San_Francisco_14.jpg","_links":{"self":[{"href":"https:\/\/atecordoba.org\/index.php?rest_route=\/wp\/v2\/posts\/49388","targetHints":{"allow":["GET"]}}],"collection":[{"href":"https:\/\/atecordoba.org\/index.php?rest_route=\/wp\/v2\/posts"}],"about":[{"href":"https:\/\/atecordoba.org\/index.php?rest_route=\/wp\/v2\/types\/post"}],"author":[{"embeddable":true,"href":"https:\/\/atecordoba.org\/index.php?rest_route=\/wp\/v2\/users\/7"}],"replies":[{"embeddable":true,"href":"https:\/\/atecordoba.org\/index.php?rest_route=%2Fwp%2Fv2%2Fcomments&post=49388"}],"version-history":[{"count":5,"href":"https:\/\/atecordoba.org\/index.php?rest_route=\/wp\/v2\/posts\/49388\/revisions"}],"predecessor-version":[{"id":49398,"href":"https:\/\/atecordoba.org\/index.php?rest_route=\/wp\/v2\/posts\/49388\/revisions\/49398"}],"wp:featuredmedia":[{"embeddable":true,"href":"https:\/\/atecordoba.org\/index.php?rest_route=\/wp\/v2\/media\/49389"}],"wp:attachment":[{"href":"https:\/\/atecordoba.org\/index.php?rest_route=%2Fwp%2Fv2%2Fmedia&parent=49388"}],"wp:term":[{"taxonomy":"category","embeddable":true,"href":"https:\/\/atecordoba.org\/index.php?rest_route=%2Fwp%2Fv2%2Fcategories&post=49388"},{"taxonomy":"post_tag","embeddable":true,"href":"https:\/\/atecordoba.org\/index.php?rest_route=%2Fwp%2Fv2%2Ftags&post=49388"}],"curies":[{"name":"wp","href":"https:\/\/api.w.org\/{rel}","templated":true}]}}