{"id":49384,"date":"2025-06-30T11:40:42","date_gmt":"2025-06-30T14:40:42","guid":{"rendered":"https:\/\/atecordoba.org\/?p=49384"},"modified":"2025-06-30T11:40:42","modified_gmt":"2025-06-30T14:40:42","slug":"corrupcion-policial-los-buenos-son-los-de-azul","status":"publish","type":"post","link":"https:\/\/atecordoba.org\/?p=49384","title":{"rendered":"Corrupci\u00f3n policial: \u00bfLos buenos son los de azul?"},"content":{"rendered":"<p><img loading=\"lazy\" decoding=\"async\" class=\"aligncenter wp-image-49385 \" src=\"https:\/\/atecordoba.org\/wp-content\/uploads\/2025\/06\/llaryora-bullrich-quinteros-1024x687.webp\" alt=\"\" width=\"619\" height=\"415\" \/>La CTA Aut\u00f3noma C\u00f3rdoba denunci\u00f3 y repudi\u00f3 la proliferaci\u00f3n de actos de corrupci\u00f3n en la Polic\u00eda de la Provincia en una sucesi\u00f3n de hechos en el tiempo que son tan frecuentes e impactantes que no pasan desapercibidos para la poblaci\u00f3n pese a los intentos del Gobierno por minimizarlos.<\/p>\n<p>\u201cA semejanza de lo que propugna el facho libertario de Milei, el Gobernador Llaryora no cesa de repetir alabanzas a la maldita Polic\u00eda de la Provincia:\u2019 &#8216;Los buenos son los de azul\u2019, repite. Lo mismo hace el \u00e9mulo de Patricia Bullrich en C\u00f3rdoba, el ubicuo Ministro de Seguridad, Juan Pablo Quinteros, jaqueado por la seguidilla de actos de corrupci\u00f3n que involucran a altos jefes de la fuerza vestidos de azul&#8221;, asegur\u00f3 la Central hoy en un comunicado de prensa.<\/p>\n<p>\u201cMientras promueve endurecer la legislaci\u00f3n para reprimir la protesta social y promete palos a diestra y siniestra a quienes se animen a cuestionar el ajuste y salgan a la calle, Quinteros acumula denuncias y un sinn\u00famero de detenciones del personal policial a su mando que puebla las celdas del penal de Bower.<\/p>\n<p>Valgan estos casos como botones de muestra de la profunda e indisimulable corrupci\u00f3n policial que rige en la provincia:<\/p>\n<p>La familia de Blas Correas, el joven nieto del ex jugador de f\u00fatbol de Estudiantes de R\u00edo Cuarto y Belgrano de C\u00f3rdoba, Miguel \u00c1ngel Laciar, asesinado por la Polic\u00eda en C\u00f3rdoba el 6 de agosto de 2020, logr\u00f3 que en abril de 2023 la Justicia dictara un fallo hist\u00f3rico: Para el tribunal, los polic\u00edas demostraron un \u2018total desprecio por la vida humana\u2019. Los camaristas consideraron que \u2018sin duda alguna\u2019 hubo Violencia Institucional, ya que existi\u00f3 una \u2018pr\u00e1ctica estructurada de violaci\u00f3n de derechos\u2019 por parte de funcionarios de la fuerza policial.<\/p>\n<p>Hace unos d\u00edas, otra vez la Polic\u00eda de C\u00f3rdoba se sacudi\u00f3 por la ca\u00edda de un alto mando. Esta vez fue el turno de Maximiliano Ochoa Rold\u00e1n, Jefe de la Polic\u00eda Caminera, en tanto que la Justicia de C\u00f3rdoba conden\u00f3 a siete agentes de la Fuerza Policial Antinarcotr\u00e1fico (FPA) -de la Brigada de Cruz del Eje- acusados de robar drogas que eran incautadas en los procedimientos. En medio del esc\u00e1ndalo en la Caminera y las detenciones por estafas, el Juzgado de Faltas n\u00famero 8 revel\u00f3 el fallo contra los oficiales que fueron apartados y detenidos en octubre del 2024 por corrupci\u00f3n.<\/p>\n<p>En diciembre de 2023 la Justicia pidi\u00f3 la detenci\u00f3n al ex Subjefe de Polic\u00eda de C\u00f3rdoba, Gustavo Folli Pedetta, acusado de liderar una asociaci\u00f3n il\u00edcita en la Direcci\u00f3n Bomberos de la Provincia, cuando la ten\u00eda a su cargo. Por la misma \u00e9poca, el Fiscal de Delitos Complejos Enrique Gavier orden\u00f3 la detenci\u00f3n del ex Jefe del Servicio Penitenciario de C\u00f3rdoba (SPC) Juan Mar\u00eda Bouvier -manej\u00f3 a sus anchas el SPC durante 15 a\u00f1os- en el marco de las irregularidades que se investigan en la \u2018Causa Bouwer\u2019.<\/p>\n<p>En agosto de 2024, el ex Director de Defensa Civil de la Provincia, Diego Concha, fue condenado a prisi\u00f3n perpetua por abuso sexual seguido de homicidio en perjuicio de Luana Ludue\u00f1a. Un mes despu\u00e9s, en septiembre de ese a\u00f1o, el Comisario General Alejandro Mercado, subjefe de la Polic\u00eda de C\u00f3rdoba, fue detenido por pertenecer y encubrir a una banda dedicada a la venta de celulares y neum\u00e1ticos robados, a la compraventa de d\u00f3lares y pr\u00e9stamos liderada por Mercado y el comisario Cristian Cabrera en lo que se denominan \u2018cuevas\u2019 de una galer\u00eda del centro de C\u00f3rdoba.<\/p>\n<p>\u00bfHasta cu\u00e1ndo Llaryora y Quinteros seguir\u00e1n diciendo que los buenos son los de azul? El Gobierno tiene que tener \u2018tolerancia cero\u2019 con la corrupci\u00f3n y la Violencia Institucional de la Polic\u00eda, en lugar de asediar a los que luchan para resembrar Justicia Social\u201d, remata la declaraci\u00f3n de la CTA-A de la provincia de C\u00f3rdoba.<\/p>\n","protected":false},"excerpt":{"rendered":"<p>La CTA Aut\u00f3noma C\u00f3rdoba denunci\u00f3 y repudi\u00f3 la proliferaci\u00f3n de actos de corrupci\u00f3n en la Polic\u00eda de la Provincia en una sucesi\u00f3n de hechos en el tiempo que son tan frecuentes e impactantes que no pasan desapercibidos para la poblaci\u00f3n pese a los intentos del Gobierno por minimizarlos. \u201cA semejanza de lo que propugna el [&hellip;]<\/p>\n","protected":false},"author":7,"featured_media":49385,"comment_status":"open","ping_status":"open","sticky":false,"template":"","format":"standard","meta":{"_exactmetrics_skip_tracking":false,"_exactmetrics_sitenote_active":false,"_exactmetrics_sitenote_note":"","_exactmetrics_sitenote_category":0,"jnews-multi-image_gallery":[],"jnews_single_post":{"format":"standard","override":[{"template":"1","parallax":"1","fullscreen":"1","layout":"no-sidebar-narrow","sidebar":"default-sidebar","second_sidebar":"default-sidebar","sticky_sidebar":"1","share_position":"bottom","share_float_style":"share-monocrhome","show_share_counter":"1","show_view_counter":"1","show_post_meta":"1","show_post_author_image":"1","show_post_date":"1","post_date_format":"default","post_date_format_custom":"Y\/m\/d","show_post_category":"1","show_post_reading_time":"0","post_reading_time_wpm":"300","post_calculate_word_method":"str_word_count","show_zoom_button":"0","zoom_button_out_step":"2","zoom_button_in_step":"3","show_post_tag":"1","number_popup_post":"1","show_post_related":"1","show_inline_post_related":"0"}],"image_override":[{"single_post_thumbnail_size":"crop-500","single_post_gallery_size":"crop-500"}],"trending_post_position":"meta","trending_post_label":"Trending","sponsored_post_label":"Sponsored by","disable_ad":"0"},"jnews_primary_category":[],"jnews_social_meta":[],"jnews_review":[],"enable_review":"","type":"percentage","name":"","summary":"","brand":"","sku":"","good":[],"bad":[],"score_override":"","override_value":"","rating":[],"price":[],"jnews_override_counter":{"view_counter_number":"0","share_counter_number":"0","like_counter_number":"0","dislike_counter_number":"0"},"jnews_post_split":{"post_split":[{"template":"1","tag":"h2","numbering":"asc","mode":"normal","first":"0","enable_toc":"0","toc_type":"normal"}]},"footnotes":""},"categories":[92],"tags":[],"class_list":["post-49384","post","type-post","status-publish","format-standard","has-post-thumbnail","hentry","category-cta"],"jetpack_featured_media_url":"https:\/\/atecordoba.org\/wp-content\/uploads\/2025\/06\/llaryora-bullrich-quinteros-e1751294434654.webp","_links":{"self":[{"href":"https:\/\/atecordoba.org\/index.php?rest_route=\/wp\/v2\/posts\/49384","targetHints":{"allow":["GET"]}}],"collection":[{"href":"https:\/\/atecordoba.org\/index.php?rest_route=\/wp\/v2\/posts"}],"about":[{"href":"https:\/\/atecordoba.org\/index.php?rest_route=\/wp\/v2\/types\/post"}],"author":[{"embeddable":true,"href":"https:\/\/atecordoba.org\/index.php?rest_route=\/wp\/v2\/users\/7"}],"replies":[{"embeddable":true,"href":"https:\/\/atecordoba.org\/index.php?rest_route=%2Fwp%2Fv2%2Fcomments&post=49384"}],"version-history":[{"count":1,"href":"https:\/\/atecordoba.org\/index.php?rest_route=\/wp\/v2\/posts\/49384\/revisions"}],"predecessor-version":[{"id":49386,"href":"https:\/\/atecordoba.org\/index.php?rest_route=\/wp\/v2\/posts\/49384\/revisions\/49386"}],"wp:featuredmedia":[{"embeddable":true,"href":"https:\/\/atecordoba.org\/index.php?rest_route=\/wp\/v2\/media\/49385"}],"wp:attachment":[{"href":"https:\/\/atecordoba.org\/index.php?rest_route=%2Fwp%2Fv2%2Fmedia&parent=49384"}],"wp:term":[{"taxonomy":"category","embeddable":true,"href":"https:\/\/atecordoba.org\/index.php?rest_route=%2Fwp%2Fv2%2Fcategories&post=49384"},{"taxonomy":"post_tag","embeddable":true,"href":"https:\/\/atecordoba.org\/index.php?rest_route=%2Fwp%2Fv2%2Ftags&post=49384"}],"curies":[{"name":"wp","href":"https:\/\/api.w.org\/{rel}","templated":true}]}}