{"id":4938,"date":"2014-12-18T18:58:19","date_gmt":"2014-12-18T21:58:19","guid":{"rendered":"http:\/\/www.atecordoba.org\/?p=4938"},"modified":"2014-12-18T18:58:19","modified_gmt":"2014-12-18T21:58:19","slug":"trabajadores-del-hospital-de-ninos-eligieron-ayer-9-delegados-de-ate","status":"publish","type":"post","link":"https:\/\/atecordoba.org\/?p=4938","title":{"rendered":"Trabajadores del Hospital de Ni\u00f1os eligieron ayer 9 delegados de ATE"},"content":{"rendered":"<p><em>Con alta participaci\u00f3n, los trabajadores\u00a0eligieron\u00a0ayer al cuerpo de \u00a0delegados del Hospital de Ni\u00f1os. Entre los compa\u00f1eros electos se encuentran los dos que se encuentran\u00a0judicializados por la denuncia del director del centro de salud.<\/em><\/p>\n<p><a href=\"http:\/\/www.atecordoba.org\/wp-content\/uploads\/2014\/12\/conteo-de-votos_hosp-ni\u00f1os-e1418937119856.jpg\"><img loading=\"lazy\" decoding=\"async\" class=\"aligncenter size-full wp-image-4939\" src=\"http:\/\/www.atecordoba.org\/wp-content\/uploads\/2014\/12\/conteo-de-votos_hosp-ni\u00f1os-e1418937119856.jpg\" alt=\"conteo de votos_hosp ni\u00f1os\" width=\"500\" height=\"281\" \/><\/a><\/p>\n<p>La elecci\u00f3n se desarroll\u00f3 durante toda la jornada de ayer y participaron 239 votantes. Tras realizar el conteo, resultaron elegidos como delegados los compa\u00f1eros: Virginia L\u00e1zaro, Santiago Belizan, Pablo Jodar, In\u00e9s Susana Sabaducci, Estela Maris Salas, Luis G\u00f3mez, Thelma Rivarola, Juan Pablo Mansilla y Maricel Romero.<\/p>\n<p><a href=\"http:\/\/www.atecordoba.org\/wp-content\/uploads\/2014\/12\/votando_hosp-de-ni\u00f1os4-e1418937932105.jpg\"><img loading=\"lazy\" decoding=\"async\" class=\"aligncenter size-full wp-image-4940\" src=\"http:\/\/www.atecordoba.org\/wp-content\/uploads\/2014\/12\/votando_hosp-de-ni\u00f1os4-e1418937932105.jpg\" alt=\"votando_hosp de ni\u00f1os4\" width=\"281\" height=\"500\" \/><\/a><\/p>\n<p>&nbsp;<\/p>\n<p>Los delegados tendr\u00e1n mandato por los pr\u00f3ximos dos a\u00f1os y se enfrentan al embate de la direcci\u00f3n del nosocomio, que denunci\u00f3 penalmente a dos delegados. Se trata justamente de los compa\u00f1eros Belizan y L\u00e1zaro, que ayer recibieron la ratificaci\u00f3n de la confianza de parte de los trabajadores del hospital.<\/p>\n<p>De esta forma, los compa\u00f1eros enviaron un mensaje a la Direcci\u00f3n en el sentido que no aceptar\u00e1n persecuciones en el centro de salud. Se destac\u00f3 la participaci\u00f3n en la elecci\u00f3n de personal administrativo.<\/p>\n<p><strong>Presentaci\u00f3n en tribunales<\/strong><\/p>\n<p>Hoy por la ma\u00f1ana, los delegados L\u00e1zaro y Belizan se presentaron a la fiscal\u00eda de distrito\u00a0II, turno\u00a0III, para declara ante el fiscal Pedro Caballero por la denuncia presentada por el director del hospital,\u00a0N\u00e9stor Perotti, bajo la figura de &#8216;turbaci\u00f3n&#8217;.<\/p>\n<p>Acompa\u00f1ados por los miembros de Comisi\u00f3n Directiva Daniel Pawluchuzk, secretario de Prensa, Eduardo Pereyra, vocal, y el letrado de ATE, Eugenio Biafore, los compa\u00f1eros\u00a0negaron participaci\u00f3n alguna en el delito.<\/p>\n<p>Otros tres trabajadores se encuentran imputados por el mismo delito, lo que da cuenta del nivel de persecuci\u00f3n gremial que el gobierno de la provincia pretende imponer dentro del hospital.<\/p>\n<p>&nbsp;<\/p>\n<p>&nbsp;<\/p>\n","protected":false},"excerpt":{"rendered":"<p>Con alta participaci\u00f3n, los trabajadores\u00a0eligieron\u00a0ayer al cuerpo de \u00a0delegados del Hospital de Ni\u00f1os. Entre los compa\u00f1eros electos se encuentran los dos que se encuentran\u00a0judicializados por la denuncia del director del centro de salud. La elecci\u00f3n se desarroll\u00f3 durante toda la jornada de ayer y participaron 239 votantes. Tras realizar el conteo, resultaron elegidos como delegados [&hellip;]<\/p>\n","protected":false},"author":1,"featured_media":19220,"comment_status":"open","ping_status":"open","sticky":false,"template":"","format":"standard","meta":{"_exactmetrics_skip_tracking":false,"_exactmetrics_sitenote_active":false,"_exactmetrics_sitenote_note":"","_exactmetrics_sitenote_category":0,"jnews-multi-image_gallery":[],"jnews_single_post":[],"jnews_primary_category":[],"jnews_social_meta":[],"jnews_review":[],"enable_review":"","type":"","name":"","summary":"","brand":"","sku":"","good":[],"bad":[],"score_override":"","override_value":"","rating":[],"price":[],"jnews_override_counter":[],"jnews_post_split":[],"footnotes":""},"categories":[7,8],"tags":[],"class_list":["post-4938","post","type-post","status-publish","format-standard","has-post-thumbnail","hentry","category-hospitales","category-provinciales"],"jetpack_featured_media_url":"https:\/\/atecordoba.org\/wp-content\/uploads\/2020\/05\/logo-nuevochico-e1561581322808.png","_links":{"self":[{"href":"https:\/\/atecordoba.org\/index.php?rest_route=\/wp\/v2\/posts\/4938","targetHints":{"allow":["GET"]}}],"collection":[{"href":"https:\/\/atecordoba.org\/index.php?rest_route=\/wp\/v2\/posts"}],"about":[{"href":"https:\/\/atecordoba.org\/index.php?rest_route=\/wp\/v2\/types\/post"}],"author":[{"embeddable":true,"href":"https:\/\/atecordoba.org\/index.php?rest_route=\/wp\/v2\/users\/1"}],"replies":[{"embeddable":true,"href":"https:\/\/atecordoba.org\/index.php?rest_route=%2Fwp%2Fv2%2Fcomments&post=4938"}],"version-history":[{"count":0,"href":"https:\/\/atecordoba.org\/index.php?rest_route=\/wp\/v2\/posts\/4938\/revisions"}],"wp:featuredmedia":[{"embeddable":true,"href":"https:\/\/atecordoba.org\/index.php?rest_route=\/wp\/v2\/media\/19220"}],"wp:attachment":[{"href":"https:\/\/atecordoba.org\/index.php?rest_route=%2Fwp%2Fv2%2Fmedia&parent=4938"}],"wp:term":[{"taxonomy":"category","embeddable":true,"href":"https:\/\/atecordoba.org\/index.php?rest_route=%2Fwp%2Fv2%2Fcategories&post=4938"},{"taxonomy":"post_tag","embeddable":true,"href":"https:\/\/atecordoba.org\/index.php?rest_route=%2Fwp%2Fv2%2Ftags&post=4938"}],"curies":[{"name":"wp","href":"https:\/\/api.w.org\/{rel}","templated":true}]}}