{"id":49379,"date":"2025-06-30T11:34:00","date_gmt":"2025-06-30T14:34:00","guid":{"rendered":"https:\/\/atecordoba.org\/?p=49379"},"modified":"2025-06-30T11:34:48","modified_gmt":"2025-06-30T14:34:48","slug":"49379","status":"publish","type":"post","link":"https:\/\/atecordoba.org\/?p=49379","title":{"rendered":"27 de junio: Sin estatales no hay sostenimiento de los derechos ciudadanos"},"content":{"rendered":"<p><img loading=\"lazy\" decoding=\"async\" class=\"aligncenter wp-image-49380 \" src=\"https:\/\/atecordoba.org\/wp-content\/uploads\/2025\/06\/dia-del-estatal-1024x600.jpeg\" alt=\"\" width=\"605\" height=\"354\" \/>El 27 de junio se conmemora el D\u00eda de la y el trabajador del Estado en Argentina desde 1978, celebraci\u00f3n que incluye asueto administrativo en el Estado nacional que fue reafirmada por la Justicia frente al inconstitucional Decreto de Necesidad y Urgencia (DNU) que hab\u00eda firmado Milei en un ataque m\u00e1s contra las y los estatales.<\/p>\n<p>Es importante recordar que la fecha fue declarada como jornada no laborable a trav\u00e9s de la Ley 26.876 (2013) que fue promovida por el entonces diputado nacional V\u00edctor De Gennaro, a iniciativa de la Asociaci\u00f3n Trabajadores del Estado (ATE) y la Confederaci\u00f3n Latinoamericana y del Caribe de Trabajadores Estatales (CLATE). La misma conmemora el momento en que la Organizaci\u00f3n Internacional del Trabajo (OIT), en 1978, adopt\u00f3 el Convenio N\u00ba 151 y la Recomendaci\u00f3n N\u00ba 159 vinculados al derecho a la negociaci\u00f3n colectiva y las relaciones de trabajo en la administraci\u00f3n p\u00fablica.<\/p>\n<p>En Argentina, el antecedente clave para este reconocimiento lo dar\u00eda la promulgaci\u00f3n de la Ley de Negociaci\u00f3n Colectiva 24.185, m\u00e1s conocida como la Ley Abdala, promulgada en 1992 que habilit\u00f3 la negociaci\u00f3n colectiva en paritarias como mecanismo para la discusi\u00f3n salarial y la ampliaci\u00f3n de derechos de los trabajadores estatales. Con ella se establecieron las bases para que los sindicatos puedan discutir las condiciones laborales y salariales con el Gobierno, buscando un equilibrio entre los intereses de los trabajadores y las necesidades del Estado.<\/p>\n<p>\u00bfQu\u00e9 simboliza la identidad de la trabajadora y trabajador estatal en Argentina hoy? \u00bfPor qu\u00e9 el Gobierno nacional de Javier Milei pretende eliminar su figura?<\/p>\n<p>La construcci\u00f3n del colectivo estatal fue y es un acto pol\u00edtico, simb\u00f3lico y cultural que cobra especial significado en el contexto actual, donde el Gobierno nacional pone en tensi\u00f3n su sentido m\u00e1s fundacional. Ejemplo de esto es la reciente disposici\u00f3n anunciada por el vocero presidencial Manuel Adorni de eliminar la fecha conmemorativa del D\u00eda del Trabajador del Estado por decreto. Esto representa un acto desp\u00f3tico propio de un r\u00e9gimen autoritario dado que s\u00f3lo el Congreso de la Naci\u00f3n puede derogar una ley que \u00e9l mismo sancion\u00f3.<\/p>\n<p>Por eso hoy es imperativo que las y los trabajadores organizados salgan a la calle y se levanten contra la opresi\u00f3n, embanderados en la lucha por la Justicia Social. \u201cLa identidad no es una esencia, es una producci\u00f3n constante. No est\u00e1 en el espejo, sino en la calle, en la palabra compartida, en el conflicto\u201d, como observ\u00f3 la antrop\u00f3loga y activista feminista Rita Segato.<\/p>\n<p>Pocas veces a lo largo de la historia argentina ha sido tan desvalorizada la misi\u00f3n del Estado, como en este tiempo. Los 47.000 estatales despedidos desde diciembre del 2023 a la fecha no solo significan miles de familias sin sustento material sino tambi\u00e9n un grave deterioro de la calidad de los servicios y prestaciones que reciben millones de ciudadanos. Son las y los estatales quienes permiten garantizar el derecho a la salud, a la educaci\u00f3n, a la administraci\u00f3n y gesti\u00f3n p\u00fablica, al mantenimiento, limpieza y vigilancia, entre otras tareas imprescindibles.<\/p>\n<p>Para lograr este desmembramiento del Estado, el Gobierno cont\u00f3 con la complicidad de los medios hegem\u00f3nicos de comunicaci\u00f3n masiva. A trav\u00e9s de ellos logr\u00f3 robustecer los estereotipos desvalorizadores de la identidad del trabajador y trabajadora del Estado. Sin embargo es central preguntarse: \u00bfA qui\u00e9n o qui\u00e9nes beneficia una comunidad sin memoria, sin identidad y sin organizaci\u00f3n colectiva?\u00a0 \u00bfA qu\u00e9 estructuras de poder favorece el rol pasivo de una sociedad?<\/p>\n<p>Por eso, erigida en defensa de un mundo m\u00e1s justo y democr\u00e1tico, la Asociaci\u00f3n Trabajadores del Estado seguir\u00e1 impulsada en su trayectoria centenaria y frenar\u00e1 el ataque al rol del Estado y preservar\u00e1 la funci\u00f3n clave que cumple en la vida de la sociedad.<\/p>\n","protected":false},"excerpt":{"rendered":"<p>El 27 de junio se conmemora el D\u00eda de la y el trabajador del Estado en Argentina desde 1978, celebraci\u00f3n que incluye asueto administrativo en el Estado nacional que fue reafirmada por la Justicia frente al inconstitucional Decreto de Necesidad y Urgencia (DNU) que hab\u00eda firmado Milei en un ataque m\u00e1s contra las y los [&hellip;]<\/p>\n","protected":false},"author":7,"featured_media":49380,"comment_status":"open","ping_status":"open","sticky":false,"template":"","format":"standard","meta":{"_exactmetrics_skip_tracking":false,"_exactmetrics_sitenote_active":false,"_exactmetrics_sitenote_note":"","_exactmetrics_sitenote_category":0,"jnews-multi-image_gallery":[],"jnews_single_post":{"format":"standard","override":[{"template":"1","parallax":"1","fullscreen":"1","layout":"no-sidebar-narrow","sidebar":"default-sidebar","second_sidebar":"default-sidebar","sticky_sidebar":"1","share_position":"bottom","share_float_style":"share-monocrhome","show_share_counter":"1","show_view_counter":"1","show_post_meta":"1","show_post_author_image":"1","show_post_date":"1","post_date_format":"default","post_date_format_custom":"Y\/m\/d","show_post_category":"1","show_post_reading_time":"0","post_reading_time_wpm":"300","post_calculate_word_method":"str_word_count","show_zoom_button":"0","zoom_button_out_step":"2","zoom_button_in_step":"3","show_post_tag":"1","number_popup_post":"1","show_post_related":"1","show_inline_post_related":"0"}],"image_override":[{"single_post_thumbnail_size":"crop-500","single_post_gallery_size":"crop-500"}],"trending_post_position":"meta","trending_post_label":"Trending","sponsored_post_label":"Sponsored by","disable_ad":"0"},"jnews_primary_category":[],"jnews_social_meta":[],"jnews_review":[],"enable_review":"","type":"percentage","name":"","summary":"","brand":"","sku":"","good":[],"bad":[],"score_override":"","override_value":"","rating":[],"price":[],"jnews_override_counter":{"view_counter_number":"0","share_counter_number":"0","like_counter_number":"0","dislike_counter_number":"0"},"jnews_post_split":{"post_split":[{"template":"1","tag":"h2","numbering":"asc","mode":"normal","first":"0","enable_toc":"0","toc_type":"normal"}]},"footnotes":""},"categories":[756],"tags":[],"class_list":["post-49379","post","type-post","status-publish","format-standard","has-post-thumbnail","hentry","category-consejo-directivo-nacional-cdn"],"jetpack_featured_media_url":"https:\/\/atecordoba.org\/wp-content\/uploads\/2025\/06\/dia-del-estatal-e1751294032424.jpeg","_links":{"self":[{"href":"https:\/\/atecordoba.org\/index.php?rest_route=\/wp\/v2\/posts\/49379","targetHints":{"allow":["GET"]}}],"collection":[{"href":"https:\/\/atecordoba.org\/index.php?rest_route=\/wp\/v2\/posts"}],"about":[{"href":"https:\/\/atecordoba.org\/index.php?rest_route=\/wp\/v2\/types\/post"}],"author":[{"embeddable":true,"href":"https:\/\/atecordoba.org\/index.php?rest_route=\/wp\/v2\/users\/7"}],"replies":[{"embeddable":true,"href":"https:\/\/atecordoba.org\/index.php?rest_route=%2Fwp%2Fv2%2Fcomments&post=49379"}],"version-history":[{"count":2,"href":"https:\/\/atecordoba.org\/index.php?rest_route=\/wp\/v2\/posts\/49379\/revisions"}],"predecessor-version":[{"id":49382,"href":"https:\/\/atecordoba.org\/index.php?rest_route=\/wp\/v2\/posts\/49379\/revisions\/49382"}],"wp:featuredmedia":[{"embeddable":true,"href":"https:\/\/atecordoba.org\/index.php?rest_route=\/wp\/v2\/media\/49380"}],"wp:attachment":[{"href":"https:\/\/atecordoba.org\/index.php?rest_route=%2Fwp%2Fv2%2Fmedia&parent=49379"}],"wp:term":[{"taxonomy":"category","embeddable":true,"href":"https:\/\/atecordoba.org\/index.php?rest_route=%2Fwp%2Fv2%2Fcategories&post=49379"},{"taxonomy":"post_tag","embeddable":true,"href":"https:\/\/atecordoba.org\/index.php?rest_route=%2Fwp%2Fv2%2Ftags&post=49379"}],"curies":[{"name":"wp","href":"https:\/\/api.w.org\/{rel}","templated":true}]}}