{"id":49372,"date":"2025-06-30T11:20:20","date_gmt":"2025-06-30T14:20:20","guid":{"rendered":"https:\/\/atecordoba.org\/?p=49372"},"modified":"2025-06-30T11:27:26","modified_gmt":"2025-06-30T14:27:26","slug":"los-hornillos-asamblea-frente-a-la-precarizacion","status":"publish","type":"post","link":"https:\/\/atecordoba.org\/?p=49372","title":{"rendered":"Los Hornillos: asamblea frente a la precarizaci\u00f3n"},"content":{"rendered":"<p><img loading=\"lazy\" decoding=\"async\" class=\"aligncenter wp-image-49373 \" src=\"https:\/\/atecordoba.org\/wp-content\/uploads\/2025\/06\/WhatsApp-Image-2025-06-26-at-12.51.50-1-2-1024x460.jpeg\" alt=\"\" width=\"612\" height=\"275\" srcset=\"https:\/\/atecordoba.org\/wp-content\/uploads\/2025\/06\/WhatsApp-Image-2025-06-26-at-12.51.50-1-2-1024x460.jpeg 1024w, https:\/\/atecordoba.org\/wp-content\/uploads\/2025\/06\/WhatsApp-Image-2025-06-26-at-12.51.50-1-2-300x135.jpeg 300w, https:\/\/atecordoba.org\/wp-content\/uploads\/2025\/06\/WhatsApp-Image-2025-06-26-at-12.51.50-1-2-768x345.jpeg 768w, https:\/\/atecordoba.org\/wp-content\/uploads\/2025\/06\/WhatsApp-Image-2025-06-26-at-12.51.50-1-2-750x337.jpeg 750w, https:\/\/atecordoba.org\/wp-content\/uploads\/2025\/06\/WhatsApp-Image-2025-06-26-at-12.51.50-1-2-1140x512.jpeg 1140w, https:\/\/atecordoba.org\/wp-content\/uploads\/2025\/06\/WhatsApp-Image-2025-06-26-at-12.51.50-1-2.jpeg 1280w\" sizes=\"auto, (max-width: 612px) 100vw, 612px\" \/>Hoy se llevar\u00e1 a cabo una asamblea de trabajadores y trabajadoras municipales en la Comuna de Los Hornillos, frente a las amenazas del Departamento Ejecutivo de profundizar la precarizaci\u00f3n laboral, anunciando que rebajar\u00eda las y los contratados a la condici\u00f3n de monotributistas, perdiendo los aportes previsionales, la obra social, vacaciones pagas y dem\u00e1s derechos establecidos por la Constituci\u00f3n y la normativa laboral vigente.<\/p>\n<p>La presidenta comunal adujo falta de fondos por el aumento de prestaciones sociales, ante el aumento de la demanda por el ajuste que impulsa el gobierno de Javier Milei. De esta forma, el Ejecutivo apunta a los y las empleadas como quienes deben pagar con sus condiciones laborales el ajuste interno en Los Hornillos, a pesar de contar con largos a\u00f1os de antig\u00fcedad (hasta 15 en algunos casos) y reunir los requisitos para pasar a planta permanente conforme lo establece la legislaci\u00f3n, incluido el Estatuto Municipal.<\/p>\n<p>En ese marco, el personal comenzar\u00e1 a las 12 horas y se extender\u00e1 hasta la 14 horas.<\/p>\n<p>\u201cEsto va a perjudicar a la comuna porque en el caso de un juicio paga el pueblo no la jefa comunal, ya que como monotributistas los empleados van a perder muchos derechos y, como siempre, los empleados terminan siendo rehenes del partido pol\u00edtico que gana las elecciones\u201d,<a href=\"https:\/\/atecordoba.org\/?p=49325\"> hab\u00eda advertido el secretario Gremial Jorge Chalup<\/a> el jueves pasado a la prensa local.<\/p>\n<p>Al mismo tiempo de impulsar con la asamblea, ATE solicit\u00f3 una audiencia con la jefa comunal Carolina Caballero a los fines de abordar un conflicto de exclusiva responsabilidad de la funcionaria.<\/p>\n<p><a href=\"https:\/\/atecordoba.org\/wp-content\/uploads\/2025\/06\/Audiencia-Los-Hornillos.pdf\" class=\"pdfemb-viewer\" style=\"\" data-width=\"max\" data-height=\"max\" data-toolbar=\"bottom\" data-toolbar-fixed=\"off\">Audiencia Los Hornillos<\/a> <a href=\"https:\/\/atecordoba.org\/wp-content\/uploads\/2025\/06\/Los-Hornillos-Asamblea.pdf\" class=\"pdfemb-viewer\" style=\"\" data-width=\"max\" data-height=\"max\" data-toolbar=\"bottom\" data-toolbar-fixed=\"off\">Los Hornillos- Asamblea<\/a><\/p>\n","protected":false},"excerpt":{"rendered":"<p>Hoy se llevar\u00e1 a cabo una asamblea de trabajadores y trabajadoras municipales en la Comuna de Los Hornillos, frente a las amenazas del Departamento Ejecutivo de profundizar la precarizaci\u00f3n laboral, anunciando que rebajar\u00eda las y los contratados a la condici\u00f3n de monotributistas, perdiendo los aportes previsionales, la obra social, vacaciones pagas y dem\u00e1s derechos establecidos [&hellip;]<\/p>\n","protected":false},"author":7,"featured_media":49373,"comment_status":"open","ping_status":"open","sticky":false,"template":"","format":"standard","meta":{"_exactmetrics_skip_tracking":false,"_exactmetrics_sitenote_active":false,"_exactmetrics_sitenote_note":"","_exactmetrics_sitenote_category":0,"jnews-multi-image_gallery":[],"jnews_single_post":{"format":"standard","override":[{"template":"1","parallax":"1","fullscreen":"1","layout":"no-sidebar-narrow","sidebar":"default-sidebar","second_sidebar":"default-sidebar","sticky_sidebar":"1","share_position":"bottom","share_float_style":"share-monocrhome","show_share_counter":"1","show_view_counter":"1","show_post_meta":"1","show_post_author_image":"1","show_post_date":"1","post_date_format":"default","post_date_format_custom":"Y\/m\/d","show_post_category":"1","show_post_reading_time":"0","post_reading_time_wpm":"300","post_calculate_word_method":"str_word_count","show_zoom_button":"0","zoom_button_out_step":"2","zoom_button_in_step":"3","show_post_tag":"1","number_popup_post":"1","show_post_related":"1","show_inline_post_related":"0"}],"image_override":[{"single_post_thumbnail_size":"crop-500","single_post_gallery_size":"crop-500"}],"trending_post_position":"meta","trending_post_label":"Trending","sponsored_post_label":"Sponsored by","disable_ad":"0"},"jnews_primary_category":[],"jnews_social_meta":[],"jnews_review":[],"enable_review":"","type":"percentage","name":"","summary":"","brand":"","sku":"","good":[],"bad":[],"score_override":"","override_value":"","rating":[],"price":[],"jnews_override_counter":{"view_counter_number":"0","share_counter_number":"0","like_counter_number":"0","dislike_counter_number":"0"},"jnews_post_split":{"post_split":[{"template":"1","tag":"h2","numbering":"asc","mode":"normal","first":"0","enable_toc":"0","toc_type":"normal"}]},"footnotes":""},"categories":[20],"tags":[],"class_list":["post-49372","post","type-post","status-publish","format-standard","has-post-thumbnail","hentry","category-municipales"],"jetpack_featured_media_url":"https:\/\/atecordoba.org\/wp-content\/uploads\/2025\/06\/WhatsApp-Image-2025-06-26-at-12.51.50-1-2.jpeg","_links":{"self":[{"href":"https:\/\/atecordoba.org\/index.php?rest_route=\/wp\/v2\/posts\/49372","targetHints":{"allow":["GET"]}}],"collection":[{"href":"https:\/\/atecordoba.org\/index.php?rest_route=\/wp\/v2\/posts"}],"about":[{"href":"https:\/\/atecordoba.org\/index.php?rest_route=\/wp\/v2\/types\/post"}],"author":[{"embeddable":true,"href":"https:\/\/atecordoba.org\/index.php?rest_route=\/wp\/v2\/users\/7"}],"replies":[{"embeddable":true,"href":"https:\/\/atecordoba.org\/index.php?rest_route=%2Fwp%2Fv2%2Fcomments&post=49372"}],"version-history":[{"count":2,"href":"https:\/\/atecordoba.org\/index.php?rest_route=\/wp\/v2\/posts\/49372\/revisions"}],"predecessor-version":[{"id":49377,"href":"https:\/\/atecordoba.org\/index.php?rest_route=\/wp\/v2\/posts\/49372\/revisions\/49377"}],"wp:featuredmedia":[{"embeddable":true,"href":"https:\/\/atecordoba.org\/index.php?rest_route=\/wp\/v2\/media\/49373"}],"wp:attachment":[{"href":"https:\/\/atecordoba.org\/index.php?rest_route=%2Fwp%2Fv2%2Fmedia&parent=49372"}],"wp:term":[{"taxonomy":"category","embeddable":true,"href":"https:\/\/atecordoba.org\/index.php?rest_route=%2Fwp%2Fv2%2Fcategories&post=49372"},{"taxonomy":"post_tag","embeddable":true,"href":"https:\/\/atecordoba.org\/index.php?rest_route=%2Fwp%2Fv2%2Ftags&post=49372"}],"curies":[{"name":"wp","href":"https:\/\/api.w.org\/{rel}","templated":true}]}}