{"id":49367,"date":"2025-06-30T11:00:09","date_gmt":"2025-06-30T14:00:09","guid":{"rendered":"https:\/\/atecordoba.org\/?p=49367"},"modified":"2025-06-30T11:00:09","modified_gmt":"2025-06-30T14:00:09","slug":"es-con-mas-sindicalizacion-ate-llama-a-la-afiliacion-masiva-tras-el-triunfo-judicial-por-el-dia-del-estatal","status":"publish","type":"post","link":"https:\/\/atecordoba.org\/?p=49367","title":{"rendered":"&#8220;Es con m\u00e1s sindicalizaci\u00f3n&#8221;: ATE llama a la afiliaci\u00f3n masiva tras el triunfo judicial por el D\u00eda del Estatal"},"content":{"rendered":"<p>&nbsp;<\/p>\n<p><img loading=\"lazy\" decoding=\"async\" class=\"aligncenter wp-image-49368 \" src=\"https:\/\/atecordoba.org\/wp-content\/uploads\/2025\/06\/WhatsApp-Image-2025-03-05-at-14.07.01-1-1024x472.jpeg\" alt=\"\" width=\"629\" height=\"290\" srcset=\"https:\/\/atecordoba.org\/wp-content\/uploads\/2025\/06\/WhatsApp-Image-2025-03-05-at-14.07.01-1-1024x472.jpeg 1024w, https:\/\/atecordoba.org\/wp-content\/uploads\/2025\/06\/WhatsApp-Image-2025-03-05-at-14.07.01-1-300x138.jpeg 300w, https:\/\/atecordoba.org\/wp-content\/uploads\/2025\/06\/WhatsApp-Image-2025-03-05-at-14.07.01-1-768x354.jpeg 768w, https:\/\/atecordoba.org\/wp-content\/uploads\/2025\/06\/WhatsApp-Image-2025-03-05-at-14.07.01-1-1536x708.jpeg 1536w, https:\/\/atecordoba.org\/wp-content\/uploads\/2025\/06\/WhatsApp-Image-2025-03-05-at-14.07.01-1-750x345.jpeg 750w, https:\/\/atecordoba.org\/wp-content\/uploads\/2025\/06\/WhatsApp-Image-2025-03-05-at-14.07.01-1-1140x525.jpeg 1140w, https:\/\/atecordoba.org\/wp-content\/uploads\/2025\/06\/WhatsApp-Image-2025-03-05-at-14.07.01-1.jpeg 1600w\" sizes=\"auto, (max-width: 629px) 100vw, 629px\" \/>(fuete: mundogremial.com)<\/p>\n<p>El secretario general de ATE Nacional,\u00a0Rodolfo Aguiar, <strong>llam\u00f3 a los trabajadores estatales a afiliarse masivamente al sindicato como respuesta a los ataques del Gobierno<\/strong>, tras el fallo judicial que dej\u00f3 sin efecto el\u00a0Decreto 430\/25, que buscaba eliminar el D\u00eda del Trabajador Estatal.<\/p>\n<p>&#8220;A un Gobierno que se ha dedicado de manera sistem\u00e1tica a atacar los derechos de los estatales, le tenemos que responder con m\u00e1s sindicalizaci\u00f3n. Afiliarnos es una manera de cuidarnos ante un gobierno tan cruel\u201d, se\u00f1al\u00f3 Aguiar.<\/p>\n<p>La resoluci\u00f3n, dictada por la jueza Moira Fullana del Juzgado Nacional de Primera Instancia del Trabajo N\u00b03, se notific\u00f3 mientras ATE celebraba su Congreso Nacional. Este triunfo judicial refuerza la postura del sindicato, que se posiciona como uno de los principales en la resistencia a las pol\u00edticas del presidente Javier Milei.<\/p>\n<blockquote><p>\u201cLo que pas\u00f3 con el D\u00eda del Trabajador Estatal prueba que el Gobierno no es invencible.\u00a0Tenemos que tener m\u00e1s poder para seguir transformando la realidad en nuestro favor, y eso lo vamos a lograr si somos m\u00e1s\u201d, afirm\u00f3 el dirigente.<\/p><\/blockquote>\n<p>En este contexto, Aguiar inst\u00f3 a los trabajadores a organizarse: <strong>\u201cTenemos que seguir afili\u00e1ndonos a ATE. En el sector p\u00fablico es el sindicato que ya demostr\u00f3 que no se doblega frente al Gobierno.<\/strong> Nuestra afiliaci\u00f3n al sindicato nos va a unir, nos va a juntar y de esta manera nos vamos a cuidar frente a la crueldad que tiene el Gobierno actual\u201d.<img loading=\"lazy\" decoding=\"async\" class=\"aligncenter wp-image-49369 \" src=\"https:\/\/atecordoba.org\/wp-content\/uploads\/2025\/06\/aguiar-1-1024x681.jpeg\" alt=\"\" width=\"606\" height=\"403\" srcset=\"https:\/\/atecordoba.org\/wp-content\/uploads\/2025\/06\/aguiar-1-1024x681.jpeg 1024w, https:\/\/atecordoba.org\/wp-content\/uploads\/2025\/06\/aguiar-1-300x200.jpeg 300w, https:\/\/atecordoba.org\/wp-content\/uploads\/2025\/06\/aguiar-1-768x511.jpeg 768w, https:\/\/atecordoba.org\/wp-content\/uploads\/2025\/06\/aguiar-1-750x499.jpeg 750w, https:\/\/atecordoba.org\/wp-content\/uploads\/2025\/06\/aguiar-1-1140x758.jpeg 1140w, https:\/\/atecordoba.org\/wp-content\/uploads\/2025\/06\/aguiar-1.jpeg 1512w\" sizes=\"auto, (max-width: 606px) 100vw, 606px\" \/><\/p>\n<p>Adem\u00e1s, propuso la realizaci\u00f3n de\u00a0asambleas en ministerios y organismos para promover la sindicalizaci\u00f3n y la instalaci\u00f3n de mesas de afiliaci\u00f3n\u00a0en dependencias con gran cantidad de trabajadores.<\/p>\n<p><strong>ATE, que este a\u00f1o celebr\u00f3 su centenario, cuenta con casi medio mill\u00f3n de afiliados entre trabajadores p\u00fablicos nacionales, provinciales y municipales.<\/strong> El sindicato se consolida como una herramienta clave para enfrentar las pol\u00edticas del Gobierno, y su llamado a la afiliaci\u00f3n masiva busca fortalecer la unidad y la resistencia frente a lo que Aguiar describi\u00f3 como un Ejecutivo que act\u00faa con \u201ccrueldad\u201d contra los empleados p\u00fablicos.<\/p>\n","protected":false},"excerpt":{"rendered":"<p>&nbsp; (fuete: mundogremial.com) El secretario general de ATE Nacional,\u00a0Rodolfo Aguiar, llam\u00f3 a los trabajadores estatales a afiliarse masivamente al sindicato como respuesta a los ataques del Gobierno, tras el fallo judicial que dej\u00f3 sin efecto el\u00a0Decreto 430\/25, que buscaba eliminar el D\u00eda del Trabajador Estatal. &#8220;A un Gobierno que se ha dedicado de manera sistem\u00e1tica [&hellip;]<\/p>\n","protected":false},"author":7,"featured_media":49368,"comment_status":"open","ping_status":"open","sticky":false,"template":"","format":"standard","meta":{"_exactmetrics_skip_tracking":false,"_exactmetrics_sitenote_active":false,"_exactmetrics_sitenote_note":"","_exactmetrics_sitenote_category":0,"jnews-multi-image_gallery":[],"jnews_single_post":{"format":"standard","override":[{"template":"1","parallax":"1","fullscreen":"1","layout":"no-sidebar-narrow","sidebar":"default-sidebar","second_sidebar":"default-sidebar","sticky_sidebar":"1","share_position":"bottom","share_float_style":"share-monocrhome","show_share_counter":"1","show_view_counter":"1","show_post_meta":"1","show_post_author_image":"1","show_post_date":"1","post_date_format":"default","post_date_format_custom":"Y\/m\/d","show_post_category":"1","show_post_reading_time":"0","post_reading_time_wpm":"300","post_calculate_word_method":"str_word_count","show_zoom_button":"0","zoom_button_out_step":"2","zoom_button_in_step":"3","show_post_tag":"1","number_popup_post":"1","show_post_related":"1","show_inline_post_related":"0"}],"image_override":[{"single_post_thumbnail_size":"crop-500","single_post_gallery_size":"crop-500"}],"trending_post_position":"meta","trending_post_label":"Trending","sponsored_post_label":"Sponsored by","disable_ad":"0"},"jnews_primary_category":[],"jnews_social_meta":[],"jnews_review":[],"enable_review":"","type":"percentage","name":"","summary":"","brand":"","sku":"","good":[],"bad":[],"score_override":"","override_value":"","rating":[],"price":[],"jnews_override_counter":{"view_counter_number":"0","share_counter_number":"0","like_counter_number":"0","dislike_counter_number":"0"},"jnews_post_split":{"post_split":[{"template":"1","tag":"h2","numbering":"asc","mode":"normal","first":"0","enable_toc":"0","toc_type":"normal"}]},"footnotes":""},"categories":[756],"tags":[],"class_list":["post-49367","post","type-post","status-publish","format-standard","has-post-thumbnail","hentry","category-consejo-directivo-nacional-cdn"],"jetpack_featured_media_url":"https:\/\/atecordoba.org\/wp-content\/uploads\/2025\/06\/WhatsApp-Image-2025-03-05-at-14.07.01-1.jpeg","_links":{"self":[{"href":"https:\/\/atecordoba.org\/index.php?rest_route=\/wp\/v2\/posts\/49367","targetHints":{"allow":["GET"]}}],"collection":[{"href":"https:\/\/atecordoba.org\/index.php?rest_route=\/wp\/v2\/posts"}],"about":[{"href":"https:\/\/atecordoba.org\/index.php?rest_route=\/wp\/v2\/types\/post"}],"author":[{"embeddable":true,"href":"https:\/\/atecordoba.org\/index.php?rest_route=\/wp\/v2\/users\/7"}],"replies":[{"embeddable":true,"href":"https:\/\/atecordoba.org\/index.php?rest_route=%2Fwp%2Fv2%2Fcomments&post=49367"}],"version-history":[{"count":1,"href":"https:\/\/atecordoba.org\/index.php?rest_route=\/wp\/v2\/posts\/49367\/revisions"}],"predecessor-version":[{"id":49370,"href":"https:\/\/atecordoba.org\/index.php?rest_route=\/wp\/v2\/posts\/49367\/revisions\/49370"}],"wp:featuredmedia":[{"embeddable":true,"href":"https:\/\/atecordoba.org\/index.php?rest_route=\/wp\/v2\/media\/49368"}],"wp:attachment":[{"href":"https:\/\/atecordoba.org\/index.php?rest_route=%2Fwp%2Fv2%2Fmedia&parent=49367"}],"wp:term":[{"taxonomy":"category","embeddable":true,"href":"https:\/\/atecordoba.org\/index.php?rest_route=%2Fwp%2Fv2%2Fcategories&post=49367"},{"taxonomy":"post_tag","embeddable":true,"href":"https:\/\/atecordoba.org\/index.php?rest_route=%2Fwp%2Fv2%2Ftags&post=49367"}],"curies":[{"name":"wp","href":"https:\/\/api.w.org\/{rel}","templated":true}]}}