{"id":49360,"date":"2025-06-27T13:17:30","date_gmt":"2025-06-27T16:17:30","guid":{"rendered":"https:\/\/atecordoba.org\/?p=49360"},"modified":"2025-06-27T13:17:30","modified_gmt":"2025-06-27T16:17:30","slug":"68-congreso-ordinario-de-ate-congresales-nacionales-aprobaron-por-unanimidad-la-memoria-y-balance-2024","status":"publish","type":"post","link":"https:\/\/atecordoba.org\/?p=49360","title":{"rendered":"68\u00b0 Congreso Ordinario de ATE: Congresales nacionales aprobaron por unanimidad la Memoria y Balance 2024"},"content":{"rendered":"<p><img loading=\"lazy\" decoding=\"async\" class=\"aligncenter wp-image-49361 \" src=\"https:\/\/atecordoba.org\/wp-content\/uploads\/2025\/06\/Votacion-II-1024x683.jpeg\" alt=\"\" width=\"615\" height=\"410\" srcset=\"https:\/\/atecordoba.org\/wp-content\/uploads\/2025\/06\/Votacion-II-1024x683.jpeg 1024w, https:\/\/atecordoba.org\/wp-content\/uploads\/2025\/06\/Votacion-II-300x200.jpeg 300w, https:\/\/atecordoba.org\/wp-content\/uploads\/2025\/06\/Votacion-II-768x512.jpeg 768w, https:\/\/atecordoba.org\/wp-content\/uploads\/2025\/06\/Votacion-II-1536x1024.jpeg 1536w, https:\/\/atecordoba.org\/wp-content\/uploads\/2025\/06\/Votacion-II-750x500.jpeg 750w, https:\/\/atecordoba.org\/wp-content\/uploads\/2025\/06\/Votacion-II-1140x760.jpeg 1140w, https:\/\/atecordoba.org\/wp-content\/uploads\/2025\/06\/Votacion-II.jpeg 1599w\" sizes=\"auto, (max-width: 615px) 100vw, 615px\" \/>Con la participaci\u00f3n de 163 congresales y congresalas, este jueves 26 de junio, se realiz\u00f3 el 68\u00b0 Congreso Ordinario Nacional de la Asociaci\u00f3n Trabajadores del Estado (ATE), donde se aprob\u00f3 por unanimidad la Memoria y el Balance del ejercicio 2024.<\/p>\n<p>Tras el llamado a sesi\u00f3n dispuesto por el Secretario General del Consejo Directivo Nacional, Rodolfo Aguiar, la Comisi\u00f3n de Poderes, conformada por las y los compa\u00f1eros\u00a0 Mariana Luj\u00e1n (Entre R\u00edos), Dora Fern\u00e1ndez (R\u00edo Negro), Claudia Rey (Buenos Aires), Mirta Di Paul (Chubut) y Daniel Figueroa (Santiago del Estero), confirm\u00f3 que estaba dado el Qu\u00f3rum para que se d\u00e9 inicio al Congreso.<\/p>\n<p>Luego de esta apertura se hizo presente la mesa de conducci\u00f3n del Congreso, conformada por los 12 integrantes de la conducci\u00f3n nacional de ATE y la presidenta del Centro Nacional de Trabajadores Jubilados y Pensionados (CNTJyP) de ATE, Noelia Guzm\u00e1n. Enseguida comparti\u00f3 la Memoria\u00a0 audiovisual 2024, que muestran los hechos m\u00e1s significativos desde el inicio de la conducci\u00f3n, en noviembre del 2023 y de todo el 2024, un a\u00f1o convulsionado por el ajuste que impuso el Gobierno de Javier Milei y que mostr\u00f3 a una ATE fuerte y federal con su permanente presencia en las calles ratificando el rol del Estado.<img loading=\"lazy\" decoding=\"async\" class=\"aligncenter wp-image-49362 \" src=\"https:\/\/atecordoba.org\/wp-content\/uploads\/2025\/06\/Conduccion-1024x682-1.jpeg\" alt=\"\" width=\"612\" height=\"408\" srcset=\"https:\/\/atecordoba.org\/wp-content\/uploads\/2025\/06\/Conduccion-1024x682-1.jpeg 1024w, https:\/\/atecordoba.org\/wp-content\/uploads\/2025\/06\/Conduccion-1024x682-1-300x200.jpeg 300w, https:\/\/atecordoba.org\/wp-content\/uploads\/2025\/06\/Conduccion-1024x682-1-768x512.jpeg 768w, https:\/\/atecordoba.org\/wp-content\/uploads\/2025\/06\/Conduccion-1024x682-1-750x500.jpeg 750w\" sizes=\"auto, (max-width: 612px) 100vw, 612px\" \/><\/p>\n<p>El 68\u00ba Congreso Ordinario de ATE sesion\u00f3 bajo los nombres de \u201cMaximiliano Kosteki y Dar\u00edo Santill\u00e1n\u201d qui\u00e9nes un mismo 26 de junio, pero del a\u00f1o 2022, fueron masacrados en la polic\u00eda bonaerense en la estaci\u00f3n Avellaneda, dando curso al fin del Gobierno de Eduardo Duhalde. Entre las y los invitados al Aniversario 100, estuvieron los ex Secretarios General con mandato cumplido V\u00edctor De Gennaro, Julio Fuentes y Hugo Godoy e hicieron llegar sus menciones Juan Gonz\u00e1lez y Pablo Micheli.<\/p>\n<p>Previo a la votaci\u00f3n de la Memoria y Balance, organizaciones sindicales\u00a0 nacionales e internacionales entregaron reconocimientos por el Centenario de la organizaci\u00f3n.<\/p>\n<p>Primero lleg\u00f3 el reconocimiento del dirigente de la Uni\u00f3n del Personal Jer\u00e1rquico del Banco de la Provincia de Buenos Aires (UPJ), Guillermo Lugones, qui\u00e9n en representaci\u00f3n de esa organizaci\u00f3n hizo entrega de una plaqueta.<\/p>\n<p>Seguidamente Daniel Yofra de la Federaci\u00f3n de Aceiteros destac\u00f3 la lucha de la ATE contra el ajuste que impone en gobierno nacional. En esa misma l\u00ednea Mat\u00edas Fachal, titular de la Federaci\u00f3n Judicial Argentina (FJA) hizo entrega de una plaqueta\u00a0 en reconocimiento a los 100 a\u00f1os de ATE. Luego destac\u00f3 la lucha de su organizaci\u00f3n con ATE y tambi\u00e9n con la CTAA, de la que forma parte, contra las pol\u00edticas del Gobierno de Javier Milei\u00a0 y destac\u00f3 el Plan de Lucha que desde ayer iniciaron los sindicatos que integran el Frente de Gremios Estatales (FGE).<img loading=\"lazy\" decoding=\"async\" class=\"aligncenter wp-image-49363 \" src=\"https:\/\/atecordoba.org\/wp-content\/uploads\/2025\/06\/Banco-1024x682-1.jpeg\" alt=\"\" width=\"618\" height=\"412\" srcset=\"https:\/\/atecordoba.org\/wp-content\/uploads\/2025\/06\/Banco-1024x682-1.jpeg 1024w, https:\/\/atecordoba.org\/wp-content\/uploads\/2025\/06\/Banco-1024x682-1-300x200.jpeg 300w, https:\/\/atecordoba.org\/wp-content\/uploads\/2025\/06\/Banco-1024x682-1-768x512.jpeg 768w, https:\/\/atecordoba.org\/wp-content\/uploads\/2025\/06\/Banco-1024x682-1-750x500.jpeg 750w\" sizes=\"auto, (max-width: 618px) 100vw, 618px\" \/><\/p>\n<p>El reconocimiento para la ATE tuvo su cierre con las palabras de Sergio Padilla, titular de la Confederaci\u00f3n Nacional de Servidores P\u00fablicos de la Rep\u00fablica Mexicana (CONFEPIDER), qui\u00e9n tambi\u00e9n otorg\u00f3 un presente dedicado a los 100 a\u00f1os de ATE. Junto a \u00e9l se hicieron presentes en el Congreso las y los integrantes de la reciente electa conducci\u00f3n de la Confederaci\u00f3n Latinoamericana y del Caribe de Trabajadores Estatales (CLATE), Joao Domingos, vicepresidente 1ero; Percy Oyola, vicepresidente 3ero; Mart\u00edn Pereira, Secretario General; Sergio Arnoud, Secretario General Adjunto; e Ibis Fern\u00e1ndez, Secretaria de Desarrollo Sustentable, dirigentes y dirigentes que llegaron acompa\u00f1ados el dirigente de ATE Julio Fuentes, reelecto como presidente de la CLATE.<\/p>\n<p>A continuaci\u00f3n, el Secretario General del Consejo Directivo Nacional (CDN), Rodolfo Aguiar, realiz\u00f3 la lectura del informe pol\u00edtico (VER INFORME COMPLETO EN NOTA APARTE) con eje en el ajuste impuesto sobre el Estado por el Gobierno de Javier Milei y que afecta tanto a las pol\u00edticas p\u00fablicas, despidos y salarios de estatales nacionales, y sobre las y los jubilados. Entre ello destac\u00f3 Aguiar que \u201cno s\u00f3lo ajustan al Estado tambi\u00e9n tratan de imponer ese ajuste con represi\u00f3n y con imposici\u00f3n\u00a0 del miedo como pol\u00edtica de Estado\u201d.<img loading=\"lazy\" decoding=\"async\" class=\"aligncenter wp-image-49364 \" src=\"https:\/\/atecordoba.org\/wp-content\/uploads\/2025\/06\/Homenaje-1024x682-1.jpeg\" alt=\"\" width=\"626\" height=\"417\" srcset=\"https:\/\/atecordoba.org\/wp-content\/uploads\/2025\/06\/Homenaje-1024x682-1.jpeg 1024w, https:\/\/atecordoba.org\/wp-content\/uploads\/2025\/06\/Homenaje-1024x682-1-300x200.jpeg 300w, https:\/\/atecordoba.org\/wp-content\/uploads\/2025\/06\/Homenaje-1024x682-1-768x512.jpeg 768w, https:\/\/atecordoba.org\/wp-content\/uploads\/2025\/06\/Homenaje-1024x682-1-750x500.jpeg 750w\" sizes=\"auto, (max-width: 626px) 100vw, 626px\" \/><\/p>\n<p>Frente a estas pol\u00edticas Aguiar destac\u00f3 el rol de la ATE en la resistencia subrayando que \u201cdesde diciembre del 2023, ni bien asumi\u00f3 su cargo, desde ATE encabezamos la lucha contra el ajuste\u201d y remarc\u00f3 que \u201ccada dirigente, delegadas y delegados, afiliadas y afiliados han encabezado la resistencia en todo el territorio\u201d. \u201cComo as\u00ed existen intendencias, nuestras 185 Seccionales son\u00a0 las intendencias que Ate tiene en todo el pa\u00eds\u201d.<\/p>\n<p>Respecto al ajuste que recae en el salario de las y los estatales subray\u00f3 que \u201cpor derecho el salario debe cumplir con las 9 funciones b\u00e1sicas que la constituci\u00f3n contempla\u201d que el Gobierno de Milei, terminando esta parte con una fuerte denuncia sobre el caballito de batalla del gobierno de La Libertad Avanza: \u201cen el reino de la libertad, no \u00fanico que no son libres son las paritarias\u201d, enfatiz\u00f3.<\/p>\n<p>Luego dijo que el manejo del Estado no se emparenta con la empresa privada \u201cporque el Estado no est\u00e1 para destrozar la vida de la gente como hace el gobierno\u201d.<\/p>\n<p>Ya para cerrar Aguiar y antes de votar convoc\u00f3 a las y los Congresales a \u201cseguir luchando hasta alcanzar una Patria, justa, libre y soberana\u201d. Despu\u00e9s las y los presentes aprobaron por unanimidad la Memoria y Balance 2024.<\/p>\n<p>Hacia el cierre del Congreso Ordinario tuvo la palabra el ex Secretario General de ATE e hist\u00f3rico dirigente, V\u00edctor De Gennaro, qui\u00e9n hizo un recorrido desde su primer cargo, como 7\u00b0 vocal, del cual este a\u00f1o cumplieron 50 a\u00f1os, como tambi\u00e9n del funcionamiento del Estado que por entonces contaba con 3.200 empresas p\u00fablicas y con participaci\u00f3n de las y los trabajadores estatales.<\/p>\n<p>De Gennaro cerr\u00f3 su discurso mostr\u00e1ndose convencido de que se puede derrotar a este gobierno: \u201chay un identidad que es invisible y con poder propio, y as\u00ed como algunos se sientes derrotados, otros como lo vimos ayer en la marcha del Frente de Gremios Estatales seguimos creyendo que ese poder invisible nos lleva a la victoria\u201d.<\/p>\n<p>Por \u00faltimo el Secretario General de la Central de los Trabajadores de Argentina Aut\u00f3noma (CTAA), Hugo Godoy, respald\u00f3 el informe pol\u00edtico de Aguiar y reivindic\u00f3 las acciones contra el gobierno de Milei expresando que \u201cno s\u00f3lo ATE es un sindicato transformador, tambi\u00e9n es el mejor ejemplo de lucha\u201d.<\/p>\n<p>&nbsp;<\/p>\n","protected":false},"excerpt":{"rendered":"<p>Con la participaci\u00f3n de 163 congresales y congresalas, este jueves 26 de junio, se realiz\u00f3 el 68\u00b0 Congreso Ordinario Nacional de la Asociaci\u00f3n Trabajadores del Estado (ATE), donde se aprob\u00f3 por unanimidad la Memoria y el Balance del ejercicio 2024. Tras el llamado a sesi\u00f3n dispuesto por el Secretario General del Consejo Directivo Nacional, Rodolfo [&hellip;]<\/p>\n","protected":false},"author":7,"featured_media":49362,"comment_status":"open","ping_status":"open","sticky":false,"template":"","format":"standard","meta":{"_exactmetrics_skip_tracking":false,"_exactmetrics_sitenote_active":false,"_exactmetrics_sitenote_note":"","_exactmetrics_sitenote_category":0,"jnews-multi-image_gallery":[],"jnews_single_post":{"format":"standard","override":[{"template":"1","parallax":"1","fullscreen":"1","layout":"no-sidebar-narrow","sidebar":"default-sidebar","second_sidebar":"default-sidebar","sticky_sidebar":"1","share_position":"bottom","share_float_style":"share-monocrhome","show_share_counter":"1","show_view_counter":"1","show_post_meta":"1","show_post_author_image":"1","show_post_date":"1","post_date_format":"default","post_date_format_custom":"Y\/m\/d","show_post_category":"1","show_post_reading_time":"0","post_reading_time_wpm":"300","post_calculate_word_method":"str_word_count","show_zoom_button":"0","zoom_button_out_step":"2","zoom_button_in_step":"3","show_post_tag":"1","number_popup_post":"1","show_post_related":"1","show_inline_post_related":"0"}],"image_override":[{"single_post_thumbnail_size":"crop-500","single_post_gallery_size":"crop-500"}],"trending_post_position":"meta","trending_post_label":"Trending","sponsored_post_label":"Sponsored by","disable_ad":"0"},"jnews_primary_category":[],"jnews_social_meta":[],"jnews_review":[],"enable_review":"","type":"percentage","name":"","summary":"","brand":"","sku":"","good":[],"bad":[],"score_override":"","override_value":"","rating":[],"price":[],"jnews_override_counter":{"view_counter_number":"0","share_counter_number":"0","like_counter_number":"0","dislike_counter_number":"0"},"jnews_post_split":{"post_split":[{"template":"1","tag":"h2","numbering":"asc","mode":"normal","first":"0","enable_toc":"0","toc_type":"normal"}]},"footnotes":""},"categories":[756],"tags":[],"class_list":["post-49360","post","type-post","status-publish","format-standard","has-post-thumbnail","hentry","category-consejo-directivo-nacional-cdn"],"jetpack_featured_media_url":"https:\/\/atecordoba.org\/wp-content\/uploads\/2025\/06\/Conduccion-1024x682-1.jpeg","_links":{"self":[{"href":"https:\/\/atecordoba.org\/index.php?rest_route=\/wp\/v2\/posts\/49360","targetHints":{"allow":["GET"]}}],"collection":[{"href":"https:\/\/atecordoba.org\/index.php?rest_route=\/wp\/v2\/posts"}],"about":[{"href":"https:\/\/atecordoba.org\/index.php?rest_route=\/wp\/v2\/types\/post"}],"author":[{"embeddable":true,"href":"https:\/\/atecordoba.org\/index.php?rest_route=\/wp\/v2\/users\/7"}],"replies":[{"embeddable":true,"href":"https:\/\/atecordoba.org\/index.php?rest_route=%2Fwp%2Fv2%2Fcomments&post=49360"}],"version-history":[{"count":1,"href":"https:\/\/atecordoba.org\/index.php?rest_route=\/wp\/v2\/posts\/49360\/revisions"}],"predecessor-version":[{"id":49365,"href":"https:\/\/atecordoba.org\/index.php?rest_route=\/wp\/v2\/posts\/49360\/revisions\/49365"}],"wp:featuredmedia":[{"embeddable":true,"href":"https:\/\/atecordoba.org\/index.php?rest_route=\/wp\/v2\/media\/49362"}],"wp:attachment":[{"href":"https:\/\/atecordoba.org\/index.php?rest_route=%2Fwp%2Fv2%2Fmedia&parent=49360"}],"wp:term":[{"taxonomy":"category","embeddable":true,"href":"https:\/\/atecordoba.org\/index.php?rest_route=%2Fwp%2Fv2%2Fcategories&post=49360"},{"taxonomy":"post_tag","embeddable":true,"href":"https:\/\/atecordoba.org\/index.php?rest_route=%2Fwp%2Fv2%2Ftags&post=49360"}],"curies":[{"name":"wp","href":"https:\/\/api.w.org\/{rel}","templated":true}]}}