{"id":49354,"date":"2025-06-27T10:37:27","date_gmt":"2025-06-27T13:37:27","guid":{"rendered":"https:\/\/atecordoba.org\/?p=49354"},"modified":"2025-06-27T10:37:27","modified_gmt":"2025-06-27T13:37:27","slug":"triunfo-judicial-de-ate-contra-el-gobierno-suspendieron-el-decreto-que-pretendia-eliminar-el-dia-del-trabajador-estatal","status":"publish","type":"post","link":"https:\/\/atecordoba.org\/?p=49354","title":{"rendered":"Triunfo Judicial de ATE contra el Gobierno: Suspendieron el Decreto que pretend\u00eda eliminar el D\u00eda del Trabajador Estatal"},"content":{"rendered":"<p><img loading=\"lazy\" decoding=\"async\" class=\"aligncenter wp-image-49355 \" src=\"https:\/\/atecordoba.org\/wp-content\/uploads\/2025\/06\/WhatsApp-Image-2025-06-26-at-7.21.10-PM-2-1024x683.jpeg\" alt=\"\" width=\"618\" height=\"412\" srcset=\"https:\/\/atecordoba.org\/wp-content\/uploads\/2025\/06\/WhatsApp-Image-2025-06-26-at-7.21.10-PM-2-1024x683.jpeg 1024w, https:\/\/atecordoba.org\/wp-content\/uploads\/2025\/06\/WhatsApp-Image-2025-06-26-at-7.21.10-PM-2-300x200.jpeg 300w, https:\/\/atecordoba.org\/wp-content\/uploads\/2025\/06\/WhatsApp-Image-2025-06-26-at-7.21.10-PM-2-768x512.jpeg 768w, https:\/\/atecordoba.org\/wp-content\/uploads\/2025\/06\/WhatsApp-Image-2025-06-26-at-7.21.10-PM-2-1536x1024.jpeg 1536w, https:\/\/atecordoba.org\/wp-content\/uploads\/2025\/06\/WhatsApp-Image-2025-06-26-at-7.21.10-PM-2-750x500.jpeg 750w, https:\/\/atecordoba.org\/wp-content\/uploads\/2025\/06\/WhatsApp-Image-2025-06-26-at-7.21.10-PM-2-1140x760.jpeg 1140w, https:\/\/atecordoba.org\/wp-content\/uploads\/2025\/06\/WhatsApp-Image-2025-06-26-at-7.21.10-PM-2.jpeg 1600w\" sizes=\"auto, (max-width: 618px) 100vw, 618px\" \/>La Justicia Laboral declar\u00f3 hizo lugar al recurso de amparo presentado por la ATE y suspendi\u00f3 los efectos del Decreto 430\/25 que pretend\u00eda eliminar el D\u00eda del Trabajador del Estado y se celebra hoy el viernes 27 de junio.<\/p>\n<p>\u201cSiempre supimos que este decreto era ileg\u00edtimo. Se trataba de una cuesti\u00f3n de tiempo y hoy tenemos que valorar que la Justicia haya actuado con rapidez para salvaguardar uno de los derechos que conquistamos los estatales ya hace d\u00e9cadas\u201d, indic\u00f3 Rodolfo Aguiar, Secretario General de ATE Nacional.<\/p>\n<p>La demanda fue tramitada por el Juzgado Nacional de Primera Instancia del Trabajo N\u00b03 y la resoluci\u00f3n tuvo la firma de la jueza Moira Fullana.<img loading=\"lazy\" decoding=\"async\" class=\"aligncenter wp-image-49356 \" src=\"https:\/\/atecordoba.org\/wp-content\/uploads\/2025\/06\/WhatsApp-Image-2025-06-26-at-7.21.10-PM-1024x683-1.jpeg\" alt=\"\" width=\"617\" height=\"411\" srcset=\"https:\/\/atecordoba.org\/wp-content\/uploads\/2025\/06\/WhatsApp-Image-2025-06-26-at-7.21.10-PM-1024x683-1.jpeg 1024w, https:\/\/atecordoba.org\/wp-content\/uploads\/2025\/06\/WhatsApp-Image-2025-06-26-at-7.21.10-PM-1024x683-1-300x200.jpeg 300w, https:\/\/atecordoba.org\/wp-content\/uploads\/2025\/06\/WhatsApp-Image-2025-06-26-at-7.21.10-PM-1024x683-1-768x512.jpeg 768w, https:\/\/atecordoba.org\/wp-content\/uploads\/2025\/06\/WhatsApp-Image-2025-06-26-at-7.21.10-PM-1024x683-1-750x500.jpeg 750w\" sizes=\"auto, (max-width: 617px) 100vw, 617px\" \/><\/p>\n<p>\u201cEsta decisi\u00f3n es muy importante porque frente a un Presidente que dice p\u00fablicamente que quiere ser cruel con los empleados p\u00fablicos, nosotros le respondimos con institucionalidad. Hoy le pusimos un l\u00edmite a los desquiciados que nos gobiernan. Queda claro que tenemos que luchar en todos los planos\u201d, agreg\u00f3 Rodolfo Aguiar.<\/p>\n<p>\u201cEl Empleo P\u00fablico ha ganado una batalla en la guerra contra la estigmatizaci\u00f3n que desde el poder se intenta. Que los empleados p\u00fablicos celebren en sus hogares con la frente en alto y junto a sus familias\u201d, concluy\u00f3 el Secretario General de ATE Nacional.<\/p>\n<p>La resoluci\u00f3n expresa detalla: \u201cAdmitir la viabilidad formal de la acci\u00f3n de amparo interpuesta; Hacer lugar a la medida cautelar peticionada y suspender provisoriamente los efectos del DNU 430\/25 en relaci\u00f3n con la Asociaci\u00f3n Trabajadores del Estado y los trabajadores representados por dicha entidad gremial hasta tanto se dicte sentencia definitiva; Diferir la imposici\u00f3n de costas y regulaci\u00f3n de honorarios para el momento en que se dicte el pronunciamiento definitivo sobre el fondo de la cuesti\u00f3n\u201d.<img loading=\"lazy\" decoding=\"async\" class=\"aligncenter wp-image-49357 \" src=\"https:\/\/atecordoba.org\/wp-content\/uploads\/2025\/06\/WhatsApp-Image-2025-06-26-at-7.21.10-PM-1-1024x683-1.jpeg\" alt=\"\" width=\"614\" height=\"409\" srcset=\"https:\/\/atecordoba.org\/wp-content\/uploads\/2025\/06\/WhatsApp-Image-2025-06-26-at-7.21.10-PM-1-1024x683-1.jpeg 1024w, https:\/\/atecordoba.org\/wp-content\/uploads\/2025\/06\/WhatsApp-Image-2025-06-26-at-7.21.10-PM-1-1024x683-1-300x200.jpeg 300w, https:\/\/atecordoba.org\/wp-content\/uploads\/2025\/06\/WhatsApp-Image-2025-06-26-at-7.21.10-PM-1-1024x683-1-768x512.jpeg 768w, https:\/\/atecordoba.org\/wp-content\/uploads\/2025\/06\/WhatsApp-Image-2025-06-26-at-7.21.10-PM-1-1024x683-1-750x500.jpeg 750w\" sizes=\"auto, (max-width: 614px) 100vw, 614px\" \/><\/p>\n<p>Esta definici\u00f3n fue celebrada por el sindicato que se encontraba celebrando su 68\u00b0 Congreso Nacional con la presencia de las conducciones de todas las provincias.<\/p>\n<p>El D\u00eda del Trabajador Estatal el 27 de junio fue sancionado por la Ley 26.876, promulgada en 2013. La misma conmemora el momento en que la Organizaci\u00f3n Internacional del Trabajo (OIT), en 1978, adopt\u00f3 el Convenio N\u00ba 151 y la Recomendaci\u00f3n N\u00ba 159 vinculados al derecho a la negociaci\u00f3n colectiva y las relaciones de trabajo en la administraci\u00f3n p\u00fablica.<\/p>\n<p>&nbsp;<\/p>\n","protected":false},"excerpt":{"rendered":"<p>La Justicia Laboral declar\u00f3 hizo lugar al recurso de amparo presentado por la ATE y suspendi\u00f3 los efectos del Decreto 430\/25 que pretend\u00eda eliminar el D\u00eda del Trabajador del Estado y se celebra hoy el viernes 27 de junio. \u201cSiempre supimos que este decreto era ileg\u00edtimo. Se trataba de una cuesti\u00f3n de tiempo y hoy [&hellip;]<\/p>\n","protected":false},"author":7,"featured_media":49355,"comment_status":"open","ping_status":"open","sticky":false,"template":"","format":"standard","meta":{"_exactmetrics_skip_tracking":false,"_exactmetrics_sitenote_active":false,"_exactmetrics_sitenote_note":"","_exactmetrics_sitenote_category":0,"jnews-multi-image_gallery":[],"jnews_single_post":{"format":"standard","override":[{"template":"1","parallax":"1","fullscreen":"1","layout":"no-sidebar-narrow","sidebar":"default-sidebar","second_sidebar":"default-sidebar","sticky_sidebar":"1","share_position":"bottom","share_float_style":"share-monocrhome","show_share_counter":"1","show_view_counter":"1","show_post_meta":"1","show_post_author_image":"1","show_post_date":"1","post_date_format":"default","post_date_format_custom":"Y\/m\/d","show_post_category":"1","show_post_reading_time":"0","post_reading_time_wpm":"300","post_calculate_word_method":"str_word_count","show_zoom_button":"0","zoom_button_out_step":"2","zoom_button_in_step":"3","show_post_tag":"1","number_popup_post":"1","show_post_related":"1","show_inline_post_related":"0"}],"image_override":[{"single_post_thumbnail_size":"crop-500","single_post_gallery_size":"crop-500"}],"trending_post_position":"meta","trending_post_label":"Trending","sponsored_post_label":"Sponsored by","disable_ad":"0"},"jnews_primary_category":[],"jnews_social_meta":[],"jnews_review":[],"enable_review":"","type":"percentage","name":"","summary":"","brand":"","sku":"","good":[],"bad":[],"score_override":"","override_value":"","rating":[],"price":[],"jnews_override_counter":{"view_counter_number":"0","share_counter_number":"0","like_counter_number":"0","dislike_counter_number":"0"},"jnews_post_split":{"post_split":[{"template":"1","tag":"h2","numbering":"asc","mode":"normal","first":"0","enable_toc":"0","toc_type":"normal"}]},"footnotes":""},"categories":[756],"tags":[],"class_list":["post-49354","post","type-post","status-publish","format-standard","has-post-thumbnail","hentry","category-consejo-directivo-nacional-cdn"],"jetpack_featured_media_url":"https:\/\/atecordoba.org\/wp-content\/uploads\/2025\/06\/WhatsApp-Image-2025-06-26-at-7.21.10-PM-2.jpeg","_links":{"self":[{"href":"https:\/\/atecordoba.org\/index.php?rest_route=\/wp\/v2\/posts\/49354","targetHints":{"allow":["GET"]}}],"collection":[{"href":"https:\/\/atecordoba.org\/index.php?rest_route=\/wp\/v2\/posts"}],"about":[{"href":"https:\/\/atecordoba.org\/index.php?rest_route=\/wp\/v2\/types\/post"}],"author":[{"embeddable":true,"href":"https:\/\/atecordoba.org\/index.php?rest_route=\/wp\/v2\/users\/7"}],"replies":[{"embeddable":true,"href":"https:\/\/atecordoba.org\/index.php?rest_route=%2Fwp%2Fv2%2Fcomments&post=49354"}],"version-history":[{"count":1,"href":"https:\/\/atecordoba.org\/index.php?rest_route=\/wp\/v2\/posts\/49354\/revisions"}],"predecessor-version":[{"id":49358,"href":"https:\/\/atecordoba.org\/index.php?rest_route=\/wp\/v2\/posts\/49354\/revisions\/49358"}],"wp:featuredmedia":[{"embeddable":true,"href":"https:\/\/atecordoba.org\/index.php?rest_route=\/wp\/v2\/media\/49355"}],"wp:attachment":[{"href":"https:\/\/atecordoba.org\/index.php?rest_route=%2Fwp%2Fv2%2Fmedia&parent=49354"}],"wp:term":[{"taxonomy":"category","embeddable":true,"href":"https:\/\/atecordoba.org\/index.php?rest_route=%2Fwp%2Fv2%2Fcategories&post=49354"},{"taxonomy":"post_tag","embeddable":true,"href":"https:\/\/atecordoba.org\/index.php?rest_route=%2Fwp%2Fv2%2Ftags&post=49354"}],"curies":[{"name":"wp","href":"https:\/\/api.w.org\/{rel}","templated":true}]}}