{"id":49351,"date":"2025-06-26T16:03:52","date_gmt":"2025-06-26T19:03:52","guid":{"rendered":"https:\/\/atecordoba.org\/?p=49351"},"modified":"2025-06-26T16:03:52","modified_gmt":"2025-06-26T19:03:52","slug":"ate-impugna-judicialmente-por-inconstitucional-el-decreto-que-dio-de-baja-el-asueto-por-el-dia-del-estado","status":"publish","type":"post","link":"https:\/\/atecordoba.org\/?p=49351","title":{"rendered":"ATE impugna judicialmente por inconstitucional el decreto que dio de baja el asueto por el D\u00eda del Estado"},"content":{"rendered":"<p><img loading=\"lazy\" decoding=\"async\" class=\"aligncenter wp-image-49346 \" src=\"https:\/\/atecordoba.org\/wp-content\/uploads\/2025\/06\/aguiar-rezando.webp\" alt=\"\" width=\"642\" height=\"428\" srcset=\"https:\/\/atecordoba.org\/wp-content\/uploads\/2025\/06\/aguiar-rezando.webp 768w, https:\/\/atecordoba.org\/wp-content\/uploads\/2025\/06\/aguiar-rezando-300x200.webp 300w, https:\/\/atecordoba.org\/wp-content\/uploads\/2025\/06\/aguiar-rezando-750x500.webp 750w\" sizes=\"auto, (max-width: 642px) 100vw, 642px\" \/>Luego que se conociera ayer el decreto 430\/25, que dio de baja el asueto en la Administraci\u00f3n P\u00fablica Nacional por el 27 de junio D\u00eda del Estado, el secretario General de ATE Nacional, Rodolfo Aguiar, realiz\u00f3 hoy una presentaci\u00f3n judicial, denominada &#8216;Medida Autosatisfactiva&#8217;, para que la Justicia anule la norma y reestablezca dicha jornada de descanso, seg\u00fan lo dispuesto por la ley 26.876.<\/p>\n<p>La raz\u00f3n de ser de este d\u00eda se debi\u00f3 a la adopci\u00f3n, por parte del Estado Argentino, del Convenio 151 de la OIT que reconoci\u00f3 el derecho la negociaci\u00f3n colectiva en la APN, justamente el d\u00eda 27 de junio de 1978.<\/p>\n<p>En lo sustancial del planteo jur\u00eddico, Aguiar sostuvo que el decreto no cumple con los requisitos de un DNU para que pueda ser emitido por el Presidente, ya que no puede justificar la condici\u00f3n de excepcionalidad, necesidad y urgencia que ordena la Constituci\u00f3n. En cualquier otro caso, el Ejecutivo tiene vedado legislar, m\u00e1s aun cuando el Congreso se encuentra en funciones como es el caso de esta semana.<\/p>\n<p>&#8220;Por lo tanto, trat\u00e1ndose de una ley sancionada por el Congreso de la Naci\u00f3n, en todo caso debi\u00f3 ser derogada tambi\u00e9n por el Congreso y no por el PEN en un acto de arbitrariedad e ilegalidad manifiesta&#8221;, sostiene la presentaci\u00f3n judicial.<\/p>\n<p>El dictado de DNU inconstitucionales por parte de la gesti\u00f3n de gobierno no es una novedad: la Sala de Feria de la CNAT, en el fallo CGT de fecha 30\/1\/24, determin\u00f3 que no exist\u00eda necesidad ni urgencia para el dictado del DNU 70\/23, porque el Congreso se encontraba convocado para sesionar de manera extraordinaria.<\/p>\n<p>Una medida autosatisfactiva es una acci\u00f3n judicial urgente, aut\u00f3noma y de car\u00e1cter excepcional que busca una soluci\u00f3n r\u00e1pida a una situaci\u00f3n que requiere una intervenci\u00f3n judicial inmediata, sin necesidad de un proceso principal posterior.<\/p>\n","protected":false},"excerpt":{"rendered":"<p>Luego que se conociera ayer el decreto 430\/25, que dio de baja el asueto en la Administraci\u00f3n P\u00fablica Nacional por el 27 de junio D\u00eda del Estado, el secretario General de ATE Nacional, Rodolfo Aguiar, realiz\u00f3 hoy una presentaci\u00f3n judicial, denominada &#8216;Medida Autosatisfactiva&#8217;, para que la Justicia anule la norma y reestablezca dicha jornada de [&hellip;]<\/p>\n","protected":false},"author":7,"featured_media":49346,"comment_status":"open","ping_status":"open","sticky":false,"template":"","format":"standard","meta":{"_exactmetrics_skip_tracking":false,"_exactmetrics_sitenote_active":false,"_exactmetrics_sitenote_note":"","_exactmetrics_sitenote_category":0,"jnews-multi-image_gallery":[],"jnews_single_post":{"format":"standard","override":[{"template":"1","parallax":"1","fullscreen":"1","layout":"no-sidebar-narrow","sidebar":"default-sidebar","second_sidebar":"default-sidebar","sticky_sidebar":"1","share_position":"bottom","share_float_style":"share-monocrhome","show_share_counter":"1","show_view_counter":"1","show_post_meta":"1","show_post_author_image":"1","show_post_date":"1","post_date_format":"default","post_date_format_custom":"Y\/m\/d","show_post_category":"1","show_post_reading_time":"0","post_reading_time_wpm":"300","post_calculate_word_method":"str_word_count","show_zoom_button":"0","zoom_button_out_step":"2","zoom_button_in_step":"3","show_post_tag":"1","number_popup_post":"1","show_post_related":"1","show_inline_post_related":"0"}],"image_override":[{"single_post_thumbnail_size":"crop-500","single_post_gallery_size":"crop-500"}],"trending_post_position":"meta","trending_post_label":"Trending","sponsored_post_label":"Sponsored by","disable_ad":"0"},"jnews_primary_category":[],"jnews_social_meta":[],"jnews_review":[],"enable_review":"","type":"percentage","name":"","summary":"","brand":"","sku":"","good":[],"bad":[],"score_override":"","override_value":"","rating":[],"price":[],"jnews_override_counter":{"view_counter_number":"0","share_counter_number":"0","like_counter_number":"0","dislike_counter_number":"0"},"jnews_post_split":{"post_split":[{"template":"1","tag":"h2","numbering":"asc","mode":"normal","first":"0","enable_toc":"0","toc_type":"normal"}]},"footnotes":""},"categories":[756],"tags":[],"class_list":["post-49351","post","type-post","status-publish","format-standard","has-post-thumbnail","hentry","category-consejo-directivo-nacional-cdn"],"jetpack_featured_media_url":"https:\/\/atecordoba.org\/wp-content\/uploads\/2025\/06\/aguiar-rezando.webp","_links":{"self":[{"href":"https:\/\/atecordoba.org\/index.php?rest_route=\/wp\/v2\/posts\/49351","targetHints":{"allow":["GET"]}}],"collection":[{"href":"https:\/\/atecordoba.org\/index.php?rest_route=\/wp\/v2\/posts"}],"about":[{"href":"https:\/\/atecordoba.org\/index.php?rest_route=\/wp\/v2\/types\/post"}],"author":[{"embeddable":true,"href":"https:\/\/atecordoba.org\/index.php?rest_route=\/wp\/v2\/users\/7"}],"replies":[{"embeddable":true,"href":"https:\/\/atecordoba.org\/index.php?rest_route=%2Fwp%2Fv2%2Fcomments&post=49351"}],"version-history":[{"count":1,"href":"https:\/\/atecordoba.org\/index.php?rest_route=\/wp\/v2\/posts\/49351\/revisions"}],"predecessor-version":[{"id":49352,"href":"https:\/\/atecordoba.org\/index.php?rest_route=\/wp\/v2\/posts\/49351\/revisions\/49352"}],"wp:featuredmedia":[{"embeddable":true,"href":"https:\/\/atecordoba.org\/index.php?rest_route=\/wp\/v2\/media\/49346"}],"wp:attachment":[{"href":"https:\/\/atecordoba.org\/index.php?rest_route=%2Fwp%2Fv2%2Fmedia&parent=49351"}],"wp:term":[{"taxonomy":"category","embeddable":true,"href":"https:\/\/atecordoba.org\/index.php?rest_route=%2Fwp%2Fv2%2Fcategories&post=49351"},{"taxonomy":"post_tag","embeddable":true,"href":"https:\/\/atecordoba.org\/index.php?rest_route=%2Fwp%2Fv2%2Ftags&post=49351"}],"curies":[{"name":"wp","href":"https:\/\/api.w.org\/{rel}","templated":true}]}}