{"id":49343,"date":"2025-06-26T15:57:55","date_gmt":"2025-06-26T18:57:55","guid":{"rendered":"https:\/\/atecordoba.org\/?p=49343"},"modified":"2025-06-26T15:57:55","modified_gmt":"2025-06-26T18:57:55","slug":"villa-cura-brochero-en-acuerdo-salarial-con-la-municipalidad-ate-logra-10-de-aumento-y-recategorizaciones-de-toda-la-planta-de-personal","status":"publish","type":"post","link":"https:\/\/atecordoba.org\/?p=49343","title":{"rendered":"Villa Cura Brochero: en acuerdo salarial con la Municipalidad ATE logra 10% de aumento y recategorizaciones de toda la planta de personal"},"content":{"rendered":"<p><img loading=\"lazy\" decoding=\"async\" class=\"aligncenter wp-image-49337 \" src=\"https:\/\/atecordoba.org\/wp-content\/uploads\/2025\/06\/WhatsApp-Image-2025-06-26-at-14.07.58-1024x576.jpeg\" alt=\"\" width=\"627\" height=\"353\" \/>En una audiencia paritaria realizada hoy en la Municipalidad de Villa Cura Brochero, en el Valle de Traslasierra, ATE logr\u00f3 un aumento salarial del 10%, en car\u00e1cter no remunerativo, para todas y todos los municipales de la localidad.<\/p>\n<p>En la ocasi\u00f3n, tambi\u00e9n se acord\u00f3 que la Municipalidad implementar\u00e1 la recategorizaci\u00f3n de todo el personal de planta, retroactivo al mes de junio.<\/p>\n<p>De esta forma, ATE obtiene una sustancial mejora de los ingresos de las y los municipales, atenta que la Municipalidad ven\u00eda sosteniendo que carec\u00eda de fondos para cubrir los reclamos salariales del sector.<\/p>\n<p>En la audiencia, los funcionarios presentes informaron que se encuentran en tratativas para comprar las mudas de informes solicitadas por nuestra organizaci\u00f3n.<\/p>\n<p>En la oportunidad, el Departamento Ejecutivo estuvo representado por el secretario General de Gesti\u00f3n, Gerardo Cuello, y su equipo de trabajo, en tanto la comitiva de ATE se integr\u00f3 con los compa\u00f1eros Jorge Chalup, secretario Gremial de ATE C\u00f3rdoba, su par de Organizaci\u00f3n, Javier Bracamonte, y los delegados municipales Gustavo Cohen y Jorge Tapia.<\/p>\n<p>As\u00ed, ATE sigue avanzando en la defensa de los derechos de las y los municipales del interior provincial.<\/p>\n","protected":false},"excerpt":{"rendered":"<p>En una audiencia paritaria realizada hoy en la Municipalidad de Villa Cura Brochero, en el Valle de Traslasierra, ATE logr\u00f3 un aumento salarial del 10%, en car\u00e1cter no remunerativo, para todas y todos los municipales de la localidad. En la ocasi\u00f3n, tambi\u00e9n se acord\u00f3 que la Municipalidad implementar\u00e1 la recategorizaci\u00f3n de todo el personal de [&hellip;]<\/p>\n","protected":false},"author":7,"featured_media":49337,"comment_status":"open","ping_status":"open","sticky":false,"template":"","format":"standard","meta":{"_exactmetrics_skip_tracking":false,"_exactmetrics_sitenote_active":false,"_exactmetrics_sitenote_note":"","_exactmetrics_sitenote_category":0,"jnews-multi-image_gallery":[],"jnews_single_post":{"format":"standard","override":[{"template":"1","parallax":"1","fullscreen":"1","layout":"no-sidebar-narrow","sidebar":"default-sidebar","second_sidebar":"default-sidebar","sticky_sidebar":"1","share_position":"bottom","share_float_style":"share-monocrhome","show_share_counter":"1","show_view_counter":"1","show_post_meta":"1","show_post_author_image":"1","show_post_date":"1","post_date_format":"default","post_date_format_custom":"Y\/m\/d","show_post_category":"1","show_post_reading_time":"0","post_reading_time_wpm":"300","post_calculate_word_method":"str_word_count","show_zoom_button":"0","zoom_button_out_step":"2","zoom_button_in_step":"3","show_post_tag":"1","number_popup_post":"1","show_post_related":"1","show_inline_post_related":"0"}],"image_override":[{"single_post_thumbnail_size":"crop-500","single_post_gallery_size":"crop-500"}],"trending_post_position":"meta","trending_post_label":"Trending","sponsored_post_label":"Sponsored by","disable_ad":"0"},"jnews_primary_category":[],"jnews_social_meta":[],"jnews_review":[],"enable_review":"","type":"percentage","name":"","summary":"","brand":"","sku":"","good":[],"bad":[],"score_override":"","override_value":"","rating":[],"price":[],"jnews_override_counter":{"view_counter_number":"0","share_counter_number":"0","like_counter_number":"0","dislike_counter_number":"0"},"jnews_post_split":{"post_split":[{"template":"1","tag":"h2","numbering":"asc","mode":"normal","first":"0","enable_toc":"0","toc_type":"normal"}]},"footnotes":""},"categories":[20],"tags":[],"class_list":["post-49343","post","type-post","status-publish","format-standard","has-post-thumbnail","hentry","category-municipales"],"jetpack_featured_media_url":"https:\/\/atecordoba.org\/wp-content\/uploads\/2025\/06\/WhatsApp-Image-2025-06-26-at-14.07.58-scaled-e1750959721720.jpeg","_links":{"self":[{"href":"https:\/\/atecordoba.org\/index.php?rest_route=\/wp\/v2\/posts\/49343","targetHints":{"allow":["GET"]}}],"collection":[{"href":"https:\/\/atecordoba.org\/index.php?rest_route=\/wp\/v2\/posts"}],"about":[{"href":"https:\/\/atecordoba.org\/index.php?rest_route=\/wp\/v2\/types\/post"}],"author":[{"embeddable":true,"href":"https:\/\/atecordoba.org\/index.php?rest_route=\/wp\/v2\/users\/7"}],"replies":[{"embeddable":true,"href":"https:\/\/atecordoba.org\/index.php?rest_route=%2Fwp%2Fv2%2Fcomments&post=49343"}],"version-history":[{"count":1,"href":"https:\/\/atecordoba.org\/index.php?rest_route=\/wp\/v2\/posts\/49343\/revisions"}],"predecessor-version":[{"id":49345,"href":"https:\/\/atecordoba.org\/index.php?rest_route=\/wp\/v2\/posts\/49343\/revisions\/49345"}],"wp:featuredmedia":[{"embeddable":true,"href":"https:\/\/atecordoba.org\/index.php?rest_route=\/wp\/v2\/media\/49337"}],"wp:attachment":[{"href":"https:\/\/atecordoba.org\/index.php?rest_route=%2Fwp%2Fv2%2Fmedia&parent=49343"}],"wp:term":[{"taxonomy":"category","embeddable":true,"href":"https:\/\/atecordoba.org\/index.php?rest_route=%2Fwp%2Fv2%2Fcategories&post=49343"},{"taxonomy":"post_tag","embeddable":true,"href":"https:\/\/atecordoba.org\/index.php?rest_route=%2Fwp%2Fv2%2Ftags&post=49343"}],"curies":[{"name":"wp","href":"https:\/\/api.w.org\/{rel}","templated":true}]}}