{"id":4933,"date":"2014-12-17T19:53:35","date_gmt":"2014-12-17T22:53:35","guid":{"rendered":"http:\/\/www.atecordoba.org\/?p=4933"},"modified":"2014-12-17T19:53:35","modified_gmt":"2014-12-17T22:53:35","slug":"ate-entregara-las-cajas-navidenas-hasta-el-23-de-diciembre","status":"publish","type":"post","link":"https:\/\/atecordoba.org\/?p=4933","title":{"rendered":"ATE entregar\u00e1 las cajas navide\u00f1as hasta el 23 de diciembre"},"content":{"rendered":"<p><em>Al igual que el a\u00f1o pasado, ATE dispone de una caja navide\u00f1a para cada afiliado de nuestro gremio. Se trata de una iniciativa de la secretaria de Acci\u00f3n social del Consejo Directivo Provincial.<\/em><\/p>\n<p><a href=\"http:\/\/www.atecordoba.org\/wp-content\/uploads\/2014\/12\/IMG_7346-e1418856801246.jpg\"><img loading=\"lazy\" decoding=\"async\" class=\"aligncenter size-full wp-image-4936\" src=\"http:\/\/www.atecordoba.org\/wp-content\/uploads\/2014\/12\/IMG_7346-e1418856801246.jpg\" alt=\"IMG_7346\" width=\"500\" height=\"281\" \/><\/a><\/p>\n<p>&nbsp;<\/p>\n<p>&nbsp;<\/p>\n<p>La caja navide\u00f1a contiene una munici\u00f3n de turrones, budines y bebidas de primera calidad para que los afiliados disfruten en familia en las pr\u00f3ximas fiestas. Las mismas se entregar\u00e1n hasta el 23 de diciembre a las 15 horas en la sede de nuestra ATE, Entre Rios 450, hasta las 15 horas.<\/p>\n<p>Los requisitos para acceder al beneficio es tener la cuota sindical al d\u00eda y presentarse con le DNI y el \u00faltimo recibo de sueldo.<\/p>\n<p><a href=\"http:\/\/www.atecordoba.org\/wp-content\/uploads\/2014\/12\/IMG_7343.jpg\"><img loading=\"lazy\" decoding=\"async\" class=\"aligncenter size-full wp-image-4935\" src=\"http:\/\/www.atecordoba.org\/wp-content\/uploads\/2014\/12\/IMG_7343-e1418856668684.jpg\" alt=\"IMG_7343\" width=\"500\" height=\"281\" \/><\/a><\/p>\n","protected":false},"excerpt":{"rendered":"<p>Al igual que el a\u00f1o pasado, ATE dispone de una caja navide\u00f1a para cada afiliado de nuestro gremio. Se trata de una iniciativa de la secretaria de Acci\u00f3n social del Consejo Directivo Provincial. &nbsp; &nbsp; La caja navide\u00f1a contiene una munici\u00f3n de turrones, budines y bebidas de primera calidad para que los afiliados disfruten en [&hellip;]<\/p>\n","protected":false},"author":1,"featured_media":19220,"comment_status":"open","ping_status":"open","sticky":false,"template":"","format":"standard","meta":{"_exactmetrics_skip_tracking":false,"_exactmetrics_sitenote_active":false,"_exactmetrics_sitenote_note":"","_exactmetrics_sitenote_category":0,"jnews-multi-image_gallery":[],"jnews_single_post":[],"jnews_primary_category":[],"jnews_social_meta":[],"jnews_review":[],"enable_review":"","type":"","name":"","summary":"","brand":"","sku":"","good":[],"bad":[],"score_override":"","override_value":"","rating":[],"price":[],"jnews_override_counter":[],"jnews_post_split":[],"footnotes":""},"categories":[75],"tags":[],"class_list":["post-4933","post","type-post","status-publish","format-standard","has-post-thumbnail","hentry","category-accion-social"],"jetpack_featured_media_url":"https:\/\/atecordoba.org\/wp-content\/uploads\/2020\/05\/logo-nuevochico-e1561581322808.png","_links":{"self":[{"href":"https:\/\/atecordoba.org\/index.php?rest_route=\/wp\/v2\/posts\/4933","targetHints":{"allow":["GET"]}}],"collection":[{"href":"https:\/\/atecordoba.org\/index.php?rest_route=\/wp\/v2\/posts"}],"about":[{"href":"https:\/\/atecordoba.org\/index.php?rest_route=\/wp\/v2\/types\/post"}],"author":[{"embeddable":true,"href":"https:\/\/atecordoba.org\/index.php?rest_route=\/wp\/v2\/users\/1"}],"replies":[{"embeddable":true,"href":"https:\/\/atecordoba.org\/index.php?rest_route=%2Fwp%2Fv2%2Fcomments&post=4933"}],"version-history":[{"count":0,"href":"https:\/\/atecordoba.org\/index.php?rest_route=\/wp\/v2\/posts\/4933\/revisions"}],"wp:featuredmedia":[{"embeddable":true,"href":"https:\/\/atecordoba.org\/index.php?rest_route=\/wp\/v2\/media\/19220"}],"wp:attachment":[{"href":"https:\/\/atecordoba.org\/index.php?rest_route=%2Fwp%2Fv2%2Fmedia&parent=4933"}],"wp:term":[{"taxonomy":"category","embeddable":true,"href":"https:\/\/atecordoba.org\/index.php?rest_route=%2Fwp%2Fv2%2Fcategories&post=4933"},{"taxonomy":"post_tag","embeddable":true,"href":"https:\/\/atecordoba.org\/index.php?rest_route=%2Fwp%2Fv2%2Ftags&post=4933"}],"curies":[{"name":"wp","href":"https:\/\/api.w.org\/{rel}","templated":true}]}}