{"id":49325,"date":"2025-06-26T13:52:57","date_gmt":"2025-06-26T16:52:57","guid":{"rendered":"https:\/\/atecordoba.org\/?p=49325"},"modified":"2025-06-26T14:08:00","modified_gmt":"2025-06-26T17:08:00","slug":"conflicto-en-los-hornillos-la-comuna-pretende-rebajar-contratados-a-monotributistas-a-fin-de-mes","status":"publish","type":"post","link":"https:\/\/atecordoba.org\/?p=49325","title":{"rendered":"Conflicto en Los Hornillos: la comuna pretende rebajar contratados a monotributistas a fin de mes"},"content":{"rendered":"<p><img loading=\"lazy\" decoding=\"async\" class=\"aligncenter wp-image-49326 \" src=\"https:\/\/atecordoba.org\/wp-content\/uploads\/2025\/06\/WhatsApp-Image-2025-06-26-at-12.51.50-2-1024x461.jpeg\" alt=\"\" width=\"637\" height=\"287\" srcset=\"https:\/\/atecordoba.org\/wp-content\/uploads\/2025\/06\/WhatsApp-Image-2025-06-26-at-12.51.50-2-1024x461.jpeg 1024w, https:\/\/atecordoba.org\/wp-content\/uploads\/2025\/06\/WhatsApp-Image-2025-06-26-at-12.51.50-2-300x135.jpeg 300w, https:\/\/atecordoba.org\/wp-content\/uploads\/2025\/06\/WhatsApp-Image-2025-06-26-at-12.51.50-2-768x346.jpeg 768w, https:\/\/atecordoba.org\/wp-content\/uploads\/2025\/06\/WhatsApp-Image-2025-06-26-at-12.51.50-2-750x338.jpeg 750w, https:\/\/atecordoba.org\/wp-content\/uploads\/2025\/06\/WhatsApp-Image-2025-06-26-at-12.51.50-2-1140x513.jpeg 1140w, https:\/\/atecordoba.org\/wp-content\/uploads\/2025\/06\/WhatsApp-Image-2025-06-26-at-12.51.50-2.jpeg 1280w\" sizes=\"auto, (max-width: 637px) 100vw, 637px\" \/>En una asamblea convocada por ATE trabajadores y trabajadoras municipales de la Comuna Los Hornillos, del Valle de Traslasierra, resolvieron reclamar a la jefa comunal Carolina Caballero que se abstenga de avanzar con el anuncio de rebajar las condiciones de trabajo del personal contratado, ya que el Departamento Ejecutivo pretende que dichos trabajadores\/as pasen a cumplir tareas en condici\u00f3n de monotributistas.<\/p>\n<p>Esta medida atenta contra los derechos adquiridos de estos compa\u00f1eros y compa\u00f1eras municipales profundizando la precarizaci\u00f3n en la Comuna.<\/p>\n<p>\u201cEs un perjuicio tremendo para los empleados. Por eso hoy hacemos una asamblea informativa para analizar qu\u00e9 vamos a hacer, si la respuesta de la jefa comunal es negativa\u201d, explic\u00f3 el secretario Gremial de ATE C\u00f3rdoba, finalizada la asamblea. Se trata de personal que, en algunos casos, cuenta con 15 a\u00f1os de antig\u00fcedad desarrollando tareas de manera habitual en la Comuna.<\/p>\n<p>En consecuencia, el dirigente subray\u00f3 que, de no destrabarse el conflicto ATE, no descarta una denuncia judicial. \u201cEsto va a perjudicar a la comuna porque en el caso de un juicio paga el pueblo no la jefa comunal, ya que como monotributistas los empleados van a perder muchos derechos y, como siempre, los empleados terminan siendo rehenes del partido pol\u00edtico que gana las elecciones\u201d, advirti\u00f3 Chalup, quien estuvo acompa\u00f1ado en al oportunidad por el secretario de Organizaci\u00f3n del Consejo Directivo Provincial, Javier Bracamonte.<img loading=\"lazy\" decoding=\"async\" class=\"aligncenter wp-image-49327 \" src=\"https:\/\/atecordoba.org\/wp-content\/uploads\/2025\/06\/WhatsApp-Image-2025-06-26-at-12.51.50-1024x460.jpeg\" alt=\"\" width=\"636\" height=\"286\" srcset=\"https:\/\/atecordoba.org\/wp-content\/uploads\/2025\/06\/WhatsApp-Image-2025-06-26-at-12.51.50-1024x460.jpeg 1024w, https:\/\/atecordoba.org\/wp-content\/uploads\/2025\/06\/WhatsApp-Image-2025-06-26-at-12.51.50-300x135.jpeg 300w, https:\/\/atecordoba.org\/wp-content\/uploads\/2025\/06\/WhatsApp-Image-2025-06-26-at-12.51.50-768x345.jpeg 768w, https:\/\/atecordoba.org\/wp-content\/uploads\/2025\/06\/WhatsApp-Image-2025-06-26-at-12.51.50-750x337.jpeg 750w, https:\/\/atecordoba.org\/wp-content\/uploads\/2025\/06\/WhatsApp-Image-2025-06-26-at-12.51.50-1140x512.jpeg 1140w, https:\/\/atecordoba.org\/wp-content\/uploads\/2025\/06\/WhatsApp-Image-2025-06-26-at-12.51.50.jpeg 1280w\" sizes=\"auto, (max-width: 636px) 100vw, 636px\" \/><\/p>\n<p>Caballero aduce que la falta de fondos y el aumento de gastos por asistencia social le impiden atender la demanda del personal.<\/p>\n<p>Sin embargo, la Comuna no puede manejarse al margen de la ley.\u00a0El Estatuto de la Comuna, que permite y reglamenta la contrataci\u00f3n de personal, le otorga al conjunto de los trabajadores la estabilidad laboral. Tal situaci\u00f3n no es sino la reglamentaci\u00f3n, en el caso de esta Comuna, del mandato constitucional de la garant\u00eda y derecho a estabilidad en el empleo p\u00fablico, establecida en el primer p\u00e1rrafo del art 14 bis de la Constituci\u00f3n Nacional y el 23 de la Constituci\u00f3n Provincial.<\/p>\n<p>En ese marco, la Comuna solo puede contratar personal a plazo &#8220;cuando la contrataci\u00f3n tenga como objeto la realizaci\u00f3n de tareas que por su naturaleza y transitoriedad, no puedan ser cumplidas por personal permanente&#8221;, seg\u00fan los art\u00edculos 8 y 55, inciso \u201cc\u201d del Estatuto municipal.<\/p>\n<p>En cada uno de los casos de los 30 empleados afectados, las tareas que se realizan son la propias, permanentes, comunes y habituales de la comuna.\u00a0 Y como se observa, con el solo repaso de los legajos de los trabajadores, tales prestaciones se han realizado por largos a\u00f1os, en forma cotidiana e ininterrumpida. Esto deja a las claras que el plazo de renovaci\u00f3n mensual que establece la comuna no se corresponde con la naturaleza de las tareas que se realiza, cuya caracter\u00edstica es de ser permanente y necesaria en el tiempo, ya que se trata de funciones que justifican la existencia misma de la Comuna.<\/p>\n<p>Por eso, ATE reclama el pase a planta permanente de este personal precarizado e insta a Caballero a abrir un espacio de di\u00e1logo para resolver el conflicto, organizando el plan de regularizaci\u00f3n de empleo p\u00fablico de la Comuna.<\/p>\n","protected":false},"excerpt":{"rendered":"<p>En una asamblea convocada por ATE trabajadores y trabajadoras municipales de la Comuna Los Hornillos, del Valle de Traslasierra, resolvieron reclamar a la jefa comunal Carolina Caballero que se abstenga de avanzar con el anuncio de rebajar las condiciones de trabajo del personal contratado, ya que el Departamento Ejecutivo pretende que dichos trabajadores\/as pasen a [&hellip;]<\/p>\n","protected":false},"author":7,"featured_media":49326,"comment_status":"open","ping_status":"open","sticky":false,"template":"","format":"standard","meta":{"_exactmetrics_skip_tracking":false,"_exactmetrics_sitenote_active":false,"_exactmetrics_sitenote_note":"","_exactmetrics_sitenote_category":0,"jnews-multi-image_gallery":[],"jnews_single_post":{"format":"standard","override":[{"template":"1","parallax":"1","fullscreen":"1","layout":"no-sidebar-narrow","sidebar":"default-sidebar","second_sidebar":"default-sidebar","sticky_sidebar":"1","share_position":"bottom","share_float_style":"share-monocrhome","show_share_counter":"1","show_view_counter":"1","show_post_meta":"1","show_post_author_image":"1","show_post_date":"1","post_date_format":"default","post_date_format_custom":"Y\/m\/d","show_post_category":"1","show_post_reading_time":"0","post_reading_time_wpm":"300","post_calculate_word_method":"str_word_count","show_zoom_button":"0","zoom_button_out_step":"2","zoom_button_in_step":"3","show_post_tag":"1","number_popup_post":"1","show_post_related":"1","show_inline_post_related":"0"}],"image_override":[{"single_post_thumbnail_size":"crop-500","single_post_gallery_size":"crop-500"}],"trending_post_position":"meta","trending_post_label":"Trending","sponsored_post_label":"Sponsored by","disable_ad":"0"},"jnews_primary_category":[],"jnews_social_meta":[],"jnews_review":[],"enable_review":"","type":"percentage","name":"","summary":"","brand":"","sku":"","good":[],"bad":[],"score_override":"","override_value":"","rating":[],"price":[],"jnews_override_counter":{"view_counter_number":"0","share_counter_number":"0","like_counter_number":"0","dislike_counter_number":"0"},"jnews_post_split":{"post_split":[{"template":"1","tag":"h2","numbering":"asc","mode":"normal","first":"0","enable_toc":"0","toc_type":"normal"}]},"footnotes":""},"categories":[20],"tags":[],"class_list":["post-49325","post","type-post","status-publish","format-standard","has-post-thumbnail","hentry","category-municipales"],"jetpack_featured_media_url":"https:\/\/atecordoba.org\/wp-content\/uploads\/2025\/06\/WhatsApp-Image-2025-06-26-at-12.51.50-2.jpeg","_links":{"self":[{"href":"https:\/\/atecordoba.org\/index.php?rest_route=\/wp\/v2\/posts\/49325","targetHints":{"allow":["GET"]}}],"collection":[{"href":"https:\/\/atecordoba.org\/index.php?rest_route=\/wp\/v2\/posts"}],"about":[{"href":"https:\/\/atecordoba.org\/index.php?rest_route=\/wp\/v2\/types\/post"}],"author":[{"embeddable":true,"href":"https:\/\/atecordoba.org\/index.php?rest_route=\/wp\/v2\/users\/7"}],"replies":[{"embeddable":true,"href":"https:\/\/atecordoba.org\/index.php?rest_route=%2Fwp%2Fv2%2Fcomments&post=49325"}],"version-history":[{"count":3,"href":"https:\/\/atecordoba.org\/index.php?rest_route=\/wp\/v2\/posts\/49325\/revisions"}],"predecessor-version":[{"id":49334,"href":"https:\/\/atecordoba.org\/index.php?rest_route=\/wp\/v2\/posts\/49325\/revisions\/49334"}],"wp:featuredmedia":[{"embeddable":true,"href":"https:\/\/atecordoba.org\/index.php?rest_route=\/wp\/v2\/media\/49326"}],"wp:attachment":[{"href":"https:\/\/atecordoba.org\/index.php?rest_route=%2Fwp%2Fv2%2Fmedia&parent=49325"}],"wp:term":[{"taxonomy":"category","embeddable":true,"href":"https:\/\/atecordoba.org\/index.php?rest_route=%2Fwp%2Fv2%2Fcategories&post=49325"},{"taxonomy":"post_tag","embeddable":true,"href":"https:\/\/atecordoba.org\/index.php?rest_route=%2Fwp%2Fv2%2Ftags&post=49325"}],"curies":[{"name":"wp","href":"https:\/\/api.w.org\/{rel}","templated":true}]}}