{"id":49321,"date":"2025-06-26T11:42:12","date_gmt":"2025-06-26T14:42:12","guid":{"rendered":"https:\/\/atecordoba.org\/?p=49321"},"modified":"2025-06-26T11:42:12","modified_gmt":"2025-06-26T14:42:12","slug":"ate-llama-a-tomarse-el-dia-del-trabajador-estatal-el-viernes-y-no-acatar-el-decreto-trucho-del-gobierno-de-milei","status":"publish","type":"post","link":"https:\/\/atecordoba.org\/?p=49321","title":{"rendered":"ATE llama a tomarse el D\u00eda del Trabajador Estatal el viernes y no acatar el &#8220;decreto trucho del Gobierno de Milei\u201d"},"content":{"rendered":"<p><img loading=\"lazy\" decoding=\"async\" class=\"alignleft wp-image-49322 \" src=\"https:\/\/atecordoba.org\/wp-content\/uploads\/2025\/06\/aguiar-mano-1024x682.jpeg\" alt=\"\" width=\"486\" height=\"324\" srcset=\"https:\/\/atecordoba.org\/wp-content\/uploads\/2025\/06\/aguiar-mano-1024x682.jpeg 1024w, https:\/\/atecordoba.org\/wp-content\/uploads\/2025\/06\/aguiar-mano-300x200.jpeg 300w, https:\/\/atecordoba.org\/wp-content\/uploads\/2025\/06\/aguiar-mano-768x512.jpeg 768w, https:\/\/atecordoba.org\/wp-content\/uploads\/2025\/06\/aguiar-mano-750x500.jpeg 750w, https:\/\/atecordoba.org\/wp-content\/uploads\/2025\/06\/aguiar-mano-1140x760.jpeg 1140w, https:\/\/atecordoba.org\/wp-content\/uploads\/2025\/06\/aguiar-mano.jpeg 1280w\" sizes=\"auto, (max-width: 486px) 100vw, 486px\" \/>Luego de la eliminaci\u00f3n v\u00eda decreto del D\u00eda del Trabajador del Estado, que se celebra el 27 de junio, la Asociaci\u00f3n Trabajadores del Estado (ATE) llam\u00f3 a tomarse el d\u00eda del trabajo el viernes y no respetar \u201cel decreto ileg\u00edtimo del Gobierno\u201d.<\/p>\n<p>\u201cEste es un decreto trucho que no vamos a cumplir. Nadie est\u00e1 obligado a acatar normas contrarias a la Constituci\u00f3n Nacional. Se les nota mucho la impotencia, nos quieren castigar porque los estatales no nos entregamos y hemos sido el sindicato que los confront\u00f3 desde el primer d\u00eda\u201d, se\u00f1al\u00f3 Rodolfo Aguiar, Secretario General de ATE Nacional.<\/p>\n<p>Adem\u00e1s, la conducci\u00f3n nacional de ATE realizar\u00e1 una conferencia de prensa el mismo viernes a las 12 desde la Secretar\u00eda de Trabajo de la Naci\u00f3n.<\/p>\n<p>\u201cLa ignorancia de este Gobierno es infinita. El D\u00eda del Trabajador del Estado comprende una lucha que fue continental. Se celebra el 27 de junio precisamente porque fue el d\u00eda en el que la OIT sancion\u00f3 el convenio que impulsa las negociaciones colectivas en el Sector P\u00fablico\u201d, agreg\u00f3 el dirigente.<\/p>\n<p>En referencia al Decreto 430\/25 que elimina este d\u00eda, Aguiar indic\u00f3: \u201cS\u00f3lo en su odio se explica que el resto de las actividades laborales tengan su d\u00eda y el mismo sea no laborable. Celebrar nuestro d\u00eda es un derecho que el Congreso estableci\u00f3 mediante una Ley y s\u00f3lo el Congreso puede derogar\u201d.<\/p>\n<p>\u201cTodav\u00eda no descartamos llevar adelante una medida de acci\u00f3n directa como un paro el pr\u00f3ximo viernes y pedimos a todos los gobernadores y los intendentes que ratifiquen esta jornada como no laborable en sus respectivas jurisdicciones. Tiene que quedar claro que si prospera el ataque del Gobierno es solo comprensivo de la Administraci\u00f3n P\u00fablica Nacional. En las provincias y los municipios, el asueto se mantiene inalterable\u201d, concluy\u00f3 el Secretario General de ATE Nacional.<\/p>\n<p>El sindicato brindar\u00e1 cobertura legal a todos los trabajadores que se tomen el d\u00eda de asueto que corresponde por la Ley 26.876, sancionada y promulgada en 2013. La misma conmemora el momento en que la Organizaci\u00f3n Internacional del Trabajo (OIT), en 1978, adopt\u00f3 el Convenio N\u00ba 151 y la Recomendaci\u00f3n N\u00ba 159 vinculados al derecho a la negociaci\u00f3n colectiva y las relaciones de trabajo en la administraci\u00f3n p\u00fablica.<\/p>\n<p>Adem\u00e1s de no respetar la medida, ATE se\u00f1al\u00f3 que la misma s\u00f3lo ser\u00eda abarcativa de la Administraci\u00f3n P\u00fablica Nacional, es decir ministerios y organismos nacionales, por lo que no afectar\u00eda a los trabajadores de las administraciones provinciales ni municipales en los que rige este d\u00eda de descanso.<\/p>\n<p>Cabe destacar que son numerosas las actividades, tanto del sector p\u00fablico como el privado, que tienen su d\u00edas no laborables, como los ferroviarios (1 de marzo), alimentaci\u00f3n (10 de marzo), gastron\u00f3micos (2 de agosto), sanidad (21 de septiembre), comercio (26 de septiembre), bancarios (6 de noviembre), petroleros (13 de diciembre), camioneros (15 de diciembre), entre otros.<\/p>\n<p>Durante la jornada de hoy, el sindicato estatal celebrar\u00e1 su 68\u00b0 Congreso Nacional Ordinario, el primero desde que la organizaci\u00f3n cumpli\u00f3 100 a\u00f1os el pasado 15 de enero.<\/p>\n","protected":false},"excerpt":{"rendered":"<p>Luego de la eliminaci\u00f3n v\u00eda decreto del D\u00eda del Trabajador del Estado, que se celebra el 27 de junio, la Asociaci\u00f3n Trabajadores del Estado (ATE) llam\u00f3 a tomarse el d\u00eda del trabajo el viernes y no respetar \u201cel decreto ileg\u00edtimo del Gobierno\u201d. \u201cEste es un decreto trucho que no vamos a cumplir. Nadie est\u00e1 obligado [&hellip;]<\/p>\n","protected":false},"author":7,"featured_media":49322,"comment_status":"open","ping_status":"open","sticky":false,"template":"","format":"standard","meta":{"_exactmetrics_skip_tracking":false,"_exactmetrics_sitenote_active":false,"_exactmetrics_sitenote_note":"","_exactmetrics_sitenote_category":0,"jnews-multi-image_gallery":[],"jnews_single_post":{"format":"standard","override":[{"template":"1","parallax":"1","fullscreen":"1","layout":"no-sidebar-narrow","sidebar":"default-sidebar","second_sidebar":"default-sidebar","sticky_sidebar":"1","share_position":"bottom","share_float_style":"share-monocrhome","show_share_counter":"1","show_view_counter":"1","show_post_meta":"1","show_post_author_image":"1","show_post_date":"1","post_date_format":"default","post_date_format_custom":"Y\/m\/d","show_post_category":"1","show_post_reading_time":"0","post_reading_time_wpm":"300","post_calculate_word_method":"str_word_count","show_zoom_button":"0","zoom_button_out_step":"2","zoom_button_in_step":"3","show_post_tag":"1","number_popup_post":"1","show_post_related":"1","show_inline_post_related":"0"}],"image_override":[{"single_post_thumbnail_size":"crop-500","single_post_gallery_size":"crop-500"}],"trending_post_position":"meta","trending_post_label":"Trending","sponsored_post_label":"Sponsored by","disable_ad":"0"},"jnews_primary_category":[],"jnews_social_meta":[],"jnews_review":[],"enable_review":"","type":"percentage","name":"","summary":"","brand":"","sku":"","good":[],"bad":[],"score_override":"","override_value":"","rating":[],"price":[],"jnews_override_counter":{"view_counter_number":"0","share_counter_number":"0","like_counter_number":"0","dislike_counter_number":"0"},"jnews_post_split":{"post_split":[{"template":"1","tag":"h2","numbering":"asc","mode":"normal","first":"0","enable_toc":"0","toc_type":"normal"}]},"footnotes":""},"categories":[756],"tags":[],"class_list":["post-49321","post","type-post","status-publish","format-standard","has-post-thumbnail","hentry","category-consejo-directivo-nacional-cdn"],"jetpack_featured_media_url":"https:\/\/atecordoba.org\/wp-content\/uploads\/2025\/06\/aguiar-mano.jpeg","_links":{"self":[{"href":"https:\/\/atecordoba.org\/index.php?rest_route=\/wp\/v2\/posts\/49321","targetHints":{"allow":["GET"]}}],"collection":[{"href":"https:\/\/atecordoba.org\/index.php?rest_route=\/wp\/v2\/posts"}],"about":[{"href":"https:\/\/atecordoba.org\/index.php?rest_route=\/wp\/v2\/types\/post"}],"author":[{"embeddable":true,"href":"https:\/\/atecordoba.org\/index.php?rest_route=\/wp\/v2\/users\/7"}],"replies":[{"embeddable":true,"href":"https:\/\/atecordoba.org\/index.php?rest_route=%2Fwp%2Fv2%2Fcomments&post=49321"}],"version-history":[{"count":1,"href":"https:\/\/atecordoba.org\/index.php?rest_route=\/wp\/v2\/posts\/49321\/revisions"}],"predecessor-version":[{"id":49323,"href":"https:\/\/atecordoba.org\/index.php?rest_route=\/wp\/v2\/posts\/49321\/revisions\/49323"}],"wp:featuredmedia":[{"embeddable":true,"href":"https:\/\/atecordoba.org\/index.php?rest_route=\/wp\/v2\/media\/49322"}],"wp:attachment":[{"href":"https:\/\/atecordoba.org\/index.php?rest_route=%2Fwp%2Fv2%2Fmedia&parent=49321"}],"wp:term":[{"taxonomy":"category","embeddable":true,"href":"https:\/\/atecordoba.org\/index.php?rest_route=%2Fwp%2Fv2%2Fcategories&post=49321"},{"taxonomy":"post_tag","embeddable":true,"href":"https:\/\/atecordoba.org\/index.php?rest_route=%2Fwp%2Fv2%2Ftags&post=49321"}],"curies":[{"name":"wp","href":"https:\/\/api.w.org\/{rel}","templated":true}]}}