{"id":4931,"date":"2014-12-17T18:04:54","date_gmt":"2014-12-17T21:04:54","guid":{"rendered":"http:\/\/www.atecordoba.org\/?p=4931"},"modified":"2014-12-17T18:04:54","modified_gmt":"2014-12-17T21:04:54","slug":"repudio-a-la-judicializacion-del-derecho-a-huelga-en-cordoba","status":"publish","type":"post","link":"https:\/\/atecordoba.org\/?p=4931","title":{"rendered":"Repudio a la judicializaci\u00f3n del derecho a huelga en C\u00f3rdoba"},"content":{"rendered":"<p><em>Un fiscal imput\u00f3 a dos delegados de ATE que intervinieron en el plan de lucha del 2013 en otro intento de criminalizar la protesta social.<\/em><\/p>\n<p><a href=\"http:\/\/www.atecordoba.org\/wp-content\/uploads\/2013\/10\/IMG_4960-e1381351191337.jpg\"><img loading=\"lazy\" decoding=\"async\" class=\"aligncenter size-full wp-image-3405\" src=\"http:\/\/www.atecordoba.org\/wp-content\/uploads\/2013\/10\/IMG_4960-e1381351191337.jpg\" alt=\"IMG_4960\" width=\"400\" height=\"300\" \/><\/a><\/p>\n<p>La imputaci\u00f3n judicial, conocida ayer, de dos delegados del Hospital de Ni\u00f1os en el marco del plan de lucha que realizaron el a\u00f1o pasado los trabajadores de los hospitales provinciales, demuestra una vez m\u00e1s que el gobierno s\u00f3lo pretende la existencia de gremios afines en el \u00e1mbito del Estado provincial.<\/p>\n<p>As\u00ed, la administraci\u00f3n delasotista pretende resolver por v\u00eda penal los conflictos de \u00edndole estrictamente gremial, vulnerando as\u00ed el derecho a huelga consagrado por la Constituci\u00f3n Nacional, los tratados internacionales con rango constitucional y la propia Constituci\u00f3n de la provincia.<\/p>\n<p>A los dos delegados ATE, junto a otros tres trabajadores, se les imputa la figura penal de \u2018turbaci\u00f3n de posesi\u00f3n\u2019 en el centro de salud, durante el fuerte conflicto que se extendi\u00f3 por cinco meses y que no tuvo ninguna denuncia, ni hecho que lamentar, de parte de alg\u00fan paciente por falta de atenci\u00f3n. Los trabajadores siempre garantizaron las guardias m\u00ednimas, cubriendo urgencia y emergencias, como exige la ley vigente para el sector sanitario.<\/p>\n<p>Pero no es casual que estas imputaciones se conozcan la misma semana que ATE difundi\u00f3 el vaciamiento de drogas para los pacientes de la farmacia del Hospital San Roque, denuncia que se suma a otras del mismo tenor sobre la ca\u00edda de inversi\u00f3n en el sector salud, que en medicamentos alcanzar\u00eda el 50%.<\/p>\n<p>En consecuencia, entendemos que esta judicializaci\u00f3n es un intento de escarmiento para silenciar a los trabajadores y a ATE, sentando un peligroso antecedente donde la justicia act\u00fae como brazo ejecutor de la criminalizaci\u00f3n de la protesta social, coartando tanto el derecho a huelga como la defensa de la salud p\u00fablica.<\/p>\n<p>Por todo ello, ma\u00f1ana jueves 19 de diciembre, a las 9 horas, ATE se presentar\u00e1 a la fiscal\u00eda interviniente, turno 2, distrito 3, ubicada en el edificio de Tribunales II, para ejercer la leg\u00edtima defensa de los trabajadores, reclamar el fin de la persecuci\u00f3n y exigir el respeto del derecho a huelga.<\/p>\n<p>Al mismo tiempo, ATE expresa una vez m\u00e1s su compromiso de continuar ejerciendo todos los derechos que como organizaci\u00f3n sindical le competen, as\u00ed como la libertad sindical, en respaldo del mandato de nuestros afiliados y de los trabajadores en general. De la misma forma, mantendremos la defensa de la salud p\u00fablica y proseguiremos denunciando las situaciones que afecten el normal funcionamiento de la atenci\u00f3n a los pacientes, conforme la legislaci\u00f3n vigente.<\/p>\n<p style=\"text-align: right;\">Daniel Pawluchuzk<\/p>\n<p style=\"text-align: right;\">Secretario de Prensa<\/p>\n","protected":false},"excerpt":{"rendered":"<p>Un fiscal imput\u00f3 a dos delegados de ATE que intervinieron en el plan de lucha del 2013 en otro intento de criminalizar la protesta social. La imputaci\u00f3n judicial, conocida ayer, de dos delegados del Hospital de Ni\u00f1os en el marco del plan de lucha que realizaron el a\u00f1o pasado los trabajadores de los hospitales provinciales, [&hellip;]<\/p>\n","protected":false},"author":1,"featured_media":19220,"comment_status":"open","ping_status":"open","sticky":false,"template":"","format":"standard","meta":{"_exactmetrics_skip_tracking":false,"_exactmetrics_sitenote_active":false,"_exactmetrics_sitenote_note":"","_exactmetrics_sitenote_category":0,"jnews-multi-image_gallery":[],"jnews_single_post":[],"jnews_primary_category":[],"jnews_social_meta":[],"jnews_review":[],"enable_review":"","type":"","name":"","summary":"","brand":"","sku":"","good":[],"bad":[],"score_override":"","override_value":"","rating":[],"price":[],"jnews_override_counter":[],"jnews_post_split":[],"footnotes":""},"categories":[53,7,8],"tags":[],"class_list":["post-4931","post","type-post","status-publish","format-standard","has-post-thumbnail","hentry","category-comunicados-de-prensa","category-hospitales","category-provinciales"],"jetpack_featured_media_url":"https:\/\/atecordoba.org\/wp-content\/uploads\/2020\/05\/logo-nuevochico-e1561581322808.png","_links":{"self":[{"href":"https:\/\/atecordoba.org\/index.php?rest_route=\/wp\/v2\/posts\/4931","targetHints":{"allow":["GET"]}}],"collection":[{"href":"https:\/\/atecordoba.org\/index.php?rest_route=\/wp\/v2\/posts"}],"about":[{"href":"https:\/\/atecordoba.org\/index.php?rest_route=\/wp\/v2\/types\/post"}],"author":[{"embeddable":true,"href":"https:\/\/atecordoba.org\/index.php?rest_route=\/wp\/v2\/users\/1"}],"replies":[{"embeddable":true,"href":"https:\/\/atecordoba.org\/index.php?rest_route=%2Fwp%2Fv2%2Fcomments&post=4931"}],"version-history":[{"count":0,"href":"https:\/\/atecordoba.org\/index.php?rest_route=\/wp\/v2\/posts\/4931\/revisions"}],"wp:featuredmedia":[{"embeddable":true,"href":"https:\/\/atecordoba.org\/index.php?rest_route=\/wp\/v2\/media\/19220"}],"wp:attachment":[{"href":"https:\/\/atecordoba.org\/index.php?rest_route=%2Fwp%2Fv2%2Fmedia&parent=4931"}],"wp:term":[{"taxonomy":"category","embeddable":true,"href":"https:\/\/atecordoba.org\/index.php?rest_route=%2Fwp%2Fv2%2Fcategories&post=4931"},{"taxonomy":"post_tag","embeddable":true,"href":"https:\/\/atecordoba.org\/index.php?rest_route=%2Fwp%2Fv2%2Ftags&post=4931"}],"curies":[{"name":"wp","href":"https:\/\/api.w.org\/{rel}","templated":true}]}}