{"id":49303,"date":"2025-06-25T15:03:41","date_gmt":"2025-06-25T18:03:41","guid":{"rendered":"https:\/\/atecordoba.org\/?p=49303"},"modified":"2025-06-25T16:26:07","modified_gmt":"2025-06-25T19:26:07","slug":"congreso-de-la-clate-giuliani-fue-electo-secretario-de-accion-sindical-y-campanas","status":"publish","type":"post","link":"https:\/\/atecordoba.org\/?p=49303","title":{"rendered":"Congreso de la CLATE: Giuliani fue electo secretario de Acci\u00f3n Sindical y Campa\u00f1as"},"content":{"rendered":"<p><img loading=\"lazy\" decoding=\"async\" class=\"aligncenter wp-image-49305 \" src=\"https:\/\/atecordoba.org\/wp-content\/uploads\/2025\/06\/IMG-20250625-WA0017-1024x768.jpg\" alt=\"\" width=\"610\" height=\"458\" srcset=\"https:\/\/atecordoba.org\/wp-content\/uploads\/2025\/06\/IMG-20250625-WA0017-1024x768.jpg 1024w, https:\/\/atecordoba.org\/wp-content\/uploads\/2025\/06\/IMG-20250625-WA0017-300x225.jpg 300w, https:\/\/atecordoba.org\/wp-content\/uploads\/2025\/06\/IMG-20250625-WA0017-768x576.jpg 768w, https:\/\/atecordoba.org\/wp-content\/uploads\/2025\/06\/IMG-20250625-WA0017-1536x1152.jpg 1536w, https:\/\/atecordoba.org\/wp-content\/uploads\/2025\/06\/IMG-20250625-WA0017-750x563.jpg 750w, https:\/\/atecordoba.org\/wp-content\/uploads\/2025\/06\/IMG-20250625-WA0017-1140x855.jpg 1140w, https:\/\/atecordoba.org\/wp-content\/uploads\/2025\/06\/IMG-20250625-WA0017.jpg 1600w\" sizes=\"auto, (max-width: 610px) 100vw, 610px\" \/>En el marco del 14 Congreso de la Confederaci\u00f3n Latinoamericana y del Caribe de Trabajadores y Trabajadoras del Estado (CLATE), que se desarrolla en el Hotel \u00abH\u00e9ctor Quagliaro\u00bb de ATE, hoy se eligieron las nuevas autoridades de conducci\u00f3n de la entidad sindical regional, siendo electo como secretario de Acci\u00f3n Sindical y Campa\u00f1as el secretario General de ATE C\u00f3rdoba, Federico Giuliani.<\/p>\n<p>Se trata de un fuerte reconocimiento a un dirigente estatal del interior, oriundo de R\u00edo Cuarto, que encabeza en la provincia un duro plan de lucha contra el ajuste de Milei, siendo v\u00edctima de distintas causas penales a ra\u00edz de enfrentar el modelo libertario en C\u00f3rdoba.<img loading=\"lazy\" decoding=\"async\" class=\"wp-image-49309 aligncenter\" src=\"https:\/\/atecordoba.org\/wp-content\/uploads\/2025\/06\/Imagen-de-WhatsApp-2025-06-25-a-las-13.55.29_9d6f09ac-e1750874422501-300x226.jpg\" alt=\"\" width=\"584\" height=\"440\" srcset=\"https:\/\/atecordoba.org\/wp-content\/uploads\/2025\/06\/Imagen-de-WhatsApp-2025-06-25-a-las-13.55.29_9d6f09ac-e1750874422501-300x226.jpg 300w, https:\/\/atecordoba.org\/wp-content\/uploads\/2025\/06\/Imagen-de-WhatsApp-2025-06-25-a-las-13.55.29_9d6f09ac-e1750874422501.jpg 720w\" sizes=\"auto, (max-width: 584px) 100vw, 584px\" \/><\/p>\n<p>En tal sentido, Giuliani destac\u00f3 que la designaci\u00f3n &#8220;es un orgullo, pero sobre todo para m\u00ed que me crie en un barrio de ATE de una ciudad del interior como R\u00edo Cuarto, que mi madre fue trabajadora del Estado, que me toc\u00f3 recorrer una largo camino en nuestra organizaci\u00f3n sindical, desde delegado de base en el SENASA, la Secretaria General de ATE R\u00edo Cuarto y actualmente en el Consejo Directivo Provincial de ATE C\u00f3rdoba&#8221;.<\/p>\n<p>El dirigente record\u00f3 que &#8220;como dec\u00eda Per\u00f3n &#8216;la verdadera pol\u00edtica es la pol\u00edtica mundial&#8217;, el resto, lo local, es una cuesti\u00f3n de gesti\u00f3n. Por lo cual, en este contexto que estamos viviendo de permanentes din\u00e1micas en la geopol\u00edtica mundial, me parece muy importante empezar a mirar el desaf\u00edo del nuevo sujeto estatal en Latinoam\u00e9rica&#8221;.<img loading=\"lazy\" decoding=\"async\" class=\"aligncenter wp-image-49310 \" src=\"https:\/\/atecordoba.org\/wp-content\/uploads\/2025\/06\/IMG-20250625-WA0021-1024x768.jpg\" alt=\"\" width=\"613\" height=\"460\" srcset=\"https:\/\/atecordoba.org\/wp-content\/uploads\/2025\/06\/IMG-20250625-WA0021-1024x768.jpg 1024w, https:\/\/atecordoba.org\/wp-content\/uploads\/2025\/06\/IMG-20250625-WA0021-300x225.jpg 300w, https:\/\/atecordoba.org\/wp-content\/uploads\/2025\/06\/IMG-20250625-WA0021-768x576.jpg 768w, https:\/\/atecordoba.org\/wp-content\/uploads\/2025\/06\/IMG-20250625-WA0021-1536x1152.jpg 1536w, https:\/\/atecordoba.org\/wp-content\/uploads\/2025\/06\/IMG-20250625-WA0021-750x563.jpg 750w, https:\/\/atecordoba.org\/wp-content\/uploads\/2025\/06\/IMG-20250625-WA0021-1140x855.jpg 1140w, https:\/\/atecordoba.org\/wp-content\/uploads\/2025\/06\/IMG-20250625-WA0021.jpg 1600w\" sizes=\"auto, (max-width: 613px) 100vw, 613px\" \/><\/p>\n<p>Y se\u00f1al\u00f3 que en los \u00faltimos tiempos &#8220;cambi\u00f3 el Estado, estamos en una nueva fase del capitalismo, y claro que esto conlleva que desde el sindicalismo tengamos que reinventarnos permanentemente sin perder de vista que la clave siempre ser\u00e1 la organizaci\u00f3n, la unidad y la lucha por nuestros derechos&#8221;.<\/p>\n<p>&#8220;Es un orgullo muy grande ser parte desde C\u00f3rdoba de esta construcci\u00f3n latinoamericana y del caribe por el mandato 2025-2029 y claramente vamos a trabajar en conjunto con nuestro presidente Julio Fuentes para tratar de seguir ensanchando y creciendo esta confederaci\u00f3n en la regi\u00f3n&#8221;, remat\u00f3 el secretario General de ATE C\u00f3rdoba.<\/p>\n<p>La comitiva cordobesa en el 14 Congreso de la CLATE estuvo integrada por la secretaria Adjunta del CDP, Gabriela Alcoba, la secretario General de ATE R\u00edo Cuarto, Rafaela Alcoba, la secretaria de Prensa del CDP, Julia Giuliani, y su par de Derechos Humanos, C\u00e9sar Theaux.<\/p>\n<div id='gallery_1' class='gallery galleryid-49303 gallery-columns-3 gallery-size-thumbnail'><figure class='gallery-item'>\n                <div class='gallery-icon landscape'>\n                    <a href='https:\/\/atecordoba.org\/wp-content\/uploads\/2025\/06\/IMG-20250625-WA0022.jpg'><img loading=\"lazy\" decoding=\"async\" width=\"150\" height=\"150\" src=\"\" class=\"attachment-thumbnail size-thumbnail lazyload\" alt=\"\" data-src=\"https:\/\/atecordoba.org\/wp-content\/uploads\/2025\/06\/IMG-20250625-WA0022-150x150.jpg\" data-sizes=\"auto\" data-srcset=\"https:\/\/atecordoba.org\/wp-content\/uploads\/2025\/06\/IMG-20250625-WA0022-150x150.jpg 150w, https:\/\/atecordoba.org\/wp-content\/uploads\/2025\/06\/IMG-20250625-WA0022-560x560.jpg 560w, https:\/\/atecordoba.org\/wp-content\/uploads\/2025\/06\/IMG-20250625-WA0022-75x75.jpg 75w, https:\/\/atecordoba.org\/wp-content\/uploads\/2025\/06\/IMG-20250625-WA0022-350x350.jpg 350w\" data-expand=\"700\" \/><\/a>\n                <\/div><\/figure><figure class='gallery-item'>\n                <div class='gallery-icon landscape'>\n                    <a href='https:\/\/atecordoba.org\/wp-content\/uploads\/2025\/06\/IMG-20250625-WA0023.jpg'><img loading=\"lazy\" decoding=\"async\" width=\"150\" height=\"150\" src=\"\" class=\"attachment-thumbnail size-thumbnail lazyload\" alt=\"\" data-src=\"https:\/\/atecordoba.org\/wp-content\/uploads\/2025\/06\/IMG-20250625-WA0023-150x150.jpg\" data-sizes=\"auto\" data-srcset=\"https:\/\/atecordoba.org\/wp-content\/uploads\/2025\/06\/IMG-20250625-WA0023-150x150.jpg 150w, https:\/\/atecordoba.org\/wp-content\/uploads\/2025\/06\/IMG-20250625-WA0023-560x560.jpg 560w, https:\/\/atecordoba.org\/wp-content\/uploads\/2025\/06\/IMG-20250625-WA0023-75x75.jpg 75w, https:\/\/atecordoba.org\/wp-content\/uploads\/2025\/06\/IMG-20250625-WA0023-350x350.jpg 350w\" data-expand=\"700\" \/><\/a>\n                <\/div><\/figure><figure class='gallery-item'>\n                <div class='gallery-icon landscape'>\n                    <a href='https:\/\/atecordoba.org\/wp-content\/uploads\/2025\/06\/IMG-20250625-WA0020.jpg'><img loading=\"lazy\" decoding=\"async\" width=\"150\" height=\"150\" src=\"\" class=\"attachment-thumbnail size-thumbnail lazyload\" alt=\"\" data-src=\"https:\/\/atecordoba.org\/wp-content\/uploads\/2025\/06\/IMG-20250625-WA0020-150x150.jpg\" data-sizes=\"auto\" data-srcset=\"https:\/\/atecordoba.org\/wp-content\/uploads\/2025\/06\/IMG-20250625-WA0020-150x150.jpg 150w, https:\/\/atecordoba.org\/wp-content\/uploads\/2025\/06\/IMG-20250625-WA0020-560x560.jpg 560w, https:\/\/atecordoba.org\/wp-content\/uploads\/2025\/06\/IMG-20250625-WA0020-75x75.jpg 75w, https:\/\/atecordoba.org\/wp-content\/uploads\/2025\/06\/IMG-20250625-WA0020-350x350.jpg 350w\" data-expand=\"700\" \/><\/a>\n                <\/div><\/figure><br style=\"clear: both\" \/>\n            <\/div>\n\n<p>&nbsp;<\/p>\n","protected":false},"excerpt":{"rendered":"<p>En el marco del 14 Congreso de la Confederaci\u00f3n Latinoamericana y del Caribe de Trabajadores y Trabajadoras del Estado (CLATE), que se desarrolla en el Hotel \u00abH\u00e9ctor Quagliaro\u00bb de ATE, hoy se eligieron las nuevas autoridades de conducci\u00f3n de la entidad sindical regional, siendo electo como secretario de Acci\u00f3n Sindical y Campa\u00f1as el secretario General [&hellip;]<\/p>\n","protected":false},"author":7,"featured_media":49305,"comment_status":"open","ping_status":"open","sticky":false,"template":"","format":"standard","meta":{"_exactmetrics_skip_tracking":false,"_exactmetrics_sitenote_active":false,"_exactmetrics_sitenote_note":"","_exactmetrics_sitenote_category":0,"jnews-multi-image_gallery":[],"jnews_single_post":{"format":"standard","override":[{"template":"1","parallax":"1","fullscreen":"1","layout":"no-sidebar-narrow","sidebar":"default-sidebar","second_sidebar":"default-sidebar","sticky_sidebar":"1","share_position":"bottom","share_float_style":"share-monocrhome","show_share_counter":"1","show_view_counter":"1","show_post_meta":"1","show_post_author_image":"1","show_post_date":"1","post_date_format":"default","post_date_format_custom":"Y\/m\/d","show_post_category":"1","show_post_reading_time":"0","post_reading_time_wpm":"300","post_calculate_word_method":"str_word_count","show_zoom_button":"0","zoom_button_out_step":"2","zoom_button_in_step":"3","show_post_tag":"1","number_popup_post":"1","show_post_related":"1","show_inline_post_related":"0"}],"image_override":[{"single_post_thumbnail_size":"crop-500","single_post_gallery_size":"crop-500"}],"trending_post_position":"meta","trending_post_label":"Trending","sponsored_post_label":"Sponsored by","disable_ad":"0"},"jnews_primary_category":[],"jnews_social_meta":[],"jnews_review":[],"enable_review":"","type":"percentage","name":"","summary":"","brand":"","sku":"","good":[],"bad":[],"score_override":"","override_value":"","rating":[],"price":[],"jnews_override_counter":{"view_counter_number":"0","share_counter_number":"0","like_counter_number":"0","dislike_counter_number":"0"},"jnews_post_split":{"post_split":[{"template":"1","tag":"h2","numbering":"asc","mode":"normal","first":"0","enable_toc":"0","toc_type":"normal"}]},"footnotes":""},"categories":[129],"tags":[],"class_list":["post-49303","post","type-post","status-publish","format-standard","has-post-thumbnail","hentry","category-clate"],"jetpack_featured_media_url":"https:\/\/atecordoba.org\/wp-content\/uploads\/2025\/06\/IMG-20250625-WA0017.jpg","_links":{"self":[{"href":"https:\/\/atecordoba.org\/index.php?rest_route=\/wp\/v2\/posts\/49303","targetHints":{"allow":["GET"]}}],"collection":[{"href":"https:\/\/atecordoba.org\/index.php?rest_route=\/wp\/v2\/posts"}],"about":[{"href":"https:\/\/atecordoba.org\/index.php?rest_route=\/wp\/v2\/types\/post"}],"author":[{"embeddable":true,"href":"https:\/\/atecordoba.org\/index.php?rest_route=\/wp\/v2\/users\/7"}],"replies":[{"embeddable":true,"href":"https:\/\/atecordoba.org\/index.php?rest_route=%2Fwp%2Fv2%2Fcomments&post=49303"}],"version-history":[{"count":3,"href":"https:\/\/atecordoba.org\/index.php?rest_route=\/wp\/v2\/posts\/49303\/revisions"}],"predecessor-version":[{"id":49319,"href":"https:\/\/atecordoba.org\/index.php?rest_route=\/wp\/v2\/posts\/49303\/revisions\/49319"}],"wp:featuredmedia":[{"embeddable":true,"href":"https:\/\/atecordoba.org\/index.php?rest_route=\/wp\/v2\/media\/49305"}],"wp:attachment":[{"href":"https:\/\/atecordoba.org\/index.php?rest_route=%2Fwp%2Fv2%2Fmedia&parent=49303"}],"wp:term":[{"taxonomy":"category","embeddable":true,"href":"https:\/\/atecordoba.org\/index.php?rest_route=%2Fwp%2Fv2%2Fcategories&post=49303"},{"taxonomy":"post_tag","embeddable":true,"href":"https:\/\/atecordoba.org\/index.php?rest_route=%2Fwp%2Fv2%2Ftags&post=49303"}],"curies":[{"name":"wp","href":"https:\/\/api.w.org\/{rel}","templated":true}]}}