{"id":49297,"date":"2025-06-25T12:54:10","date_gmt":"2025-06-25T15:54:10","guid":{"rendered":"https:\/\/atecordoba.org\/?p=49297"},"modified":"2025-06-25T14:13:40","modified_gmt":"2025-06-25T17:13:40","slug":"ate-repudia-la-eliminacion-por-decreto-de-milei-del-dia-del-empleado-publico","status":"publish","type":"post","link":"https:\/\/atecordoba.org\/?p=49297","title":{"rendered":"ATE repudia la eliminaci\u00f3n por decreto de Milei del D\u00eda del Empleado P\u00fablico"},"content":{"rendered":"<p><img loading=\"lazy\" decoding=\"async\" class=\"aligncenter wp-image-49298 \" src=\"https:\/\/atecordoba.org\/wp-content\/uploads\/2025\/06\/estafador-milei-819x1024.jpg\" alt=\"\" width=\"633\" height=\"792\" srcset=\"https:\/\/atecordoba.org\/wp-content\/uploads\/2025\/06\/estafador-milei-819x1024.jpg 819w, https:\/\/atecordoba.org\/wp-content\/uploads\/2025\/06\/estafador-milei-240x300.jpg 240w, https:\/\/atecordoba.org\/wp-content\/uploads\/2025\/06\/estafador-milei-768x960.jpg 768w, https:\/\/atecordoba.org\/wp-content\/uploads\/2025\/06\/estafador-milei-1229x1536.jpg 1229w, https:\/\/atecordoba.org\/wp-content\/uploads\/2025\/06\/estafador-milei-750x938.jpg 750w, https:\/\/atecordoba.org\/wp-content\/uploads\/2025\/06\/estafador-milei-1140x1425.jpg 1140w, https:\/\/atecordoba.org\/wp-content\/uploads\/2025\/06\/estafador-milei.jpg 1638w\" sizes=\"auto, (max-width: 633px) 100vw, 633px\" \/>El Consejo Directivo Provincial de ATE C\u00f3rdoba repudia el decreto de Milei que elimina el D\u00eda del Empleado P\u00fablico, establecido por el Congreso por unanimidad a trav\u00e9s de la ley 26.876.<\/p>\n<p>La norma fija el 27 de junio como d\u00eda de asueto no laborable en reconocimiento al trabajo que realizamos las y los estatales.<\/p>\n<p>El vocero Manuel Adorni, al fundamentar la medida, se justific\u00f3 al se\u00f1alar que &#8220;el Estado no es un lugar en el que deba ser posible tomarse un d\u00eda sab\u00e1tico ni gozar de cualquier otro privilegio que el trabajador del privado no tiene&#8221;.<\/p>\n<p>La curiosidad es que haya sido Adorni quien pusiera la cara en este artero y brutal ataque a las y los estatales, atento que sembr\u00f3 de familiares el Estado nacional. As\u00ed le respondi\u00f3 el secretario General de ATE, Rodolfo Aguiar, al afirmar que &#8220;e<span class=\"css-1jxf684 r-bcqeeo r-1ttztb7 r-qvutc0 r-poiln3\">l \u00fanico que goza de privilegios del Estado sos vos<\/span><span class=\"css-1jxf684 r-bcqeeo r-1ttztb7 r-qvutc0 r-poiln3\">, cara dura. Llenaste la Secretar\u00eda de Comunicaci\u00f3n de familiares y militantes libertarios con sueldos millonarios. Ustedes no lo pueden entender, no tienen un d\u00eda para ustedes porque no laburaron un s\u00f3lo d\u00eda en su vida&#8221;.<\/span><\/p>\n<p>El dirigente estatal fustig\u00f3 el decreto al denunciar el el gobierno nacional quiere &#8220;destruir el Estado y tambi\u00e9n a los estatales, por eso intentan eliminar el d\u00eda que nos reconoce como tales, pero no van a poder! Es un nuevo acto desp\u00f3tico propio de un r\u00e9gimen autoritario y autocr\u00e1tico&#8221;.<\/p>\n<p>Y agreg\u00f3: &#8220;Ent\u00e9rese! S\u00f3lo el Congreso puede derogar una Ley que el mismo sancion\u00f3&#8221;.<\/p>\n<p>Desde su asunci\u00f3n el gobierno de Milei viene aplicando un feroz ajuste sobre el Estado, despidiendo miles de estatales y dejando a sus familias a la intemperie, mientras clausura organismos p\u00fablicos y cercena a la poblaci\u00f3n de ejercer los derechos que garantiza la Constituci\u00f3n Nacional. En C\u00f3rdoba,, esta realidad llev\u00f3 a nuestra organizaci\u00f3n a sostener un plan de lucha contra el ajuste desde el inicio mismo del r\u00e9gimen libertario.<\/p>\n<p>&nbsp;<\/p>\n","protected":false},"excerpt":{"rendered":"<p>El Consejo Directivo Provincial de ATE C\u00f3rdoba repudia el decreto de Milei que elimina el D\u00eda del Empleado P\u00fablico, establecido por el Congreso por unanimidad a trav\u00e9s de la ley 26.876. La norma fija el 27 de junio como d\u00eda de asueto no laborable en reconocimiento al trabajo que realizamos las y los estatales. El [&hellip;]<\/p>\n","protected":false},"author":7,"featured_media":49301,"comment_status":"open","ping_status":"open","sticky":false,"template":"","format":"standard","meta":{"_exactmetrics_skip_tracking":false,"_exactmetrics_sitenote_active":false,"_exactmetrics_sitenote_note":"","_exactmetrics_sitenote_category":0,"jnews-multi-image_gallery":[],"jnews_single_post":{"format":"standard","override":[{"template":"1","parallax":"1","fullscreen":"1","layout":"no-sidebar-narrow","sidebar":"default-sidebar","second_sidebar":"default-sidebar","sticky_sidebar":"1","share_position":"bottom","share_float_style":"share-monocrhome","show_share_counter":"1","show_view_counter":"1","show_post_meta":"1","show_post_author_image":"1","show_post_date":"1","post_date_format":"default","post_date_format_custom":"Y\/m\/d","show_post_category":"1","show_post_reading_time":"0","post_reading_time_wpm":"300","post_calculate_word_method":"str_word_count","show_zoom_button":"0","zoom_button_out_step":"2","zoom_button_in_step":"3","show_post_tag":"1","number_popup_post":"1","show_post_related":"1","show_inline_post_related":"0"}],"image_override":[{"single_post_thumbnail_size":"crop-500","single_post_gallery_size":"crop-500"}],"trending_post_position":"meta","trending_post_label":"Trending","sponsored_post_label":"Sponsored by","disable_ad":"0"},"jnews_primary_category":[],"jnews_social_meta":[],"jnews_review":[],"enable_review":"","type":"percentage","name":"","summary":"","brand":"","sku":"","good":[],"bad":[],"score_override":"","override_value":"","rating":[],"price":[],"jnews_override_counter":{"view_counter_number":"0","share_counter_number":"0","like_counter_number":"0","dislike_counter_number":"0"},"jnews_post_split":{"post_split":[{"template":"1","tag":"h2","numbering":"asc","mode":"normal","first":"0","enable_toc":"0","toc_type":"normal"}]},"footnotes":""},"categories":[10],"tags":[],"class_list":["post-49297","post","type-post","status-publish","format-standard","has-post-thumbnail","hentry","category-accion-politica"],"jetpack_featured_media_url":"https:\/\/atecordoba.org\/wp-content\/uploads\/2025\/06\/estafador-milei-recortado-e1750871602254.jpg","_links":{"self":[{"href":"https:\/\/atecordoba.org\/index.php?rest_route=\/wp\/v2\/posts\/49297","targetHints":{"allow":["GET"]}}],"collection":[{"href":"https:\/\/atecordoba.org\/index.php?rest_route=\/wp\/v2\/posts"}],"about":[{"href":"https:\/\/atecordoba.org\/index.php?rest_route=\/wp\/v2\/types\/post"}],"author":[{"embeddable":true,"href":"https:\/\/atecordoba.org\/index.php?rest_route=\/wp\/v2\/users\/7"}],"replies":[{"embeddable":true,"href":"https:\/\/atecordoba.org\/index.php?rest_route=%2Fwp%2Fv2%2Fcomments&post=49297"}],"version-history":[{"count":2,"href":"https:\/\/atecordoba.org\/index.php?rest_route=\/wp\/v2\/posts\/49297\/revisions"}],"predecessor-version":[{"id":49300,"href":"https:\/\/atecordoba.org\/index.php?rest_route=\/wp\/v2\/posts\/49297\/revisions\/49300"}],"wp:featuredmedia":[{"embeddable":true,"href":"https:\/\/atecordoba.org\/index.php?rest_route=\/wp\/v2\/media\/49301"}],"wp:attachment":[{"href":"https:\/\/atecordoba.org\/index.php?rest_route=%2Fwp%2Fv2%2Fmedia&parent=49297"}],"wp:term":[{"taxonomy":"category","embeddable":true,"href":"https:\/\/atecordoba.org\/index.php?rest_route=%2Fwp%2Fv2%2Fcategories&post=49297"},{"taxonomy":"post_tag","embeddable":true,"href":"https:\/\/atecordoba.org\/index.php?rest_route=%2Fwp%2Fv2%2Ftags&post=49297"}],"curies":[{"name":"wp","href":"https:\/\/api.w.org\/{rel}","templated":true}]}}