{"id":49290,"date":"2025-06-25T11:45:09","date_gmt":"2025-06-25T14:45:09","guid":{"rendered":"https:\/\/atecordoba.org\/?p=49290"},"modified":"2025-06-25T11:46:20","modified_gmt":"2025-06-25T14:46:20","slug":"la-justicia-laboral-acepto-un-amparo-de-mas-de-20-gremios-contra-las-resoluciones-de-bullrich-que-atacan-el-derecho-a-huelga","status":"publish","type":"post","link":"https:\/\/atecordoba.org\/?p=49290","title":{"rendered":"La Justicia Laboral acept\u00f3 un amparo de m\u00e1s de 20 gremios contra las Resoluciones de Bullrich que atacan el derecho a huelga"},"content":{"rendered":"<p><img loading=\"lazy\" decoding=\"async\" class=\"aligncenter wp-image-49291 \" src=\"https:\/\/atecordoba.org\/wp-content\/uploads\/2025\/06\/bullrich-4.jpeg\" alt=\"\" width=\"621\" height=\"517\" srcset=\"https:\/\/atecordoba.org\/wp-content\/uploads\/2025\/06\/bullrich-4.jpeg 640w, https:\/\/atecordoba.org\/wp-content\/uploads\/2025\/06\/bullrich-4-300x250.jpeg 300w\" sizes=\"auto, (max-width: 621px) 100vw, 621px\" \/>La C\u00e1mara Nacional de Apelaciones del Trabajo, en una resoluci\u00f3n clave para la defensa de los derechos sindicales<strong>, <\/strong>dio curso ayer a la acci\u00f3n de amparo presentada por organizaciones gremiales contra las Resoluciones 893\/2024 y 901\/2024 del Ministerio de Seguridad de la Naci\u00f3n, la CTAA entre otras, y revoc\u00f3 el rechazo inicial de una acci\u00f3n que denuncia la criminalizaci\u00f3n de la protesta gremial y la injerencia ileg\u00edtima del Ministerio de Seguridad, de Patricia Bullrich, en asuntos laborales.<\/p>\n<p>La demanda, promovida por m\u00e1s de 20 organizaciones sindicales, denuncia que las mencionadas resoluciones instauran un protocolo que permite la intervenci\u00f3n de fuerzas de seguridad, la identificaci\u00f3n de manifestantes y hasta la remisi\u00f3n de sus datos a la justicia penal, configurando un mecanismo de represi\u00f3n y criminalizaci\u00f3n del ejercicio del derecho a huelga.<\/p>\n<p>En el amparo, las organizaciones sindicales alegaron que las normas atacadas constituyen<strong>\u00a0una avanzada inconstitucional sobre la libertad sindical,<\/strong> permitiendo que el gobierno defina, sin control judicial, si una medida gremial constituye un \u00abbloqueo\u00bb pasible de intervenci\u00f3n policial, despido laboral o persecuci\u00f3n penal. Todo ello, en abierta contradicci\u00f3n con la Constituci\u00f3n Nacional, los convenios de la OIT y tratados internacionales de derechos humanos con jerarqu\u00eda constitucional.<\/p>\n<p>\u201cNos referimos con particular \u00e9nfasis al Derecho de Huelga, la represi\u00f3n contra su ejercicio y los despidos, represalias o discriminatorios que se operativizar\u00e1n por el ejercicio leg\u00edtimo de la actividad sindical, pero tambi\u00e9n a la autonom\u00eda colectiva en orden a las acciones de autotutela gremial y desarrollo pleno de su plan de acci\u00f3n en la esfera externa sindical e, incluso, por la notoria afectaci\u00f3n de la capacidad de negociaci\u00f3n colectiva al comprometerse en tan alto grado una herramienta fundamental (la huelga) para alcanzar equilibrios indispensables en las concertaciones colectivas\u201d, <a href=\"https:\/\/ctaa.org.ar\/la-cta-impulso-una-presentacion-judicial-contra-el-gobierno-de-milei-en-defensa-de-la-libertad-sindical-y-el-derecho-a-huelga\/\">hab\u00edan denunciado los gremios amparistas<\/a> oportunamente. <img loading=\"lazy\" decoding=\"async\" class=\"aligncenter wp-image-49292 \" src=\"https:\/\/atecordoba.org\/wp-content\/uploads\/2025\/06\/bullrich-3-1024x606.webp\" alt=\"\" width=\"617\" height=\"365\" srcset=\"https:\/\/atecordoba.org\/wp-content\/uploads\/2025\/06\/bullrich-3-1024x606.webp 1024w, https:\/\/atecordoba.org\/wp-content\/uploads\/2025\/06\/bullrich-3-300x178.webp 300w, https:\/\/atecordoba.org\/wp-content\/uploads\/2025\/06\/bullrich-3-768x455.webp 768w, https:\/\/atecordoba.org\/wp-content\/uploads\/2025\/06\/bullrich-3-750x444.webp 750w, https:\/\/atecordoba.org\/wp-content\/uploads\/2025\/06\/bullrich-3.webp 1140w\" sizes=\"auto, (max-width: 617px) 100vw, 617px\" \/><\/p>\n<p><strong>La resoluci\u00f3n judicial<\/strong><\/p>\n<p>La C\u00e1mara, al revocar el fallo de primera instancia que hab\u00eda rechazado \u201cin limine\u201d la acci\u00f3n, sostuvo que el amparo sindical previsto en el art\u00edculo 47 de la Ley 23.551 es una herramienta procesal adecuada para cuestionar actos estatales que puedan interferir con el ejercicio regular de los derechos colectivos.<\/p>\n<p>Asimismo, destac\u00f3 que<strong>\u00a0las resoluciones emitidas por el Ministerio de Seguridad, en tanto podr\u00edan incidir sobre la actividad gremial<\/strong>\u00a0en los \u00e1mbitos de representaci\u00f3n de las entidades actoras, configuran un escenario que justifica la apertura del proceso y la revisi\u00f3n judicial, ante el riesgo cierto de afectaci\u00f3n a garant\u00edas constitucionales vinculadas a la libertad sindical.<\/p>\n<p>Ahora queda por resolver la medida cautelar solicitada por el juzgado de origen, d\u00f3nde\u00a0<strong>se solicito la suspensi\u00f3n de las resoluciones ministeriales mientras se tramite el fondo de la cuesti\u00f3n.<\/strong><\/p>\n","protected":false},"excerpt":{"rendered":"<p>La C\u00e1mara Nacional de Apelaciones del Trabajo, en una resoluci\u00f3n clave para la defensa de los derechos sindicales, dio curso ayer a la acci\u00f3n de amparo presentada por organizaciones gremiales contra las Resoluciones 893\/2024 y 901\/2024 del Ministerio de Seguridad de la Naci\u00f3n, la CTAA entre otras, y revoc\u00f3 el rechazo inicial de una acci\u00f3n [&hellip;]<\/p>\n","protected":false},"author":7,"featured_media":49292,"comment_status":"open","ping_status":"open","sticky":false,"template":"","format":"standard","meta":{"_exactmetrics_skip_tracking":false,"_exactmetrics_sitenote_active":false,"_exactmetrics_sitenote_note":"","_exactmetrics_sitenote_category":0,"jnews-multi-image_gallery":[],"jnews_single_post":{"format":"standard","override":[{"template":"1","parallax":"1","fullscreen":"1","layout":"no-sidebar-narrow","sidebar":"default-sidebar","second_sidebar":"default-sidebar","sticky_sidebar":"1","share_position":"bottom","share_float_style":"share-monocrhome","show_share_counter":"1","show_view_counter":"1","show_post_meta":"1","show_post_author_image":"1","show_post_date":"1","post_date_format":"default","post_date_format_custom":"Y\/m\/d","show_post_category":"1","show_post_reading_time":"0","post_reading_time_wpm":"300","post_calculate_word_method":"str_word_count","show_zoom_button":"0","zoom_button_out_step":"2","zoom_button_in_step":"3","show_post_tag":"1","number_popup_post":"1","show_post_related":"1","show_inline_post_related":"0"}],"image_override":[{"single_post_thumbnail_size":"crop-500","single_post_gallery_size":"crop-500"}],"trending_post_position":"meta","trending_post_label":"Trending","sponsored_post_label":"Sponsored by","disable_ad":"0"},"jnews_primary_category":[],"jnews_social_meta":[],"jnews_review":[],"enable_review":"","type":"percentage","name":"","summary":"","brand":"","sku":"","good":[],"bad":[],"score_override":"","override_value":"","rating":[],"price":[],"jnews_override_counter":{"view_counter_number":"0","share_counter_number":"0","like_counter_number":"0","dislike_counter_number":"0"},"jnews_post_split":{"post_split":[{"template":"1","tag":"h2","numbering":"asc","mode":"normal","first":"0","enable_toc":"0","toc_type":"normal"}]},"footnotes":""},"categories":[92],"tags":[],"class_list":["post-49290","post","type-post","status-publish","format-standard","has-post-thumbnail","hentry","category-cta"],"jetpack_featured_media_url":"https:\/\/atecordoba.org\/wp-content\/uploads\/2025\/06\/bullrich-3.webp","_links":{"self":[{"href":"https:\/\/atecordoba.org\/index.php?rest_route=\/wp\/v2\/posts\/49290","targetHints":{"allow":["GET"]}}],"collection":[{"href":"https:\/\/atecordoba.org\/index.php?rest_route=\/wp\/v2\/posts"}],"about":[{"href":"https:\/\/atecordoba.org\/index.php?rest_route=\/wp\/v2\/types\/post"}],"author":[{"embeddable":true,"href":"https:\/\/atecordoba.org\/index.php?rest_route=\/wp\/v2\/users\/7"}],"replies":[{"embeddable":true,"href":"https:\/\/atecordoba.org\/index.php?rest_route=%2Fwp%2Fv2%2Fcomments&post=49290"}],"version-history":[{"count":2,"href":"https:\/\/atecordoba.org\/index.php?rest_route=\/wp\/v2\/posts\/49290\/revisions"}],"predecessor-version":[{"id":49294,"href":"https:\/\/atecordoba.org\/index.php?rest_route=\/wp\/v2\/posts\/49290\/revisions\/49294"}],"wp:featuredmedia":[{"embeddable":true,"href":"https:\/\/atecordoba.org\/index.php?rest_route=\/wp\/v2\/media\/49292"}],"wp:attachment":[{"href":"https:\/\/atecordoba.org\/index.php?rest_route=%2Fwp%2Fv2%2Fmedia&parent=49290"}],"wp:term":[{"taxonomy":"category","embeddable":true,"href":"https:\/\/atecordoba.org\/index.php?rest_route=%2Fwp%2Fv2%2Fcategories&post=49290"},{"taxonomy":"post_tag","embeddable":true,"href":"https:\/\/atecordoba.org\/index.php?rest_route=%2Fwp%2Fv2%2Ftags&post=49290"}],"curies":[{"name":"wp","href":"https:\/\/api.w.org\/{rel}","templated":true}]}}