{"id":49284,"date":"2025-06-24T10:52:31","date_gmt":"2025-06-24T13:52:31","guid":{"rendered":"https:\/\/atecordoba.org\/?p=49284"},"modified":"2025-06-24T10:52:31","modified_gmt":"2025-06-24T13:52:31","slug":"clate-manana-comienza-14o-congreso-en-buenos-aires","status":"publish","type":"post","link":"https:\/\/atecordoba.org\/?p=49284","title":{"rendered":"CLATE: Ma\u00f1ana comienza 14\u00ba Congreso en Buenos Aires"},"content":{"rendered":"<p class=\"wp-block-heading\"><img loading=\"lazy\" decoding=\"async\" class=\"aligncenter wp-image-49285 \" src=\"https:\/\/atecordoba.org\/wp-content\/uploads\/2025\/06\/flyer-congreso-clate.jpg\" alt=\"\" width=\"872\" height=\"575\" srcset=\"https:\/\/atecordoba.org\/wp-content\/uploads\/2025\/06\/flyer-congreso-clate.jpg 872w, https:\/\/atecordoba.org\/wp-content\/uploads\/2025\/06\/flyer-congreso-clate-300x198.jpg 300w, https:\/\/atecordoba.org\/wp-content\/uploads\/2025\/06\/flyer-congreso-clate-768x506.jpg 768w, https:\/\/atecordoba.org\/wp-content\/uploads\/2025\/06\/flyer-congreso-clate-750x495.jpg 750w\" sizes=\"auto, (max-width: 872px) 100vw, 872px\" \/>El 25 y 26 de junio, la Confederaci\u00f3n Latinoamericana y del Caribe de Trabajadores Estatales (CLATE) realizar\u00e1 su 14\u00ba Congreso Ordinario y Extraordinario en la ciudad de Buenos Aires, Argentina.<\/p>\n<p>Con la presencia de\u00a0m\u00e1s de 100 congresales\u00a0de\u00a017 pa\u00edses\u00a0de\u00a0Am\u00e9rica Latina y el Caribe\u00a0e invitados internacionales, se llevar\u00e1 a cabo, en el Hotel \u00abH\u00e9ctor Quagliaro\u00bb de ATE Argentina, en el marco del a\u00f1o de nuestro gremio.<\/p>\n<p>El Congreso someter\u00e1 a votaci\u00f3n la Memoria 2021-2025, que re\u00fane todas las acciones realizadas por la Confederaci\u00f3n en los \u00faltimos cuatro a\u00f1os, y se elegir\u00e1 la nueva conducci\u00f3n de la CLATE para el per\u00edodo 2025-2029. Adem\u00e1s, se definir\u00e1n las l\u00edneas de trabajo y acci\u00f3n para la pr\u00f3xima etapa.<\/p>\n<p>En la segunda jornada del evento, se brindar\u00e1 un informe sobre la presentaci\u00f3n ante la 113\u00aa Conferencia Internacional del Trabajo del estudio elaborado por CLATE y la Asociaci\u00f3n Latinoamericana de Abogados\/as Laboralistas (ALAL), que preside el abogado de ATE Mat\u00edas Cremonte, sobre \u00abLa negociaci\u00f3n colectiva en el sector p\u00fablico: un camino a seguir\u00bb. Tambi\u00e9n, se ofrecer\u00e1 una charla sobre la relaci\u00f3n entre China y Am\u00e9rica Latina y el Caribe.<\/p>\n<p>\u00abEste ser\u00e1 un Congreso muy importante, ya que vuelve a realizarse de manera presencial en la ciudad de Buenos Aires y en el marco de los\u00a0100 a\u00f1os\u00a0de una de nuestras organizaciones fundadoras, la Asociaci\u00f3n Trabajadores del Estado\u00bb, expres\u00f3\u00a0Julio Fuentes, presidente de la Confederaci\u00f3n.<\/p>\n","protected":false},"excerpt":{"rendered":"<p>El 25 y 26 de junio, la Confederaci\u00f3n Latinoamericana y del Caribe de Trabajadores Estatales (CLATE) realizar\u00e1 su 14\u00ba Congreso Ordinario y Extraordinario en la ciudad de Buenos Aires, Argentina. Con la presencia de\u00a0m\u00e1s de 100 congresales\u00a0de\u00a017 pa\u00edses\u00a0de\u00a0Am\u00e9rica Latina y el Caribe\u00a0e invitados internacionales, se llevar\u00e1 a cabo, en el Hotel \u00abH\u00e9ctor Quagliaro\u00bb de ATE [&hellip;]<\/p>\n","protected":false},"author":7,"featured_media":49286,"comment_status":"open","ping_status":"open","sticky":false,"template":"","format":"standard","meta":{"_exactmetrics_skip_tracking":false,"_exactmetrics_sitenote_active":false,"_exactmetrics_sitenote_note":"","_exactmetrics_sitenote_category":0,"jnews-multi-image_gallery":[],"jnews_single_post":{"format":"standard","override":[{"template":"1","parallax":"1","fullscreen":"1","layout":"no-sidebar-narrow","sidebar":"default-sidebar","second_sidebar":"default-sidebar","sticky_sidebar":"1","share_position":"bottom","share_float_style":"share-monocrhome","show_share_counter":"1","show_view_counter":"1","show_post_meta":"1","show_post_author_image":"1","show_post_date":"1","post_date_format":"default","post_date_format_custom":"Y\/m\/d","show_post_category":"1","show_post_reading_time":"0","post_reading_time_wpm":"300","post_calculate_word_method":"str_word_count","show_zoom_button":"0","zoom_button_out_step":"2","zoom_button_in_step":"3","show_post_tag":"1","number_popup_post":"1","show_post_related":"1","show_inline_post_related":"0"}],"image_override":[{"single_post_thumbnail_size":"crop-500","single_post_gallery_size":"crop-500"}],"trending_post_position":"meta","trending_post_label":"Trending","sponsored_post_label":"Sponsored by","disable_ad":"0"},"jnews_primary_category":[],"jnews_social_meta":[],"jnews_review":[],"enable_review":"","type":"percentage","name":"","summary":"","brand":"","sku":"","good":[],"bad":[],"score_override":"","override_value":"","rating":[],"price":[],"jnews_override_counter":{"view_counter_number":"0","share_counter_number":"0","like_counter_number":"0","dislike_counter_number":"0"},"jnews_post_split":{"post_split":[{"template":"1","tag":"h2","numbering":"asc","mode":"normal","first":"0","enable_toc":"0","toc_type":"normal"}]},"footnotes":""},"categories":[129],"tags":[],"class_list":["post-49284","post","type-post","status-publish","format-standard","has-post-thumbnail","hentry","category-clate"],"jetpack_featured_media_url":"https:\/\/atecordoba.org\/wp-content\/uploads\/2025\/06\/flyer-congreso-clate-1.jpg","_links":{"self":[{"href":"https:\/\/atecordoba.org\/index.php?rest_route=\/wp\/v2\/posts\/49284","targetHints":{"allow":["GET"]}}],"collection":[{"href":"https:\/\/atecordoba.org\/index.php?rest_route=\/wp\/v2\/posts"}],"about":[{"href":"https:\/\/atecordoba.org\/index.php?rest_route=\/wp\/v2\/types\/post"}],"author":[{"embeddable":true,"href":"https:\/\/atecordoba.org\/index.php?rest_route=\/wp\/v2\/users\/7"}],"replies":[{"embeddable":true,"href":"https:\/\/atecordoba.org\/index.php?rest_route=%2Fwp%2Fv2%2Fcomments&post=49284"}],"version-history":[{"count":1,"href":"https:\/\/atecordoba.org\/index.php?rest_route=\/wp\/v2\/posts\/49284\/revisions"}],"predecessor-version":[{"id":49287,"href":"https:\/\/atecordoba.org\/index.php?rest_route=\/wp\/v2\/posts\/49284\/revisions\/49287"}],"wp:featuredmedia":[{"embeddable":true,"href":"https:\/\/atecordoba.org\/index.php?rest_route=\/wp\/v2\/media\/49286"}],"wp:attachment":[{"href":"https:\/\/atecordoba.org\/index.php?rest_route=%2Fwp%2Fv2%2Fmedia&parent=49284"}],"wp:term":[{"taxonomy":"category","embeddable":true,"href":"https:\/\/atecordoba.org\/index.php?rest_route=%2Fwp%2Fv2%2Fcategories&post=49284"},{"taxonomy":"post_tag","embeddable":true,"href":"https:\/\/atecordoba.org\/index.php?rest_route=%2Fwp%2Fv2%2Ftags&post=49284"}],"curies":[{"name":"wp","href":"https:\/\/api.w.org\/{rel}","templated":true}]}}