{"id":49278,"date":"2025-06-24T10:04:06","date_gmt":"2025-06-24T13:04:06","guid":{"rendered":"https:\/\/atecordoba.org\/?p=49278"},"modified":"2025-06-24T12:00:02","modified_gmt":"2025-06-24T15:00:02","slug":"hacia-el-encuentro-plurinacional-de-mujeres","status":"publish","type":"post","link":"https:\/\/atecordoba.org\/?p=49278","title":{"rendered":"Hacia el Encuentro Plurinacional de Mujeres"},"content":{"rendered":"<div class=\"xdj266r x14z9mp xat24cr x1lziwak x1vvkbs x126k92a\">\n<div dir=\"auto\">\n<p><img loading=\"lazy\" decoding=\"async\" class=\"aligncenter wp-image-49279 size-full\" src=\"https:\/\/atecordoba.org\/wp-content\/uploads\/2025\/06\/flyer-encuentro-mujeres-2025.jpg\" alt=\"\" width=\"600\" height=\"503\" srcset=\"https:\/\/atecordoba.org\/wp-content\/uploads\/2025\/06\/flyer-encuentro-mujeres-2025.jpg 600w, https:\/\/atecordoba.org\/wp-content\/uploads\/2025\/06\/flyer-encuentro-mujeres-2025-300x252.jpg 300w\" sizes=\"auto, (max-width: 600px) 100vw, 600px\" \/>Con vistas a participar del 38\u00b0 Encuentro Plurinacional de Mujeres, Lesbianas, Trans, Travestis, Bisexuales, Intersexuales y No Binaries que se realizar\u00e1 se realizar\u00e1 en Corrientes Capital, los d\u00edas 22, 23 y 24 de noviembre, ATE C\u00f3rdoba invita a participar de una reuni\u00f3n informativa en la sede de nuestro Consejo Directivo Provincial, Entre R\u00edos 450, ma\u00f1ana 25 de junio a las 15:30 horas.<\/p>\n<p>El evento anual que se realizar\u00e1 en el mes de noviembre.<\/p>\n<p>\u201cVen\u00ed a sumar tu voz, a informarte y a organizarte con nosotrxs para ser parte de esta hist\u00f3rica lucha por derechos, igualdad y justicia\u201d, reza la convocatoria.<\/p>\n<p>&nbsp;<\/p>\n<\/div>\n<\/div>\n","protected":false},"excerpt":{"rendered":"<p>Con vistas a participar del 38\u00b0 Encuentro Plurinacional de Mujeres, Lesbianas, Trans, Travestis, Bisexuales, Intersexuales y No Binaries que se realizar\u00e1 se realizar\u00e1 en Corrientes Capital, los d\u00edas 22, 23 y 24 de noviembre, ATE C\u00f3rdoba invita a participar de una reuni\u00f3n informativa en la sede de nuestro Consejo Directivo Provincial, Entre R\u00edos 450, ma\u00f1ana [&hellip;]<\/p>\n","protected":false},"author":7,"featured_media":49288,"comment_status":"open","ping_status":"open","sticky":false,"template":"","format":"standard","meta":{"_exactmetrics_skip_tracking":false,"_exactmetrics_sitenote_active":false,"_exactmetrics_sitenote_note":"","_exactmetrics_sitenote_category":0,"jnews-multi-image_gallery":[],"jnews_single_post":{"format":"standard","override":[{"template":"1","parallax":"1","fullscreen":"1","layout":"no-sidebar-narrow","sidebar":"default-sidebar","second_sidebar":"default-sidebar","sticky_sidebar":"1","share_position":"bottom","share_float_style":"share-monocrhome","show_share_counter":"1","show_view_counter":"1","show_post_meta":"1","show_post_author_image":"1","show_post_date":"1","post_date_format":"default","post_date_format_custom":"Y\/m\/d","show_post_category":"1","show_post_reading_time":"0","post_reading_time_wpm":"300","post_calculate_word_method":"str_word_count","show_zoom_button":"0","zoom_button_out_step":"2","zoom_button_in_step":"3","show_post_tag":"1","number_popup_post":"1","show_post_related":"1","show_inline_post_related":"0"}],"image_override":[{"single_post_thumbnail_size":"crop-500","single_post_gallery_size":"crop-500"}],"trending_post_position":"meta","trending_post_label":"Trending","sponsored_post_label":"Sponsored by","disable_ad":"0"},"jnews_primary_category":[],"jnews_social_meta":[],"jnews_review":[],"enable_review":"","type":"percentage","name":"","summary":"","brand":"","sku":"","good":[],"bad":[],"score_override":"","override_value":"","rating":[],"price":[],"jnews_override_counter":{"view_counter_number":"0","share_counter_number":"0","like_counter_number":"0","dislike_counter_number":"0"},"jnews_post_split":{"post_split":[{"template":"1","tag":"h2","numbering":"asc","mode":"normal","first":"0","enable_toc":"0","toc_type":"normal"}]},"footnotes":""},"categories":[325],"tags":[],"class_list":["post-49278","post","type-post","status-publish","format-standard","has-post-thumbnail","hentry","category-generos-y-diversidades"],"jetpack_featured_media_url":"https:\/\/atecordoba.org\/wp-content\/uploads\/2025\/06\/encuentro-mujeres-jujuy.jpeg","_links":{"self":[{"href":"https:\/\/atecordoba.org\/index.php?rest_route=\/wp\/v2\/posts\/49278","targetHints":{"allow":["GET"]}}],"collection":[{"href":"https:\/\/atecordoba.org\/index.php?rest_route=\/wp\/v2\/posts"}],"about":[{"href":"https:\/\/atecordoba.org\/index.php?rest_route=\/wp\/v2\/types\/post"}],"author":[{"embeddable":true,"href":"https:\/\/atecordoba.org\/index.php?rest_route=\/wp\/v2\/users\/7"}],"replies":[{"embeddable":true,"href":"https:\/\/atecordoba.org\/index.php?rest_route=%2Fwp%2Fv2%2Fcomments&post=49278"}],"version-history":[{"count":1,"href":"https:\/\/atecordoba.org\/index.php?rest_route=\/wp\/v2\/posts\/49278\/revisions"}],"predecessor-version":[{"id":49281,"href":"https:\/\/atecordoba.org\/index.php?rest_route=\/wp\/v2\/posts\/49278\/revisions\/49281"}],"wp:featuredmedia":[{"embeddable":true,"href":"https:\/\/atecordoba.org\/index.php?rest_route=\/wp\/v2\/media\/49288"}],"wp:attachment":[{"href":"https:\/\/atecordoba.org\/index.php?rest_route=%2Fwp%2Fv2%2Fmedia&parent=49278"}],"wp:term":[{"taxonomy":"category","embeddable":true,"href":"https:\/\/atecordoba.org\/index.php?rest_route=%2Fwp%2Fv2%2Fcategories&post=49278"},{"taxonomy":"post_tag","embeddable":true,"href":"https:\/\/atecordoba.org\/index.php?rest_route=%2Fwp%2Fv2%2Ftags&post=49278"}],"curies":[{"name":"wp","href":"https:\/\/api.w.org\/{rel}","templated":true}]}}