{"id":49266,"date":"2025-06-23T11:11:40","date_gmt":"2025-06-23T14:11:40","guid":{"rendered":"https:\/\/atecordoba.org\/?p=49266"},"modified":"2025-06-23T11:22:59","modified_gmt":"2025-06-23T14:22:59","slug":"salsipuedes-fuerte-crecimiento-organizativo-inserta-a-ate-como-gremio-mayoritario-en-la-municipalidad-y-nos-proyecta-en-el-corredor-de-las-sierras-chicas","status":"publish","type":"post","link":"https:\/\/atecordoba.org\/?p=49266","title":{"rendered":"Salsipuedes: fuerte crecimiento organizativo inserta a ATE como gremio mayoritario en la Municipalidad y nos proyecta en el Corredor de las Sierras Chicas"},"content":{"rendered":"<p><img loading=\"lazy\" decoding=\"async\" class=\"aligncenter wp-image-49267 \" src=\"https:\/\/atecordoba.org\/wp-content\/uploads\/2025\/06\/salsipuedes-bandera-1024x481.jpg\" alt=\"\" width=\"656\" height=\"308\" srcset=\"https:\/\/atecordoba.org\/wp-content\/uploads\/2025\/06\/salsipuedes-bandera-1024x481.jpg 1024w, https:\/\/atecordoba.org\/wp-content\/uploads\/2025\/06\/salsipuedes-bandera-300x141.jpg 300w, https:\/\/atecordoba.org\/wp-content\/uploads\/2025\/06\/salsipuedes-bandera-768x361.jpg 768w, https:\/\/atecordoba.org\/wp-content\/uploads\/2025\/06\/salsipuedes-bandera-750x352.jpg 750w, https:\/\/atecordoba.org\/wp-content\/uploads\/2025\/06\/salsipuedes-bandera-1140x535.jpg 1140w, https:\/\/atecordoba.org\/wp-content\/uploads\/2025\/06\/salsipuedes-bandera.jpg 1280w\" sizes=\"auto, (max-width: 656px) 100vw, 656px\" \/>En un a\u00f1o y dos meses de presencia de ATE en la Municipalidad de Salsipuedes la organizaci\u00f3n de las y los municipales de la localidad experiment\u00f3 un fuerte crecimiento que se expresa en un aumento exponencial de afiliaciones, nuestra presencia clave en los conflictos gremiales, protagonismo en las paritarias locales y un cambio en la cultura de la representaci\u00f3n sindical que no deja a nadie indiferente.<\/p>\n<p>En la constelaci\u00f3n de acciones gremiales llevadas adelante, sin duda se destaca el conflicto que las y los municipales sostuvieron durante el mes de octubre de 2024, con 10 d\u00edas de asamblea permanente y un saldo de 41% de aumento salarial, resultado in\u00e9dito en un conflicto sindical en una provincia donde el Gobierno de Milei ven\u00eda de arrasar en las elecciones y donde inmediatamente aplic\u00f3 un brutal ajuste sobre el Estado que decant\u00f3 en provincias y municipios.<img loading=\"lazy\" decoding=\"async\" class=\"alignleft wp-image-49268 \" src=\"https:\/\/atecordoba.org\/wp-content\/uploads\/2025\/06\/salsipuedes-31-10-24.png\" alt=\"\" width=\"472\" height=\"470\" srcset=\"https:\/\/atecordoba.org\/wp-content\/uploads\/2025\/06\/salsipuedes-31-10-24.png 603w, https:\/\/atecordoba.org\/wp-content\/uploads\/2025\/06\/salsipuedes-31-10-24-300x300.png 300w, https:\/\/atecordoba.org\/wp-content\/uploads\/2025\/06\/salsipuedes-31-10-24-150x150.png 150w, https:\/\/atecordoba.org\/wp-content\/uploads\/2025\/06\/salsipuedes-31-10-24-75x75.png 75w, https:\/\/atecordoba.org\/wp-content\/uploads\/2025\/06\/salsipuedes-31-10-24-350x350.png 350w\" sizes=\"auto, (max-width: 472px) 100vw, 472px\" \/><\/p>\n<p>&#8220;Fue un hito&#8221;, destaca el delegado de ATE Vladimir Su\u00e1rez.<\/p>\n<p>La organizaci\u00f3n del sector se inici\u00f3 en diciembre de 2023, cuando un grupo de municipales tom\u00f3 contacto con le Consejo Directivo Provincial (CDP) en una decisi\u00f3n colectiva que los llev\u00f3 a reunirse con el secretario Gremial de ATE C\u00f3rdoba, Jorge Chalup, en una fuerte iniciativa pol\u00edtica de nuestro secretario General, Federico Giuliani, de impulsar en el interior provincial la organizaci\u00f3n de las y los municipales del interior de C\u00f3rdoba.<\/p>\n<p>&#8220;Se realiz\u00f3 la primera aproximaci\u00f3n con ATE, ante la urgencia de contar con una representaci\u00f3n gremial acorde a las necesidades de las y los municipales de Salsipuedes.\u00a0En abril de 2024, tras un a\u00f1o de trabajo organizativo, se llevaron a cabo las elecciones de delegados&#8221;, cuenta Su\u00e1rez, elegido masivamente como delegado junto a Luis Tapia.<\/p>\n<p>&#8220;A la primera asamblea fuimos nosotros dos con cinco afiliados, hasta ese momento el otro sindicato no dejaba participar a ning\u00fan empleado a las asambleas sino estaban afiliados. Hoy esa l\u00f3gica se cambio&#8221;, dice el delegado.<\/p>\n<p>En un a\u00f1o de trabajo el cuerpo de delegados logr\u00f3 avances muy destacados como multiplicar por seis la cantidad de afiliados, convirti\u00e9ndose en el sindicato mayoritario en la Municipalidad; obtener el reconocimiento de la municipalidad y firmar dos acuerdos salariales; conformar la mesa de relaciones laborales por primera vez en la historia de la municipalidad. Adem\u00e1s se presentaron proyectos para adecuar la carrera administrativa en la Administraci\u00f3n Central y en el sector Salud.<img loading=\"lazy\" decoding=\"async\" class=\"alignright wp-image-49269 \" src=\"https:\/\/atecordoba.org\/wp-content\/uploads\/2025\/06\/giuliani-salsipuedes.jpg\" alt=\"\" width=\"434\" height=\"326\" srcset=\"https:\/\/atecordoba.org\/wp-content\/uploads\/2025\/06\/giuliani-salsipuedes.jpg 1024w, https:\/\/atecordoba.org\/wp-content\/uploads\/2025\/06\/giuliani-salsipuedes-300x225.jpg 300w, https:\/\/atecordoba.org\/wp-content\/uploads\/2025\/06\/giuliani-salsipuedes-768x576.jpg 768w, https:\/\/atecordoba.org\/wp-content\/uploads\/2025\/06\/giuliani-salsipuedes-750x563.jpg 750w\" sizes=\"auto, (max-width: 434px) 100vw, 434px\" \/><\/p>\n<p>En ese marco, se impuls\u00f3 una agenda para combatir la violencia laboral, logrando que se discuta en el \u00e1mbito municipal una problem\u00e1tica que nunca hab\u00eda sido abordada. Hoy se est\u00e1 estudiando la modificaci\u00f3n del Estatuto Municipal para incorporar la licencia por maltrato laboral, as\u00ed como de violencia de g\u00e9nero.<\/p>\n<p>&#8220;Participamos de cuatro conflictos, el m\u00e1s extenso de 10 d\u00edas de asamblea permanente, que logr\u00f3 un aumento salarial del 41%, con la firma de Giuliani en las paritaria que rubric\u00f3 el acuerdo. Y frenamos dos despidos&#8221;. agrega Su\u00e1rez.<\/p>\n<p>El compromiso de ATE con la realidad general de las y los estatales llev\u00f3 a estos municipales\u00a0a movilizarse en la protesta convocada por el CDP en el repudio a la presencia de Milei en C\u00f3rdoba, en mayo de 2024.<\/p>\n<p>&#8220;Hoy firmamos paritarias y en julio est\u00e1 previsto una nueva audiencia paritaria&#8221;, concluye el delegado.<\/p>\n<p>Los delegados destacan el trabajo de la secretaria de Prensa Julia Giuliani y de Marcela Chavez, del CDP, en la inserci\u00f3n de ATE entre las y los municipales de localidades como Aguas de Oro y R\u00edo Ceballos, que se suman a la propia Salsipuedes y a Mendiolaza.<\/p>\n<p>La esperanza para las y los estatales municipales es ATE.<\/p>\n","protected":false},"excerpt":{"rendered":"<p>En un a\u00f1o y dos meses de presencia de ATE en la Municipalidad de Salsipuedes la organizaci\u00f3n de las y los municipales de la localidad experiment\u00f3 un fuerte crecimiento que se expresa en un aumento exponencial de afiliaciones, nuestra presencia clave en los conflictos gremiales, protagonismo en las paritarias locales y un cambio en la [&hellip;]<\/p>\n","protected":false},"author":7,"featured_media":49267,"comment_status":"open","ping_status":"open","sticky":false,"template":"","format":"standard","meta":{"_exactmetrics_skip_tracking":false,"_exactmetrics_sitenote_active":false,"_exactmetrics_sitenote_note":"","_exactmetrics_sitenote_category":0,"jnews-multi-image_gallery":[],"jnews_single_post":{"format":"standard","override":[{"template":"1","parallax":"1","fullscreen":"1","layout":"no-sidebar-narrow","sidebar":"default-sidebar","second_sidebar":"default-sidebar","sticky_sidebar":"1","share_position":"bottom","share_float_style":"share-monocrhome","show_share_counter":"1","show_view_counter":"1","show_post_meta":"1","show_post_author_image":"1","show_post_date":"1","post_date_format":"default","post_date_format_custom":"Y\/m\/d","show_post_category":"1","show_post_reading_time":"0","post_reading_time_wpm":"300","post_calculate_word_method":"str_word_count","show_zoom_button":"0","zoom_button_out_step":"2","zoom_button_in_step":"3","show_post_tag":"1","number_popup_post":"1","show_post_related":"1","show_inline_post_related":"0"}],"image_override":[{"single_post_thumbnail_size":"crop-500","single_post_gallery_size":"crop-500"}],"trending_post_position":"meta","trending_post_label":"Trending","sponsored_post_label":"Sponsored by","disable_ad":"0"},"jnews_primary_category":[],"jnews_social_meta":[],"jnews_review":[],"enable_review":"","type":"percentage","name":"","summary":"","brand":"","sku":"","good":[],"bad":[],"score_override":"","override_value":"","rating":[],"price":[],"jnews_override_counter":{"view_counter_number":"0","share_counter_number":"0","like_counter_number":"0","dislike_counter_number":"0"},"jnews_post_split":{"post_split":[{"template":"1","tag":"h2","numbering":"asc","mode":"normal","first":"0","enable_toc":"0","toc_type":"normal"}]},"footnotes":""},"categories":[20],"tags":[],"class_list":["post-49266","post","type-post","status-publish","format-standard","has-post-thumbnail","hentry","category-municipales"],"jetpack_featured_media_url":"https:\/\/atecordoba.org\/wp-content\/uploads\/2025\/06\/salsipuedes-bandera.jpg","_links":{"self":[{"href":"https:\/\/atecordoba.org\/index.php?rest_route=\/wp\/v2\/posts\/49266","targetHints":{"allow":["GET"]}}],"collection":[{"href":"https:\/\/atecordoba.org\/index.php?rest_route=\/wp\/v2\/posts"}],"about":[{"href":"https:\/\/atecordoba.org\/index.php?rest_route=\/wp\/v2\/types\/post"}],"author":[{"embeddable":true,"href":"https:\/\/atecordoba.org\/index.php?rest_route=\/wp\/v2\/users\/7"}],"replies":[{"embeddable":true,"href":"https:\/\/atecordoba.org\/index.php?rest_route=%2Fwp%2Fv2%2Fcomments&post=49266"}],"version-history":[{"count":6,"href":"https:\/\/atecordoba.org\/index.php?rest_route=\/wp\/v2\/posts\/49266\/revisions"}],"predecessor-version":[{"id":49276,"href":"https:\/\/atecordoba.org\/index.php?rest_route=\/wp\/v2\/posts\/49266\/revisions\/49276"}],"wp:featuredmedia":[{"embeddable":true,"href":"https:\/\/atecordoba.org\/index.php?rest_route=\/wp\/v2\/media\/49267"}],"wp:attachment":[{"href":"https:\/\/atecordoba.org\/index.php?rest_route=%2Fwp%2Fv2%2Fmedia&parent=49266"}],"wp:term":[{"taxonomy":"category","embeddable":true,"href":"https:\/\/atecordoba.org\/index.php?rest_route=%2Fwp%2Fv2%2Fcategories&post=49266"},{"taxonomy":"post_tag","embeddable":true,"href":"https:\/\/atecordoba.org\/index.php?rest_route=%2Fwp%2Fv2%2Ftags&post=49266"}],"curies":[{"name":"wp","href":"https:\/\/api.w.org\/{rel}","templated":true}]}}