{"id":49260,"date":"2025-06-23T09:44:39","date_gmt":"2025-06-23T12:44:39","guid":{"rendered":"https:\/\/atecordoba.org\/?p=49260"},"modified":"2025-06-23T09:44:39","modified_gmt":"2025-06-23T12:44:39","slug":"ate-lanza-jornada-nacional-de-lucha-con-movilizacion-al-ministerio-de-sturzenegger-el-miercoles-25","status":"publish","type":"post","link":"https:\/\/atecordoba.org\/?p=49260","title":{"rendered":"ATE lanza Jornada Nacional de Lucha con movilizaci\u00f3n al Ministerio de Sturzenegger el mi\u00e9rcoles 25"},"content":{"rendered":"<p><img loading=\"lazy\" decoding=\"async\" class=\"aligncenter wp-image-49263 \" src=\"https:\/\/atecordoba.org\/wp-content\/uploads\/2025\/06\/stuseneger-bandera-1024x682.jpg\" alt=\"\" width=\"636\" height=\"424\" \/>ATE lanz\u00f3 una Jornada Nacional de Lucha para este mi\u00e9rcoles 25 de junio con movilizaci\u00f3n al Ministerio de Desregulaci\u00f3n y Transformaci\u00f3n del Estado que conduce Federico Sturzenegger.<\/p>\n<p>La medida de fuerza se da en el marco del \u2018Frente de Lucha por la Soberan\u00eda, el Trabajo y el Salario Justo\u2019 que impulsa ATE junto a otros sindicatos y que ya cuenta con la adhesi\u00f3n de m\u00e1s de 100 organizaciones.<\/p>\n<p>\u201cSturzenegger es el monje negro de este Gobierno que nos conduce hacia una cat\u00e1strofe social. En su cartera se perge\u00f1a la destrucci\u00f3n del Estado y la quita de todos los derechos laborales. Hasta ahora las \u00fanicas respuestas a las justas demandas que tenemos los trabajadores han sido las mentiras, las amenazas y la represi\u00f3n\u201d, se\u00f1al\u00f3 Rodolfo Aguiar, Secretario General de ATE Nacional.<img loading=\"lazy\" decoding=\"async\" class=\"alignleft wp-image-49261 \" src=\"https:\/\/atecordoba.org\/wp-content\/uploads\/2025\/06\/WhatsApp-Image-2025-06-23-at-09.05.29-2-790x1024.jpeg\" alt=\"\" width=\"308\" height=\"399\" srcset=\"https:\/\/atecordoba.org\/wp-content\/uploads\/2025\/06\/WhatsApp-Image-2025-06-23-at-09.05.29-2-790x1024.jpeg 790w, https:\/\/atecordoba.org\/wp-content\/uploads\/2025\/06\/WhatsApp-Image-2025-06-23-at-09.05.29-2-231x300.jpeg 231w, https:\/\/atecordoba.org\/wp-content\/uploads\/2025\/06\/WhatsApp-Image-2025-06-23-at-09.05.29-2-768x996.jpeg 768w, https:\/\/atecordoba.org\/wp-content\/uploads\/2025\/06\/WhatsApp-Image-2025-06-23-at-09.05.29-2-750x972.jpeg 750w, https:\/\/atecordoba.org\/wp-content\/uploads\/2025\/06\/WhatsApp-Image-2025-06-23-at-09.05.29-2.jpeg 799w\" sizes=\"auto, (max-width: 308px) 100vw, 308px\" \/><\/p>\n<p>En este sentido, el dirigente valor\u00f3: \u201cTenemos que valorar la conformaci\u00f3n de un frente sindical con organizaciones que est\u00e1n decididas a salir a la calle para unir todas las luchas. Hay que aumentar la conflictividad. La paz social s\u00f3lo le sirve a los empresarios que se apoderaron del Gobierno y nos est\u00e1n saqueando\u201d.<\/p>\n<p>\u201cSe deben reabrir las paritarias de manera inmediata. El congelamiento salarial est\u00e1 haciendo estragos en los hogares. El endeudamiento de las familias trabajadoras ya es total. Este Gobierno es muy malo y su programa econ\u00f3mico ya fracas\u00f3. No hay d\u00f3lares que alcancen. No s\u00f3lo quieren privatizar empresas sino que ahora quieren vender los inmuebles y las tierras del Estado. Si no le ponemos l\u00edmites, nos van a dejar sin pa\u00eds\u201d, concluy\u00f3 el referente estatal.<\/p>\n<p>La concentraci\u00f3n se realizar\u00e1 el mi\u00e9rcoles a partir de las 12 en Carlos Pellegrini y Sarmiento para luego movilizar a la cartera con direcci\u00f3n en Av. Roque S\u00e1enz Pe\u00f1a 788.<\/p>\n<p><strong>Reclamos<\/strong><\/p>\n<p>El sindicato exige la urgente reapertura de la paritaria, un aumento que permita una recomposici\u00f3n salarial de todos los ingresos del Sector P\u00fablico, y el rechazo a la privatizaci\u00f3n de empresas p\u00fablicas y venta de inmuebles del Estado que planifica el Gobierno.<\/p>\n<p>Cabe recordar que en los \u00faltimos d\u00edas se public\u00f3 el Decreto 416\/25 que establece dos plataformas digitales para la venta, concesi\u00f3n o subasta de bienes o empresas p\u00fablicas. La Ley Bases establece en su texto que las empresas p\u00fablicas que podr\u00edan privatizar o concesionar son Intercargo, Enarsa, Nucleoel\u00e9ctrica Argentina (NASA), Yacimientos Carbon\u00edferos de R\u00edo Turbio (YCRT), Agua y Saneamientos Argentinos (AYSA), Belgrano Cargas y Log\u00edstica S.A., Sociedad Operadora Ferroviaria (SOFSE), y Corredores Viales S.A.<\/p>\n<p><img loading=\"lazy\" decoding=\"async\" class=\"aligncenter wp-image-49262 \" src=\"https:\/\/atecordoba.org\/wp-content\/uploads\/2025\/06\/WhatsApp-Image-2025-06-23-at-09.05.29-823x1024.jpeg\" alt=\"\" width=\"678\" height=\"844\" srcset=\"https:\/\/atecordoba.org\/wp-content\/uploads\/2025\/06\/WhatsApp-Image-2025-06-23-at-09.05.29-823x1024.jpeg 823w, https:\/\/atecordoba.org\/wp-content\/uploads\/2025\/06\/WhatsApp-Image-2025-06-23-at-09.05.29-241x300.jpeg 241w, https:\/\/atecordoba.org\/wp-content\/uploads\/2025\/06\/WhatsApp-Image-2025-06-23-at-09.05.29-768x956.jpeg 768w, https:\/\/atecordoba.org\/wp-content\/uploads\/2025\/06\/WhatsApp-Image-2025-06-23-at-09.05.29-750x933.jpeg 750w, https:\/\/atecordoba.org\/wp-content\/uploads\/2025\/06\/WhatsApp-Image-2025-06-23-at-09.05.29.jpeg 1080w\" sizes=\"auto, (max-width: 678px) 100vw, 678px\" \/><\/p>\n","protected":false},"excerpt":{"rendered":"<p>ATE lanz\u00f3 una Jornada Nacional de Lucha para este mi\u00e9rcoles 25 de junio con movilizaci\u00f3n al Ministerio de Desregulaci\u00f3n y Transformaci\u00f3n del Estado que conduce Federico Sturzenegger. La medida de fuerza se da en el marco del \u2018Frente de Lucha por la Soberan\u00eda, el Trabajo y el Salario Justo\u2019 que impulsa ATE junto a otros [&hellip;]<\/p>\n","protected":false},"author":7,"featured_media":49263,"comment_status":"open","ping_status":"open","sticky":false,"template":"","format":"standard","meta":{"_exactmetrics_skip_tracking":false,"_exactmetrics_sitenote_active":false,"_exactmetrics_sitenote_note":"","_exactmetrics_sitenote_category":0,"jnews-multi-image_gallery":[],"jnews_single_post":{"format":"standard","override":[{"template":"1","parallax":"1","fullscreen":"1","layout":"no-sidebar-narrow","sidebar":"default-sidebar","second_sidebar":"default-sidebar","sticky_sidebar":"1","share_position":"bottom","share_float_style":"share-monocrhome","show_share_counter":"1","show_view_counter":"1","show_post_meta":"1","show_post_author_image":"1","show_post_date":"1","post_date_format":"default","post_date_format_custom":"Y\/m\/d","show_post_category":"1","show_post_reading_time":"0","post_reading_time_wpm":"300","post_calculate_word_method":"str_word_count","show_zoom_button":"0","zoom_button_out_step":"2","zoom_button_in_step":"3","show_post_tag":"1","number_popup_post":"1","show_post_related":"1","show_inline_post_related":"0"}],"image_override":[{"single_post_thumbnail_size":"crop-500","single_post_gallery_size":"crop-500"}],"trending_post_position":"meta","trending_post_label":"Trending","sponsored_post_label":"Sponsored by","disable_ad":"0"},"jnews_primary_category":[],"jnews_social_meta":[],"jnews_review":[],"enable_review":"","type":"percentage","name":"","summary":"","brand":"","sku":"","good":[],"bad":[],"score_override":"","override_value":"","rating":[],"price":[],"jnews_override_counter":{"view_counter_number":"0","share_counter_number":"0","like_counter_number":"0","dislike_counter_number":"0"},"jnews_post_split":{"post_split":[{"template":"1","tag":"h2","numbering":"asc","mode":"normal","first":"0","enable_toc":"0","toc_type":"normal"}]},"footnotes":""},"categories":[756],"tags":[],"class_list":["post-49260","post","type-post","status-publish","format-standard","has-post-thumbnail","hentry","category-consejo-directivo-nacional-cdn"],"jetpack_featured_media_url":"https:\/\/atecordoba.org\/wp-content\/uploads\/2025\/06\/stuseneger-bandera-e1750682641506.jpg","_links":{"self":[{"href":"https:\/\/atecordoba.org\/index.php?rest_route=\/wp\/v2\/posts\/49260","targetHints":{"allow":["GET"]}}],"collection":[{"href":"https:\/\/atecordoba.org\/index.php?rest_route=\/wp\/v2\/posts"}],"about":[{"href":"https:\/\/atecordoba.org\/index.php?rest_route=\/wp\/v2\/types\/post"}],"author":[{"embeddable":true,"href":"https:\/\/atecordoba.org\/index.php?rest_route=\/wp\/v2\/users\/7"}],"replies":[{"embeddable":true,"href":"https:\/\/atecordoba.org\/index.php?rest_route=%2Fwp%2Fv2%2Fcomments&post=49260"}],"version-history":[{"count":1,"href":"https:\/\/atecordoba.org\/index.php?rest_route=\/wp\/v2\/posts\/49260\/revisions"}],"predecessor-version":[{"id":49264,"href":"https:\/\/atecordoba.org\/index.php?rest_route=\/wp\/v2\/posts\/49260\/revisions\/49264"}],"wp:featuredmedia":[{"embeddable":true,"href":"https:\/\/atecordoba.org\/index.php?rest_route=\/wp\/v2\/media\/49263"}],"wp:attachment":[{"href":"https:\/\/atecordoba.org\/index.php?rest_route=%2Fwp%2Fv2%2Fmedia&parent=49260"}],"wp:term":[{"taxonomy":"category","embeddable":true,"href":"https:\/\/atecordoba.org\/index.php?rest_route=%2Fwp%2Fv2%2Fcategories&post=49260"},{"taxonomy":"post_tag","embeddable":true,"href":"https:\/\/atecordoba.org\/index.php?rest_route=%2Fwp%2Fv2%2Ftags&post=49260"}],"curies":[{"name":"wp","href":"https:\/\/api.w.org\/{rel}","templated":true}]}}