{"id":4926,"date":"2014-12-16T17:58:06","date_gmt":"2014-12-16T20:58:06","guid":{"rendered":"http:\/\/www.atecordoba.org\/?p=4926"},"modified":"2014-12-16T17:58:06","modified_gmt":"2014-12-16T20:58:06","slug":"se-cumple-con-alto-acatamiento-el-segundo-dia-de-paro-en-senasa","status":"publish","type":"post","link":"https:\/\/atecordoba.org\/?p=4926","title":{"rendered":"Se cumple con alto acatamiento el segundo d\u00eda de paro en SENASA"},"content":{"rendered":"<p><em>En el marco del plan de lucha que lleva adelante ATE en SENASA hoy se cumpli\u00f3\u00a0la segunda jornada de las 96 horas de paro que se realizar\u00e1n esta semana. Movilizaci\u00f3n frente al Centro Regional C\u00f3rdoba.<\/em><\/p>\n<p><a href=\"http:\/\/www.atecordoba.org\/wp-content\/uploads\/2014\/12\/IMG-20141216-WA0000-e1418763386583.jpg\"><img loading=\"lazy\" decoding=\"async\" class=\"aligncenter size-full wp-image-4927\" src=\"http:\/\/www.atecordoba.org\/wp-content\/uploads\/2014\/12\/IMG-20141216-WA0000-e1418763386583.jpg\" alt=\"IMG-20141216-WA0000\" width=\"500\" height=\"375\" \/><\/a><\/p>\n<p>Los trabajadores del organismo reclaman reapertura de paritarias para discutir una recomposici\u00f3n salarial que compense la escalada inflacionaria, ante el insuficiente \u00a028.15% otorgado por el gobierno nacional; la revisi\u00f3n del convenio colectivo sectorial; equiparaci\u00f3n con otros organismos, que compartimos mismas actividades y tareas, pero con condiciones inferiores de salarios; bono de $4000 y 82% para los jubilados.<\/p>\n<p><a href=\"http:\/\/www.atecordoba.org\/wp-content\/uploads\/2014\/12\/IMG-20141216-WA0010-e1418763431951.jpg\"><img loading=\"lazy\" decoding=\"async\" class=\"aligncenter size-full wp-image-4928\" src=\"http:\/\/www.atecordoba.org\/wp-content\/uploads\/2014\/12\/IMG-20141216-WA0010-e1418763431951.jpg\" alt=\"IMG-20141216-WA0010\" width=\"500\" height=\"375\" \/><\/a><\/p>\n<p>Los delegados evaluaron como muy positiva la respuesta de los trabajadores a la medida de fuerza, que en promedio calcularon en un 70% de adhesi\u00f3n.<\/p>\n<p>El paro se expres\u00f3 con movilizaciones en distintos puntos del pa\u00eds. En C\u00f3rdoba, los compa\u00f1eros convocaron a realizar la protesta frente al Centro Regional de C\u00f3rdoba Capital, ubicado en calle Rosario de Santa Fe al 200. En la oportunidad, estuvieron presentes miembros de comisi\u00f3n directiva, junto a compa\u00f1eros de otros sectores que hicieron llegar su solidaridad en el conflicto.<\/p>\n<div class=\"_5rny\">\u00a0<a href=\"http:\/\/www.atecordoba.org\/wp-content\/uploads\/2014\/12\/IMG-20141216-WA0004-e1418763461557.jpg\"><img loading=\"lazy\" decoding=\"async\" class=\"aligncenter size-full wp-image-4929\" src=\"http:\/\/www.atecordoba.org\/wp-content\/uploads\/2014\/12\/IMG-20141216-WA0004-e1418763461557.jpg\" alt=\"IMG-20141216-WA0004\" width=\"500\" height=\"375\" \/><\/a><\/div>\n","protected":false},"excerpt":{"rendered":"<p>En el marco del plan de lucha que lleva adelante ATE en SENASA hoy se cumpli\u00f3\u00a0la segunda jornada de las 96 horas de paro que se realizar\u00e1n esta semana. Movilizaci\u00f3n frente al Centro Regional C\u00f3rdoba. Los trabajadores del organismo reclaman reapertura de paritarias para discutir una recomposici\u00f3n salarial que compense la escalada inflacionaria, ante el [&hellip;]<\/p>\n","protected":false},"author":1,"featured_media":19220,"comment_status":"open","ping_status":"open","sticky":false,"template":"","format":"standard","meta":{"_exactmetrics_skip_tracking":false,"_exactmetrics_sitenote_active":false,"_exactmetrics_sitenote_note":"","_exactmetrics_sitenote_category":0,"jnews-multi-image_gallery":[],"jnews_single_post":[],"jnews_primary_category":[],"jnews_social_meta":[],"jnews_review":[],"enable_review":"","type":"","name":"","summary":"","brand":"","sku":"","good":[],"bad":[],"score_override":"","override_value":"","rating":[],"price":[],"jnews_override_counter":[],"jnews_post_split":[],"footnotes":""},"categories":[18],"tags":[],"class_list":["post-4926","post","type-post","status-publish","format-standard","has-post-thumbnail","hentry","category-nacionales"],"jetpack_featured_media_url":"https:\/\/atecordoba.org\/wp-content\/uploads\/2020\/05\/logo-nuevochico-e1561581322808.png","_links":{"self":[{"href":"https:\/\/atecordoba.org\/index.php?rest_route=\/wp\/v2\/posts\/4926","targetHints":{"allow":["GET"]}}],"collection":[{"href":"https:\/\/atecordoba.org\/index.php?rest_route=\/wp\/v2\/posts"}],"about":[{"href":"https:\/\/atecordoba.org\/index.php?rest_route=\/wp\/v2\/types\/post"}],"author":[{"embeddable":true,"href":"https:\/\/atecordoba.org\/index.php?rest_route=\/wp\/v2\/users\/1"}],"replies":[{"embeddable":true,"href":"https:\/\/atecordoba.org\/index.php?rest_route=%2Fwp%2Fv2%2Fcomments&post=4926"}],"version-history":[{"count":0,"href":"https:\/\/atecordoba.org\/index.php?rest_route=\/wp\/v2\/posts\/4926\/revisions"}],"wp:featuredmedia":[{"embeddable":true,"href":"https:\/\/atecordoba.org\/index.php?rest_route=\/wp\/v2\/media\/19220"}],"wp:attachment":[{"href":"https:\/\/atecordoba.org\/index.php?rest_route=%2Fwp%2Fv2%2Fmedia&parent=4926"}],"wp:term":[{"taxonomy":"category","embeddable":true,"href":"https:\/\/atecordoba.org\/index.php?rest_route=%2Fwp%2Fv2%2Fcategories&post=4926"},{"taxonomy":"post_tag","embeddable":true,"href":"https:\/\/atecordoba.org\/index.php?rest_route=%2Fwp%2Fv2%2Ftags&post=4926"}],"curies":[{"name":"wp","href":"https:\/\/api.w.org\/{rel}","templated":true}]}}