{"id":49257,"date":"2025-06-19T16:27:37","date_gmt":"2025-06-19T19:27:37","guid":{"rendered":"https:\/\/atecordoba.org\/?p=49257"},"modified":"2025-06-19T16:27:37","modified_gmt":"2025-06-19T19:27:37","slug":"ate-mantuvo-una-reunion-con-la-direccion-del-hospital-villa-dolores-y-planteo-la-falta-de-personal","status":"publish","type":"post","link":"https:\/\/atecordoba.org\/?p=49257","title":{"rendered":"ATE mantuvo una reuni\u00f3n con la direcci\u00f3n del hospital Villa Dolores y plante\u00f3 la falta de personal"},"content":{"rendered":"<p><img loading=\"lazy\" decoding=\"async\" class=\"aligncenter wp-image-49225 \" src=\"https:\/\/atecordoba.org\/wp-content\/uploads\/2025\/06\/WhatsApp-Image-2025-06-19-at-13.00.46-1024x460.jpeg\" alt=\"\" width=\"610\" height=\"274\" srcset=\"https:\/\/atecordoba.org\/wp-content\/uploads\/2025\/06\/WhatsApp-Image-2025-06-19-at-13.00.46-1024x460.jpeg 1024w, https:\/\/atecordoba.org\/wp-content\/uploads\/2025\/06\/WhatsApp-Image-2025-06-19-at-13.00.46-300x135.jpeg 300w, https:\/\/atecordoba.org\/wp-content\/uploads\/2025\/06\/WhatsApp-Image-2025-06-19-at-13.00.46-768x345.jpeg 768w, https:\/\/atecordoba.org\/wp-content\/uploads\/2025\/06\/WhatsApp-Image-2025-06-19-at-13.00.46-750x337.jpeg 750w, https:\/\/atecordoba.org\/wp-content\/uploads\/2025\/06\/WhatsApp-Image-2025-06-19-at-13.00.46-1140x512.jpeg 1140w, https:\/\/atecordoba.org\/wp-content\/uploads\/2025\/06\/WhatsApp-Image-2025-06-19-at-13.00.46.jpeg 1280w\" sizes=\"auto, (max-width: 610px) 100vw, 610px\" \/>ATE llev\u00f3 a cabo hoy una audiencia con las autoridades el Hospital Regional de villa dolores.<\/p>\n<p>En la oportunidad se plante\u00f3 la falta de recursos humanos para atender la demanda del centro de salud.<\/p>\n<p>&#8220;Fue una reuni\u00f3n positiva y esperamos seguir trabajando para solucionar los problemas del Hospital&#8221;, resumi\u00f3 Milagros Sozzi, de ATE Traslasierra.<\/p>\n<p>En la audiencia celebrada hoy participaron el Director del Hospital, Ramiro Papera, junto a Mart\u00edn Saba, la delegada de ATE en el sector, Claudia Ortega, la secretaria de Formaci\u00f3n de ATE C\u00f3rdoba, Milagros Sozzi, su par de Organizaci\u00f3n, Javier Bracamonte, las integrantes de Comisi\u00f3n Directiva, Ivana Guevara y Angelina Laumann, referente gremial de la Direcci\u00f3n Nacional de Migraciones.<\/p>\n<p>De esta forma, ATE contin\u00faa representando a las y los trabajadores provinciales, defendiendo derechos y garantizando su representaci\u00f3n sindical. De la misma forma, ATE refuerza la representaci\u00f3n territorial en el Valle de Traslasierra.<\/p>\n","protected":false},"excerpt":{"rendered":"<p>ATE llev\u00f3 a cabo hoy una audiencia con las autoridades el Hospital Regional de villa dolores. En la oportunidad se plante\u00f3 la falta de recursos humanos para atender la demanda del centro de salud. &#8220;Fue una reuni\u00f3n positiva y esperamos seguir trabajando para solucionar los problemas del Hospital&#8221;, resumi\u00f3 Milagros Sozzi, de ATE Traslasierra. En [&hellip;]<\/p>\n","protected":false},"author":7,"featured_media":49225,"comment_status":"open","ping_status":"open","sticky":false,"template":"","format":"standard","meta":{"_exactmetrics_skip_tracking":false,"_exactmetrics_sitenote_active":false,"_exactmetrics_sitenote_note":"","_exactmetrics_sitenote_category":0,"jnews-multi-image_gallery":[],"jnews_single_post":{"format":"standard","override":[{"template":"1","parallax":"1","fullscreen":"1","layout":"no-sidebar-narrow","sidebar":"default-sidebar","second_sidebar":"default-sidebar","sticky_sidebar":"1","share_position":"bottom","share_float_style":"share-monocrhome","show_share_counter":"1","show_view_counter":"1","show_post_meta":"1","show_post_author_image":"1","show_post_date":"1","post_date_format":"default","post_date_format_custom":"Y\/m\/d","show_post_category":"1","show_post_reading_time":"0","post_reading_time_wpm":"300","post_calculate_word_method":"str_word_count","show_zoom_button":"0","zoom_button_out_step":"2","zoom_button_in_step":"3","show_post_tag":"1","number_popup_post":"1","show_post_related":"1","show_inline_post_related":"0"}],"image_override":[{"single_post_thumbnail_size":"crop-500","single_post_gallery_size":"crop-500"}],"trending_post_position":"meta","trending_post_label":"Trending","sponsored_post_label":"Sponsored by","disable_ad":"0"},"jnews_primary_category":[],"jnews_social_meta":[],"jnews_review":[],"enable_review":"","type":"percentage","name":"","summary":"","brand":"","sku":"","good":[],"bad":[],"score_override":"","override_value":"","rating":[],"price":[],"jnews_override_counter":{"view_counter_number":"0","share_counter_number":"0","like_counter_number":"0","dislike_counter_number":"0"},"jnews_post_split":{"post_split":[{"template":"1","tag":"h2","numbering":"asc","mode":"normal","first":"0","enable_toc":"0","toc_type":"normal"}]},"footnotes":""},"categories":[8],"tags":[],"class_list":["post-49257","post","type-post","status-publish","format-standard","has-post-thumbnail","hentry","category-provinciales"],"jetpack_featured_media_url":"https:\/\/atecordoba.org\/wp-content\/uploads\/2025\/06\/WhatsApp-Image-2025-06-19-at-13.00.46.jpeg","_links":{"self":[{"href":"https:\/\/atecordoba.org\/index.php?rest_route=\/wp\/v2\/posts\/49257","targetHints":{"allow":["GET"]}}],"collection":[{"href":"https:\/\/atecordoba.org\/index.php?rest_route=\/wp\/v2\/posts"}],"about":[{"href":"https:\/\/atecordoba.org\/index.php?rest_route=\/wp\/v2\/types\/post"}],"author":[{"embeddable":true,"href":"https:\/\/atecordoba.org\/index.php?rest_route=\/wp\/v2\/users\/7"}],"replies":[{"embeddable":true,"href":"https:\/\/atecordoba.org\/index.php?rest_route=%2Fwp%2Fv2%2Fcomments&post=49257"}],"version-history":[{"count":1,"href":"https:\/\/atecordoba.org\/index.php?rest_route=\/wp\/v2\/posts\/49257\/revisions"}],"predecessor-version":[{"id":49258,"href":"https:\/\/atecordoba.org\/index.php?rest_route=\/wp\/v2\/posts\/49257\/revisions\/49258"}],"wp:featuredmedia":[{"embeddable":true,"href":"https:\/\/atecordoba.org\/index.php?rest_route=\/wp\/v2\/media\/49225"}],"wp:attachment":[{"href":"https:\/\/atecordoba.org\/index.php?rest_route=%2Fwp%2Fv2%2Fmedia&parent=49257"}],"wp:term":[{"taxonomy":"category","embeddable":true,"href":"https:\/\/atecordoba.org\/index.php?rest_route=%2Fwp%2Fv2%2Fcategories&post=49257"},{"taxonomy":"post_tag","embeddable":true,"href":"https:\/\/atecordoba.org\/index.php?rest_route=%2Fwp%2Fv2%2Ftags&post=49257"}],"curies":[{"name":"wp","href":"https:\/\/api.w.org\/{rel}","templated":true}]}}