{"id":49250,"date":"2025-06-19T16:16:59","date_gmt":"2025-06-19T19:16:59","guid":{"rendered":"https:\/\/atecordoba.org\/?p=49250"},"modified":"2025-06-19T16:19:52","modified_gmt":"2025-06-19T19:19:52","slug":"villa-cura-brochero-ate-mantuvo-una-reunion-paritaria-y-rechazo-una-oferta-salarial-del-10-no-remunerativo-por-insuficiente","status":"publish","type":"post","link":"https:\/\/atecordoba.org\/?p=49250","title":{"rendered":"Villa Cura Brochero: en reuni\u00f3n paritaria ATE rechaz\u00f3 una oferta salarial del 10% no remunerativo por insuficiente"},"content":{"rendered":"<p><img loading=\"lazy\" decoding=\"async\" class=\"aligncenter wp-image-49251 size-full\" src=\"https:\/\/atecordoba.org\/wp-content\/uploads\/2025\/06\/brochero.png\" alt=\"\" width=\"628\" height=\"395\" srcset=\"https:\/\/atecordoba.org\/wp-content\/uploads\/2025\/06\/brochero.png 628w, https:\/\/atecordoba.org\/wp-content\/uploads\/2025\/06\/brochero-300x189.png 300w\" sizes=\"auto, (max-width: 628px) 100vw, 628px\" \/>Hoy se realiz\u00f3 una audiencia paritaria en la municipalidad de Villa Cura Brochero donde ATE rechaz\u00f3 una oferta salarial del 10%, en condici\u00f3n de no remunerativo, por considerarla insuficiente.<\/p>\n<p><img loading=\"lazy\" decoding=\"async\" class=\" wp-image-49252 alignleft\" src=\"https:\/\/atecordoba.org\/wp-content\/uploads\/2025\/06\/WhatsApp-Image-2025-06-19-at-15.54.56-1-e1750360757243-244x300.jpeg\" alt=\"\" width=\"303\" height=\"373\" srcset=\"https:\/\/atecordoba.org\/wp-content\/uploads\/2025\/06\/WhatsApp-Image-2025-06-19-at-15.54.56-1-e1750360757243-244x300.jpeg 244w, https:\/\/atecordoba.org\/wp-content\/uploads\/2025\/06\/WhatsApp-Image-2025-06-19-at-15.54.56-1-e1750360757243-831x1024.jpeg 831w, https:\/\/atecordoba.org\/wp-content\/uploads\/2025\/06\/WhatsApp-Image-2025-06-19-at-15.54.56-1-e1750360757243-768x946.jpeg 768w, https:\/\/atecordoba.org\/wp-content\/uploads\/2025\/06\/WhatsApp-Image-2025-06-19-at-15.54.56-1-e1750360757243-750x924.jpeg 750w, https:\/\/atecordoba.org\/wp-content\/uploads\/2025\/06\/WhatsApp-Image-2025-06-19-at-15.54.56-1-e1750360757243.jpeg 898w\" sizes=\"auto, (max-width: 303px) 100vw, 303px\" \/>Frente al argumento oficial sobre la imposibilidad econ\u00f3mica expresada por la Municipalidad, se acord\u00f3 llegar a un cuarto intermedio, continuando con la mesa de negociaciones para el pr\u00f3ximo 26 de junio, a las 13 horas.<\/p>\n<p>Por otro lado, las partes llegaron un acuerdo en el proyecto de recategorizaci\u00f3n de los empleados de planta permanente. Atento que ATE solicit\u00f3 que una vez tratada y aprobada, la recategorizaci\u00f3n se concrete con efecto retroactivo al mes de junio, la Jefatura de Recursos Humanos se comprometi\u00f3 a elevar la solicitud al Departamento Ejecutivo.<\/p>\n<p>Se acord\u00f3 continuar tratando los distintos temas en l\u00ednea con el proceso de entendimiento, en el marco de la dif\u00edcil situaci\u00f3n de la econom\u00eda en general y del municipio en particular que argumenta el Departamento Ejecutivo.<\/p>\n<p>En representaci\u00f3n de la Municipalidad estuvieron el jefe de Recursos Humanos, Jerem\u00edas Castillo Aguirre y funcionarios, en tanto la comitiva de ATE estuvo integrada por los delegados Gustavo Cohen y Jos\u00e9 Tapia, y el secretario de Organizaci\u00f3n del Consejo Directivo Provincial, Javier Bracamonte.<\/p>\n","protected":false},"excerpt":{"rendered":"<p>Hoy se realiz\u00f3 una audiencia paritaria en la municipalidad de Villa Cura Brochero donde ATE rechaz\u00f3 una oferta salarial del 10%, en condici\u00f3n de no remunerativo, por considerarla insuficiente. Frente al argumento oficial sobre la imposibilidad econ\u00f3mica expresada por la Municipalidad, se acord\u00f3 llegar a un cuarto intermedio, continuando con la mesa de negociaciones para [&hellip;]<\/p>\n","protected":false},"author":7,"featured_media":49251,"comment_status":"open","ping_status":"open","sticky":false,"template":"","format":"standard","meta":{"_exactmetrics_skip_tracking":false,"_exactmetrics_sitenote_active":false,"_exactmetrics_sitenote_note":"","_exactmetrics_sitenote_category":0,"jnews-multi-image_gallery":[],"jnews_single_post":{"format":"standard","override":[{"template":"1","parallax":"1","fullscreen":"1","layout":"no-sidebar-narrow","sidebar":"default-sidebar","second_sidebar":"default-sidebar","sticky_sidebar":"1","share_position":"bottom","share_float_style":"share-monocrhome","show_share_counter":"1","show_view_counter":"1","show_post_meta":"1","show_post_author_image":"1","show_post_date":"1","post_date_format":"default","post_date_format_custom":"Y\/m\/d","show_post_category":"1","show_post_reading_time":"0","post_reading_time_wpm":"300","post_calculate_word_method":"str_word_count","show_zoom_button":"0","zoom_button_out_step":"2","zoom_button_in_step":"3","show_post_tag":"1","number_popup_post":"1","show_post_related":"1","show_inline_post_related":"0"}],"image_override":[{"single_post_thumbnail_size":"crop-500","single_post_gallery_size":"crop-500"}],"trending_post_position":"meta","trending_post_label":"Trending","sponsored_post_label":"Sponsored by","disable_ad":"0"},"jnews_primary_category":[],"jnews_social_meta":[],"jnews_review":[],"enable_review":"","type":"percentage","name":"","summary":"","brand":"","sku":"","good":[],"bad":[],"score_override":"","override_value":"","rating":[],"price":[],"jnews_override_counter":{"view_counter_number":"0","share_counter_number":"0","like_counter_number":"0","dislike_counter_number":"0"},"jnews_post_split":{"post_split":[{"template":"1","tag":"h2","numbering":"asc","mode":"normal","first":"0","enable_toc":"0","toc_type":"normal"}]},"footnotes":""},"categories":[20],"tags":[],"class_list":["post-49250","post","type-post","status-publish","format-standard","has-post-thumbnail","hentry","category-municipales"],"jetpack_featured_media_url":"https:\/\/atecordoba.org\/wp-content\/uploads\/2025\/06\/brochero.png","_links":{"self":[{"href":"https:\/\/atecordoba.org\/index.php?rest_route=\/wp\/v2\/posts\/49250","targetHints":{"allow":["GET"]}}],"collection":[{"href":"https:\/\/atecordoba.org\/index.php?rest_route=\/wp\/v2\/posts"}],"about":[{"href":"https:\/\/atecordoba.org\/index.php?rest_route=\/wp\/v2\/types\/post"}],"author":[{"embeddable":true,"href":"https:\/\/atecordoba.org\/index.php?rest_route=\/wp\/v2\/users\/7"}],"replies":[{"embeddable":true,"href":"https:\/\/atecordoba.org\/index.php?rest_route=%2Fwp%2Fv2%2Fcomments&post=49250"}],"version-history":[{"count":4,"href":"https:\/\/atecordoba.org\/index.php?rest_route=\/wp\/v2\/posts\/49250\/revisions"}],"predecessor-version":[{"id":49256,"href":"https:\/\/atecordoba.org\/index.php?rest_route=\/wp\/v2\/posts\/49250\/revisions\/49256"}],"wp:featuredmedia":[{"embeddable":true,"href":"https:\/\/atecordoba.org\/index.php?rest_route=\/wp\/v2\/media\/49251"}],"wp:attachment":[{"href":"https:\/\/atecordoba.org\/index.php?rest_route=%2Fwp%2Fv2%2Fmedia&parent=49250"}],"wp:term":[{"taxonomy":"category","embeddable":true,"href":"https:\/\/atecordoba.org\/index.php?rest_route=%2Fwp%2Fv2%2Fcategories&post=49250"},{"taxonomy":"post_tag","embeddable":true,"href":"https:\/\/atecordoba.org\/index.php?rest_route=%2Fwp%2Fv2%2Ftags&post=49250"}],"curies":[{"name":"wp","href":"https:\/\/api.w.org\/{rel}","templated":true}]}}