{"id":49235,"date":"2025-06-19T15:33:33","date_gmt":"2025-06-19T18:33:33","guid":{"rendered":"https:\/\/atecordoba.org\/?p=49235"},"modified":"2025-06-19T15:33:33","modified_gmt":"2025-06-19T18:33:33","slug":"ate-presente-en-el-repudio-a-la-proscripcion-de-cristina-frente-a-la-sede-del-pj-cordobes","status":"publish","type":"post","link":"https:\/\/atecordoba.org\/?p=49235","title":{"rendered":"ATE, presente en el repudio a la proscripci\u00f3n de Cristina frente a la sede del PJ cordob\u00e9s"},"content":{"rendered":"<p><img loading=\"lazy\" decoding=\"async\" class=\"aligncenter wp-image-49236 \" src=\"https:\/\/atecordoba.org\/wp-content\/uploads\/2025\/06\/WhatsApp-Image-2025-06-19-at-14.34.25-1024x478.jpeg\" alt=\"\" width=\"615\" height=\"287\" \/>Una importante manifestaci\u00f3n de cordobeses se realiz\u00f3 ayer ante la sede del Partido Justicialista de C\u00f3rdoba, en repudio a la proscripci\u00f3n pol\u00edtica a la ex Presidenta Cristina Fern\u00e1ndez de Kirchner decidida por la Corte Suprema de Justicia.<\/p>\n<p><img loading=\"lazy\" decoding=\"async\" class=\"alignleft wp-image-49237 \" src=\"https:\/\/atecordoba.org\/wp-content\/uploads\/2025\/06\/WhatsApp-Image-2025-06-19-at-14.34.23-576x1024.jpeg\" alt=\"\" width=\"279\" height=\"496\" srcset=\"https:\/\/atecordoba.org\/wp-content\/uploads\/2025\/06\/WhatsApp-Image-2025-06-19-at-14.34.23-576x1024.jpeg 576w, https:\/\/atecordoba.org\/wp-content\/uploads\/2025\/06\/WhatsApp-Image-2025-06-19-at-14.34.23-169x300.jpeg 169w, https:\/\/atecordoba.org\/wp-content\/uploads\/2025\/06\/WhatsApp-Image-2025-06-19-at-14.34.23-768x1366.jpeg 768w, https:\/\/atecordoba.org\/wp-content\/uploads\/2025\/06\/WhatsApp-Image-2025-06-19-at-14.34.23-864x1536.jpeg 864w, https:\/\/atecordoba.org\/wp-content\/uploads\/2025\/06\/WhatsApp-Image-2025-06-19-at-14.34.23-750x1334.jpeg 750w, https:\/\/atecordoba.org\/wp-content\/uploads\/2025\/06\/WhatsApp-Image-2025-06-19-at-14.34.23.jpeg 899w\" sizes=\"auto, (max-width: 279px) 100vw, 279px\" \/>El acto se llev\u00f3 a cabo en sinton\u00eda con la marcha multitudinaria e hist\u00f3rica que se realiz\u00f3 en Capital Federal.<\/p>\n<p>En ese marco, ATE dijo presente en la concentraci\u00f3n mientras, en otro lamentablemente episodio propio del cordobesismo, ni el gobernador Mart\u00edn Llaryora ni \u00f3rgano del peronismo local se expres\u00f3 para repudiar la condena a Cristina.<\/p>\n<p>La persecuci\u00f3n judicial a la ex Presidenta se inserta, adem\u00e1s, en todo un proceso de persecuci\u00f3n y represi\u00f3n a las luchas populares de las y los dirigentes que resisten y se oponen al r\u00e9gimen neocolonial y de tinte fascista que encabeza Milei.<\/p>\n<p>En tal sentido, el secretario Gremial de ATE C\u00f3rdoba, al frente de la comitiva estatal, expres\u00f3 que &#8220;en el marco del paro nacional de ATE, el Consejo Directivo Provincial se hizo presente en la sede del Partido Justicialista, junto a organizaciones sociales y sindicales, para expresar el repudio a la proscripci\u00f3n de la ex Presidenta Cristina Fern\u00e1ndez de Kirchner y en defensa de la democracia&#8221;.<\/p>\n<p>&#8220;Adem\u00e1s, en C\u00f3rdoba tenemos imputado a nuestro secretario General Federico Giuliani\u00a0 en cuatro causas por la Justicia provincial, en el marco de unas clara persecuci\u00f3n antisindical. Si es condenada la compa\u00f1era ex Presidenta, que nos puede quedar para el resto de los dirigentes pol\u00edticos y sindicales que hoy salen a manifestarse en la calle\u201d, se pregunt\u00f3 el dirigente.<\/p>\n<p>Luego de realizar el acto frente al PJ, la multitud se traslad\u00f3 al frente de Patio Olmos, donde se cort\u00f3 la avenida Velez Sarsfield para exigir la liberaci\u00f3n de Cristina.<\/p>\n","protected":false},"excerpt":{"rendered":"<p>Una importante manifestaci\u00f3n de cordobeses se realiz\u00f3 ayer ante la sede del Partido Justicialista de C\u00f3rdoba, en repudio a la proscripci\u00f3n pol\u00edtica a la ex Presidenta Cristina Fern\u00e1ndez de Kirchner decidida por la Corte Suprema de Justicia. El acto se llev\u00f3 a cabo en sinton\u00eda con la marcha multitudinaria e hist\u00f3rica que se realiz\u00f3 en [&hellip;]<\/p>\n","protected":false},"author":7,"featured_media":49236,"comment_status":"open","ping_status":"open","sticky":false,"template":"","format":"standard","meta":{"_exactmetrics_skip_tracking":false,"_exactmetrics_sitenote_active":false,"_exactmetrics_sitenote_note":"","_exactmetrics_sitenote_category":0,"jnews-multi-image_gallery":[],"jnews_single_post":{"format":"standard","override":[{"template":"1","parallax":"1","fullscreen":"1","layout":"no-sidebar-narrow","sidebar":"default-sidebar","second_sidebar":"default-sidebar","sticky_sidebar":"1","share_position":"bottom","share_float_style":"share-monocrhome","show_share_counter":"1","show_view_counter":"1","show_post_meta":"1","show_post_author_image":"1","show_post_date":"1","post_date_format":"default","post_date_format_custom":"Y\/m\/d","show_post_category":"1","show_post_reading_time":"0","post_reading_time_wpm":"300","post_calculate_word_method":"str_word_count","show_zoom_button":"0","zoom_button_out_step":"2","zoom_button_in_step":"3","show_post_tag":"1","number_popup_post":"1","show_post_related":"1","show_inline_post_related":"0"}],"image_override":[{"single_post_thumbnail_size":"crop-500","single_post_gallery_size":"crop-500"}],"trending_post_position":"meta","trending_post_label":"Trending","sponsored_post_label":"Sponsored by","disable_ad":"0"},"jnews_primary_category":[],"jnews_social_meta":[],"jnews_review":[],"enable_review":"","type":"percentage","name":"","summary":"","brand":"","sku":"","good":[],"bad":[],"score_override":"","override_value":"","rating":[],"price":[],"jnews_override_counter":{"view_counter_number":"0","share_counter_number":"0","like_counter_number":"0","dislike_counter_number":"0"},"jnews_post_split":{"post_split":[{"template":"1","tag":"h2","numbering":"asc","mode":"normal","first":"0","enable_toc":"0","toc_type":"normal"}]},"footnotes":""},"categories":[10],"tags":[],"class_list":["post-49235","post","type-post","status-publish","format-standard","has-post-thumbnail","hentry","category-accion-politica"],"jetpack_featured_media_url":"https:\/\/atecordoba.org\/wp-content\/uploads\/2025\/06\/WhatsApp-Image-2025-06-19-at-14.34.25-e1750358005513.jpeg","_links":{"self":[{"href":"https:\/\/atecordoba.org\/index.php?rest_route=\/wp\/v2\/posts\/49235","targetHints":{"allow":["GET"]}}],"collection":[{"href":"https:\/\/atecordoba.org\/index.php?rest_route=\/wp\/v2\/posts"}],"about":[{"href":"https:\/\/atecordoba.org\/index.php?rest_route=\/wp\/v2\/types\/post"}],"author":[{"embeddable":true,"href":"https:\/\/atecordoba.org\/index.php?rest_route=\/wp\/v2\/users\/7"}],"replies":[{"embeddable":true,"href":"https:\/\/atecordoba.org\/index.php?rest_route=%2Fwp%2Fv2%2Fcomments&post=49235"}],"version-history":[{"count":1,"href":"https:\/\/atecordoba.org\/index.php?rest_route=\/wp\/v2\/posts\/49235\/revisions"}],"predecessor-version":[{"id":49238,"href":"https:\/\/atecordoba.org\/index.php?rest_route=\/wp\/v2\/posts\/49235\/revisions\/49238"}],"wp:featuredmedia":[{"embeddable":true,"href":"https:\/\/atecordoba.org\/index.php?rest_route=\/wp\/v2\/media\/49236"}],"wp:attachment":[{"href":"https:\/\/atecordoba.org\/index.php?rest_route=%2Fwp%2Fv2%2Fmedia&parent=49235"}],"wp:term":[{"taxonomy":"category","embeddable":true,"href":"https:\/\/atecordoba.org\/index.php?rest_route=%2Fwp%2Fv2%2Fcategories&post=49235"},{"taxonomy":"post_tag","embeddable":true,"href":"https:\/\/atecordoba.org\/index.php?rest_route=%2Fwp%2Fv2%2Ftags&post=49235"}],"curies":[{"name":"wp","href":"https:\/\/api.w.org\/{rel}","templated":true}]}}