{"id":49231,"date":"2025-06-19T15:09:30","date_gmt":"2025-06-19T18:09:30","guid":{"rendered":"https:\/\/atecordoba.org\/?p=49231"},"modified":"2025-06-19T15:09:30","modified_gmt":"2025-06-19T18:09:30","slug":"los-hornillos-ate-logra-un-20-de-aumento-salarial-para-agosto-y-recategorizaciones","status":"publish","type":"post","link":"https:\/\/atecordoba.org\/?p=49231","title":{"rendered":"Los Hornillos: ATE logra un 20% de aumento salarial para agosto y recategorizaciones"},"content":{"rendered":"<p><img loading=\"lazy\" decoding=\"async\" class=\"aligncenter wp-image-49232 \" src=\"https:\/\/atecordoba.org\/wp-content\/uploads\/2025\/06\/WhatsApp-Image-2025-06-19-at-13.39.58-2-1024x768.jpeg\" alt=\"\" width=\"615\" height=\"462\" srcset=\"https:\/\/atecordoba.org\/wp-content\/uploads\/2025\/06\/WhatsApp-Image-2025-06-19-at-13.39.58-2-1024x768.jpeg 1024w, https:\/\/atecordoba.org\/wp-content\/uploads\/2025\/06\/WhatsApp-Image-2025-06-19-at-13.39.58-2-300x225.jpeg 300w, https:\/\/atecordoba.org\/wp-content\/uploads\/2025\/06\/WhatsApp-Image-2025-06-19-at-13.39.58-2-768x576.jpeg 768w, https:\/\/atecordoba.org\/wp-content\/uploads\/2025\/06\/WhatsApp-Image-2025-06-19-at-13.39.58-2-1536x1152.jpeg 1536w, https:\/\/atecordoba.org\/wp-content\/uploads\/2025\/06\/WhatsApp-Image-2025-06-19-at-13.39.58-2-750x563.jpeg 750w, https:\/\/atecordoba.org\/wp-content\/uploads\/2025\/06\/WhatsApp-Image-2025-06-19-at-13.39.58-2-1140x855.jpeg 1140w, https:\/\/atecordoba.org\/wp-content\/uploads\/2025\/06\/WhatsApp-Image-2025-06-19-at-13.39.58-2.jpeg 1600w\" sizes=\"auto, (max-width: 615px) 100vw, 615px\" \/>En una audiencia celebrada hoy con el Departamento Ejecutivo de la Comuna de Los Hornillos, en el Valle de Traslasierra, ATE acord\u00f3 una recomposici\u00f3n del 20% en los salarios del mes de agosto para las y los municipales de la localidad.<\/p>\n<p>Adem\u00e1s, la Comuna se comprometi\u00f3 a evaluar otro aumento del 20%\u00a0 posterior, todo en aras de recuperar poder adquisitivo de los haberes que han sufrido una p\u00e9rdida sustancial el \u00faltimo a\u00f1o y medio de Gobierno de Milei. La comuna otorgar\u00e1 tambi\u00e9n un bono de 100.000 pesos para el personal no registrado.<\/p>\n<p>Por ATE estuvieron presentes la secretaria de Prensa, Julia Giuliani, Jos\u00e9 Baigorria, integrante del Consejo Directivo Provincial (CDP) y las\/os delegadas del sector, Gabriela Chavez y Ariel Kastli. En tanto por la patronal sign\u00f3 el acuerdo la presidenta comunal, Carolina Caballero, y el tesorero, Gerardo Rastaldi.<\/p>\n<p>La paritaria sectorial logr\u00f3 alcanzar otras mejoras como la recategorizaci\u00f3n de dos trabajadores y el compromiso del DEM para analizar aumentos en los \u00edtems presentismo y puntualidad, as\u00ed como revisar un aumento del \u00edtem salubridad.<\/p>\n<p>Por otro lado, ante la advertencia de la Comuna que trabajadores contratados podr\u00edan pasar a monotributistas, ATE respondi\u00f3 que de concretarse analizar\u00e1 las medidas pertinentes para resguardar los derechos de los trabajadores municipales.<\/p>\n<p>&nbsp;<\/p>\n","protected":false},"excerpt":{"rendered":"<p>En una audiencia celebrada hoy con el Departamento Ejecutivo de la Comuna de Los Hornillos, en el Valle de Traslasierra, ATE acord\u00f3 una recomposici\u00f3n del 20% en los salarios del mes de agosto para las y los municipales de la localidad. Adem\u00e1s, la Comuna se comprometi\u00f3 a evaluar otro aumento del 20%\u00a0 posterior, todo en [&hellip;]<\/p>\n","protected":false},"author":7,"featured_media":49232,"comment_status":"open","ping_status":"open","sticky":false,"template":"","format":"standard","meta":{"_exactmetrics_skip_tracking":false,"_exactmetrics_sitenote_active":false,"_exactmetrics_sitenote_note":"","_exactmetrics_sitenote_category":0,"jnews-multi-image_gallery":[],"jnews_single_post":{"format":"standard","override":[{"template":"1","parallax":"1","fullscreen":"1","layout":"no-sidebar-narrow","sidebar":"default-sidebar","second_sidebar":"default-sidebar","sticky_sidebar":"1","share_position":"bottom","share_float_style":"share-monocrhome","show_share_counter":"1","show_view_counter":"1","show_post_meta":"1","show_post_author_image":"1","show_post_date":"1","post_date_format":"default","post_date_format_custom":"Y\/m\/d","show_post_category":"1","show_post_reading_time":"0","post_reading_time_wpm":"300","post_calculate_word_method":"str_word_count","show_zoom_button":"0","zoom_button_out_step":"2","zoom_button_in_step":"3","show_post_tag":"1","number_popup_post":"1","show_post_related":"1","show_inline_post_related":"0"}],"image_override":[{"single_post_thumbnail_size":"crop-500","single_post_gallery_size":"crop-500"}],"trending_post_position":"meta","trending_post_label":"Trending","sponsored_post_label":"Sponsored by","disable_ad":"0"},"jnews_primary_category":[],"jnews_social_meta":[],"jnews_review":[],"enable_review":"","type":"percentage","name":"","summary":"","brand":"","sku":"","good":[],"bad":[],"score_override":"","override_value":"","rating":[],"price":[],"jnews_override_counter":{"view_counter_number":"0","share_counter_number":"0","like_counter_number":"0","dislike_counter_number":"0"},"jnews_post_split":{"post_split":[{"template":"1","tag":"h2","numbering":"asc","mode":"normal","first":"0","enable_toc":"0","toc_type":"normal"}]},"footnotes":""},"categories":[20],"tags":[],"class_list":["post-49231","post","type-post","status-publish","format-standard","has-post-thumbnail","hentry","category-municipales"],"jetpack_featured_media_url":"https:\/\/atecordoba.org\/wp-content\/uploads\/2025\/06\/WhatsApp-Image-2025-06-19-at-13.39.58-2.jpeg","_links":{"self":[{"href":"https:\/\/atecordoba.org\/index.php?rest_route=\/wp\/v2\/posts\/49231","targetHints":{"allow":["GET"]}}],"collection":[{"href":"https:\/\/atecordoba.org\/index.php?rest_route=\/wp\/v2\/posts"}],"about":[{"href":"https:\/\/atecordoba.org\/index.php?rest_route=\/wp\/v2\/types\/post"}],"author":[{"embeddable":true,"href":"https:\/\/atecordoba.org\/index.php?rest_route=\/wp\/v2\/users\/7"}],"replies":[{"embeddable":true,"href":"https:\/\/atecordoba.org\/index.php?rest_route=%2Fwp%2Fv2%2Fcomments&post=49231"}],"version-history":[{"count":1,"href":"https:\/\/atecordoba.org\/index.php?rest_route=\/wp\/v2\/posts\/49231\/revisions"}],"predecessor-version":[{"id":49233,"href":"https:\/\/atecordoba.org\/index.php?rest_route=\/wp\/v2\/posts\/49231\/revisions\/49233"}],"wp:featuredmedia":[{"embeddable":true,"href":"https:\/\/atecordoba.org\/index.php?rest_route=\/wp\/v2\/media\/49232"}],"wp:attachment":[{"href":"https:\/\/atecordoba.org\/index.php?rest_route=%2Fwp%2Fv2%2Fmedia&parent=49231"}],"wp:term":[{"taxonomy":"category","embeddable":true,"href":"https:\/\/atecordoba.org\/index.php?rest_route=%2Fwp%2Fv2%2Fcategories&post=49231"},{"taxonomy":"post_tag","embeddable":true,"href":"https:\/\/atecordoba.org\/index.php?rest_route=%2Fwp%2Fv2%2Ftags&post=49231"}],"curies":[{"name":"wp","href":"https:\/\/api.w.org\/{rel}","templated":true}]}}