{"id":49219,"date":"2025-06-19T10:22:11","date_gmt":"2025-06-19T13:22:11","guid":{"rendered":"https:\/\/atecordoba.org\/?p=49219"},"modified":"2025-06-19T10:37:18","modified_gmt":"2025-06-19T13:37:18","slug":"saldan-acuerdo-para-la-participacion-de-ate-en-la-proxima-paritaria-municipal","status":"publish","type":"post","link":"https:\/\/atecordoba.org\/?p=49219","title":{"rendered":"Sald\u00e1n: Acuerdo para la participaci\u00f3n de ATE en la pr\u00f3xima paritaria municipal"},"content":{"rendered":"<p><img loading=\"lazy\" decoding=\"async\" class=\"aligncenter wp-image-49220 \" src=\"https:\/\/atecordoba.org\/wp-content\/uploads\/2025\/06\/WhatsApp-Image-2025-06-18-at-10.00.31-1024x576.jpeg\" alt=\"\" width=\"604\" height=\"340\" srcset=\"https:\/\/atecordoba.org\/wp-content\/uploads\/2025\/06\/WhatsApp-Image-2025-06-18-at-10.00.31-1024x576.jpeg 1024w, https:\/\/atecordoba.org\/wp-content\/uploads\/2025\/06\/WhatsApp-Image-2025-06-18-at-10.00.31-300x169.jpeg 300w, https:\/\/atecordoba.org\/wp-content\/uploads\/2025\/06\/WhatsApp-Image-2025-06-18-at-10.00.31-768x432.jpeg 768w, https:\/\/atecordoba.org\/wp-content\/uploads\/2025\/06\/WhatsApp-Image-2025-06-18-at-10.00.31-1536x864.jpeg 1536w, https:\/\/atecordoba.org\/wp-content\/uploads\/2025\/06\/WhatsApp-Image-2025-06-18-at-10.00.31-750x422.jpeg 750w, https:\/\/atecordoba.org\/wp-content\/uploads\/2025\/06\/WhatsApp-Image-2025-06-18-at-10.00.31-1140x641.jpeg 1140w, https:\/\/atecordoba.org\/wp-content\/uploads\/2025\/06\/WhatsApp-Image-2025-06-18-at-10.00.31.jpeg 1600w\" sizes=\"auto, (max-width: 604px) 100vw, 604px\" \/>En una audiencia celebrada ayer en la Municipalidad de Saldan, la intendenta Carolina Cristori confirm\u00f3 a una delegaci\u00f3n de ATE la participaci\u00f3n de nuestra organizaci\u00f3n sindical en la pr\u00f3xima paritaria municipal que se llevar\u00e1 a cabo en le \u00e1mbito del Ministerio de Trabajo de la Provincia, el 11 de julio.<\/p>\n<p>ATE estuvo representada por el secretario Gremial del Consejo Directivo Provincial (CDP), Jorge Chalup, y su par de Organizaci\u00f3n, Javier Bracamonte, y las\/os delegados Cristian Romero y Soledad Aliendro.<\/p>\n<p>En la oportunidad tambi\u00e9n se trat\u00f3 la necesidad de poner en marcha una Mesa de Relaciones Laborales, donde canalizar los planteos gremiales de coyuntura diaria.<\/p>\n<p>De esta forma, ATE contin\u00faa el proceso organizativo de las y los municipales en las Sierras Chicas y el Gran C\u00f3rdoba, con el objetivo de mejor la situaci\u00f3n salarial y las condiciones de trabajo.<\/p>\n<p>&nbsp;<\/p>\n","protected":false},"excerpt":{"rendered":"<p>En una audiencia celebrada ayer en la Municipalidad de Saldan, la intendenta Carolina Cristori confirm\u00f3 a una delegaci\u00f3n de ATE la participaci\u00f3n de nuestra organizaci\u00f3n sindical en la pr\u00f3xima paritaria municipal que se llevar\u00e1 a cabo en le \u00e1mbito del Ministerio de Trabajo de la Provincia, el 11 de julio. ATE estuvo representada por el [&hellip;]<\/p>\n","protected":false},"author":7,"featured_media":49220,"comment_status":"open","ping_status":"open","sticky":false,"template":"","format":"standard","meta":{"_exactmetrics_skip_tracking":false,"_exactmetrics_sitenote_active":false,"_exactmetrics_sitenote_note":"","_exactmetrics_sitenote_category":0,"jnews-multi-image_gallery":[],"jnews_single_post":{"format":"standard","override":[{"template":"1","parallax":"1","fullscreen":"1","layout":"no-sidebar-narrow","sidebar":"default-sidebar","second_sidebar":"default-sidebar","sticky_sidebar":"1","share_position":"bottom","share_float_style":"share-monocrhome","show_share_counter":"1","show_view_counter":"1","show_post_meta":"1","show_post_author_image":"1","show_post_date":"1","post_date_format":"default","post_date_format_custom":"Y\/m\/d","show_post_category":"1","show_post_reading_time":"0","post_reading_time_wpm":"300","post_calculate_word_method":"str_word_count","show_zoom_button":"0","zoom_button_out_step":"2","zoom_button_in_step":"3","show_post_tag":"1","number_popup_post":"1","show_post_related":"1","show_inline_post_related":"0"}],"image_override":[{"single_post_thumbnail_size":"crop-500","single_post_gallery_size":"crop-500"}],"trending_post_position":"meta","trending_post_label":"Trending","sponsored_post_label":"Sponsored by","disable_ad":"0"},"jnews_primary_category":[],"jnews_social_meta":[],"jnews_review":[],"enable_review":"","type":"percentage","name":"","summary":"","brand":"","sku":"","good":[],"bad":[],"score_override":"","override_value":"","rating":[],"price":[],"jnews_override_counter":{"view_counter_number":"0","share_counter_number":"0","like_counter_number":"0","dislike_counter_number":"0"},"jnews_post_split":{"post_split":[{"template":"1","tag":"h2","numbering":"asc","mode":"normal","first":"0","enable_toc":"0","toc_type":"normal"}]},"footnotes":""},"categories":[20],"tags":[],"class_list":["post-49219","post","type-post","status-publish","format-standard","has-post-thumbnail","hentry","category-municipales"],"jetpack_featured_media_url":"https:\/\/atecordoba.org\/wp-content\/uploads\/2025\/06\/WhatsApp-Image-2025-06-18-at-10.00.31.jpeg","_links":{"self":[{"href":"https:\/\/atecordoba.org\/index.php?rest_route=\/wp\/v2\/posts\/49219","targetHints":{"allow":["GET"]}}],"collection":[{"href":"https:\/\/atecordoba.org\/index.php?rest_route=\/wp\/v2\/posts"}],"about":[{"href":"https:\/\/atecordoba.org\/index.php?rest_route=\/wp\/v2\/types\/post"}],"author":[{"embeddable":true,"href":"https:\/\/atecordoba.org\/index.php?rest_route=\/wp\/v2\/users\/7"}],"replies":[{"embeddable":true,"href":"https:\/\/atecordoba.org\/index.php?rest_route=%2Fwp%2Fv2%2Fcomments&post=49219"}],"version-history":[{"count":2,"href":"https:\/\/atecordoba.org\/index.php?rest_route=\/wp\/v2\/posts\/49219\/revisions"}],"predecessor-version":[{"id":49222,"href":"https:\/\/atecordoba.org\/index.php?rest_route=\/wp\/v2\/posts\/49219\/revisions\/49222"}],"wp:featuredmedia":[{"embeddable":true,"href":"https:\/\/atecordoba.org\/index.php?rest_route=\/wp\/v2\/media\/49220"}],"wp:attachment":[{"href":"https:\/\/atecordoba.org\/index.php?rest_route=%2Fwp%2Fv2%2Fmedia&parent=49219"}],"wp:term":[{"taxonomy":"category","embeddable":true,"href":"https:\/\/atecordoba.org\/index.php?rest_route=%2Fwp%2Fv2%2Fcategories&post=49219"},{"taxonomy":"post_tag","embeddable":true,"href":"https:\/\/atecordoba.org\/index.php?rest_route=%2Fwp%2Fv2%2Ftags&post=49219"}],"curies":[{"name":"wp","href":"https:\/\/api.w.org\/{rel}","templated":true}]}}