{"id":49215,"date":"2025-06-18T10:13:33","date_gmt":"2025-06-18T13:13:33","guid":{"rendered":"https:\/\/atecordoba.org\/?p=49215"},"modified":"2025-06-18T10:15:29","modified_gmt":"2025-06-18T13:15:29","slug":"ate-repudia-la-nueva-policia-federal-de-milei-detenciones-arbitrarias-retenes-espionaje-ilegal-listas-negras-y-todo-tipo-de-violaciones-a-la-ley-de-inteligencia-nacional","status":"publish","type":"post","link":"https:\/\/atecordoba.org\/?p=49215","title":{"rendered":"ATE repudia la nueva Polic\u00eda Federal de Milei: detenciones arbitrarias, retenes, espionaje ilegal, listas negras y todo tipo de violaciones a la ley de Inteligencia"},"content":{"rendered":"<p><img loading=\"lazy\" decoding=\"async\" class=\"aligncenter wp-image-49216 size-large\" src=\"https:\/\/atecordoba.org\/wp-content\/uploads\/2025\/06\/policia-1024x448.webp\" alt=\"\" width=\"1024\" height=\"448\" srcset=\"https:\/\/atecordoba.org\/wp-content\/uploads\/2025\/06\/policia-1024x448.webp 1024w, https:\/\/atecordoba.org\/wp-content\/uploads\/2025\/06\/policia-300x131.webp 300w, https:\/\/atecordoba.org\/wp-content\/uploads\/2025\/06\/policia-768x336.webp 768w, https:\/\/atecordoba.org\/wp-content\/uploads\/2025\/06\/policia-750x328.webp 750w, https:\/\/atecordoba.org\/wp-content\/uploads\/2025\/06\/policia-1140x499.webp 1140w, https:\/\/atecordoba.org\/wp-content\/uploads\/2025\/06\/policia.webp 1200w\" sizes=\"auto, (max-width: 1024px) 100vw, 1024px\" \/>En un nuevo escal\u00f3n de represi\u00f3n a la protesta social en Argentina, el Presidente Javier Milei emiti\u00f3 un decreto que ampl\u00eda y degrada las funciones de la Polic\u00eda Federal, habilitando a que realice, sin orden judicial previa, detenciones arbitrarias, retenes para evitar manifestaciones p\u00fablicas, espionaje ilegal y confecci\u00f3n de listas negras, entre otros graves ataques al estado de derecho.<\/p>\n<p>La iniciativa impulsada por la ministra de Seguridad Patricia Bullrich constituye todo tipo de violaciones a la ley de Inteligencia Nacional (25.520), bajo la figura de un nuevo Estatuto para el funcionamiento de la fuerza federal, en l\u00ednea con la denominada \u201cley Antimafias\u201d, que transform\u00f3 cualquier reuni\u00f3n de m\u00e1s de 3 personas en una organizaci\u00f3n criminal, y el Plan de Inteligencia Nacional, cuya redacci\u00f3n revel\u00f3 que pretenden usar a los esp\u00edas para el control social.<\/p>\n<p>ATE C\u00f3rdoba repudia el decreto, que seguramente ser\u00e1 declarado inconstitucional de encontrarse en el pa\u00eds un juez federal que se atenga a los fundamentos de nuestra carta magna, que expresa una direcci\u00f3n del gobierno dirigida a imponer el ajuste con m\u00e1s represi\u00f3n.<\/p>\n<p>No es casual que la norma se haya anunciado ayer, cuando multitudes de argentinos y argentinas preparan una masiva movilizaci\u00f3n contra la proscripci\u00f3n de la ex Presidenta Cristina Fern\u00e1ndez de Kirchner, mientras Milei regresa de Israel, comprometido con la pol\u00edtica genocida del r\u00e9gimen sionista contra Gaza y en su escalada belicista en todo medio oriente.<\/p>\n<p>Tal como explic\u00f3 el CELS \u201cesta transformaci\u00f3n va en l\u00ednea con las pol\u00edticas de seguridad de Patricia Bullrich que, bajo una narrativa de modernizaci\u00f3n, entrega facultades discrecionales y controles d\u00e9biles sobre la actuaci\u00f3n de esa fuerza\u201d.<\/p>\n<p>En ese marco, ATE insta a todas las fuerzas pol\u00edticas y sociales a repudiar este ataque flagrante al estado de derecho y la libertad del pueblo a manifestarse, ratificando nuestro compromiso con la vida democr\u00e1tica en la Argentina.<\/p>\n<p style=\"text-align: center\">Federico Giuliani<\/p>\n<p style=\"text-align: center\">Secretario General<\/p>\n","protected":false},"excerpt":{"rendered":"<p>En un nuevo escal\u00f3n de represi\u00f3n a la protesta social en Argentina, el Presidente Javier Milei emiti\u00f3 un decreto que ampl\u00eda y degrada las funciones de la Polic\u00eda Federal, habilitando a que realice, sin orden judicial previa, detenciones arbitrarias, retenes para evitar manifestaciones p\u00fablicas, espionaje ilegal y confecci\u00f3n de listas negras, entre otros graves ataques [&hellip;]<\/p>\n","protected":false},"author":7,"featured_media":49216,"comment_status":"open","ping_status":"open","sticky":false,"template":"","format":"standard","meta":{"_exactmetrics_skip_tracking":false,"_exactmetrics_sitenote_active":false,"_exactmetrics_sitenote_note":"","_exactmetrics_sitenote_category":0,"jnews-multi-image_gallery":[],"jnews_single_post":{"format":"standard","override":[{"template":"1","parallax":"1","fullscreen":"1","layout":"no-sidebar-narrow","sidebar":"default-sidebar","second_sidebar":"default-sidebar","sticky_sidebar":"1","share_position":"bottom","share_float_style":"share-monocrhome","show_share_counter":"1","show_view_counter":"1","show_post_meta":"1","show_post_author_image":"1","show_post_date":"1","post_date_format":"default","post_date_format_custom":"Y\/m\/d","show_post_category":"1","show_post_reading_time":"0","post_reading_time_wpm":"300","post_calculate_word_method":"str_word_count","show_zoom_button":"0","zoom_button_out_step":"2","zoom_button_in_step":"3","show_post_tag":"1","number_popup_post":"1","show_post_related":"1","show_inline_post_related":"0"}],"image_override":[{"single_post_thumbnail_size":"crop-500","single_post_gallery_size":"crop-500"}],"trending_post_position":"meta","trending_post_label":"Trending","sponsored_post_label":"Sponsored by","disable_ad":"0"},"jnews_primary_category":[],"jnews_social_meta":[],"jnews_review":[],"enable_review":"","type":"percentage","name":"","summary":"","brand":"","sku":"","good":[],"bad":[],"score_override":"","override_value":"","rating":[],"price":[],"jnews_override_counter":{"view_counter_number":"0","share_counter_number":"0","like_counter_number":"0","dislike_counter_number":"0"},"jnews_post_split":{"post_split":[{"template":"1","tag":"h2","numbering":"asc","mode":"normal","first":"0","enable_toc":"0","toc_type":"normal"}]},"footnotes":""},"categories":[10],"tags":[],"class_list":["post-49215","post","type-post","status-publish","format-standard","has-post-thumbnail","hentry","category-accion-politica"],"jetpack_featured_media_url":"https:\/\/atecordoba.org\/wp-content\/uploads\/2025\/06\/policia.webp","_links":{"self":[{"href":"https:\/\/atecordoba.org\/index.php?rest_route=\/wp\/v2\/posts\/49215","targetHints":{"allow":["GET"]}}],"collection":[{"href":"https:\/\/atecordoba.org\/index.php?rest_route=\/wp\/v2\/posts"}],"about":[{"href":"https:\/\/atecordoba.org\/index.php?rest_route=\/wp\/v2\/types\/post"}],"author":[{"embeddable":true,"href":"https:\/\/atecordoba.org\/index.php?rest_route=\/wp\/v2\/users\/7"}],"replies":[{"embeddable":true,"href":"https:\/\/atecordoba.org\/index.php?rest_route=%2Fwp%2Fv2%2Fcomments&post=49215"}],"version-history":[{"count":2,"href":"https:\/\/atecordoba.org\/index.php?rest_route=\/wp\/v2\/posts\/49215\/revisions"}],"predecessor-version":[{"id":49218,"href":"https:\/\/atecordoba.org\/index.php?rest_route=\/wp\/v2\/posts\/49215\/revisions\/49218"}],"wp:featuredmedia":[{"embeddable":true,"href":"https:\/\/atecordoba.org\/index.php?rest_route=\/wp\/v2\/media\/49216"}],"wp:attachment":[{"href":"https:\/\/atecordoba.org\/index.php?rest_route=%2Fwp%2Fv2%2Fmedia&parent=49215"}],"wp:term":[{"taxonomy":"category","embeddable":true,"href":"https:\/\/atecordoba.org\/index.php?rest_route=%2Fwp%2Fv2%2Fcategories&post=49215"},{"taxonomy":"post_tag","embeddable":true,"href":"https:\/\/atecordoba.org\/index.php?rest_route=%2Fwp%2Fv2%2Ftags&post=49215"}],"curies":[{"name":"wp","href":"https:\/\/api.w.org\/{rel}","templated":true}]}}