{"id":4921,"date":"2014-12-15T16:31:56","date_gmt":"2014-12-15T19:31:56","guid":{"rendered":"http:\/\/www.atecordoba.org\/?p=4921"},"modified":"2014-12-15T16:31:56","modified_gmt":"2014-12-15T19:31:56","slug":"senasa-realiza-un-paro-por-96-horas","status":"publish","type":"post","link":"https:\/\/atecordoba.org\/?p=4921","title":{"rendered":"SENASA realiza un paro por 96 horas"},"content":{"rendered":"<p><em>Al cumplirse el t\u00e9rmino de la conciliaci\u00f3n obligatoria dictada por el Ministerio de Trabajo de la naci\u00f3n, los trabajadores de la SENASA retomaron el plan de lucha con un paro por 96 horas que se inici\u00f3 <span id=\"OBJ_PREFIX_DWT497_com_zimbra_date\" class=\"Object\">hoy<\/span> a las 00 horas y tendr\u00e1 cumplimiento hasta las 00 horas del <span id=\"OBJ_PREFIX_DWT498_com_zimbra_date\" class=\"Object\">viernes<\/span> pr\u00f3ximo.\u00a0<\/em><\/p>\n<p><a href=\"http:\/\/www.atecordoba.org\/wp-content\/uploads\/2014\/12\/senasa_ate.jpg\"><img loading=\"lazy\" decoding=\"async\" class=\"aligncenter size-full wp-image-4922\" src=\"http:\/\/www.atecordoba.org\/wp-content\/uploads\/2014\/12\/senasa_ate.jpg\" alt=\"OLYMPUS DIGITAL CAMERA\" width=\"320\" height=\"240\" \/><\/a><\/p>\n<div>El paro es la respuesta a la falta de propuestas de las autoridades del organismo durante el impasse que dict\u00f3 la cartera laboral.<\/div>\n<div>La medida tendr\u00e1 car\u00e1cter efectivo en toda la provincia de C\u00f3rdoba. En el Centro Regional, de calle San Jer\u00f3nimo, los trabajadores resolvieron en asamblea que iniciar\u00e1n asambleas <span id=\"OBJ_PREFIX_DWT499_com_zimbra_date\" class=\"Object\">hoy<\/span> y <span id=\"OBJ_PREFIX_DWT500_com_zimbra_date\" class=\"Object\">ma\u00f1ana<\/span> a partir de las 10 horas sin atenci\u00f3n al p\u00fablico.<\/div>\n<div>Los trabajadores reclaman:<\/div>\n<div>\n<ul>\n<li>Reapertura de paritarias para discutir una recomposici\u00f3n salarial que compense la escalada inflacionaria, ante el insuficiente \u00a028.15% otorgado por el gobierno nacional.<\/li>\n<li>Revisi\u00f3n del convenio colectivo sectorial<\/li>\n<li>Equiparaci\u00f3n con otros organismos, que compartimos mismas actividades y tareas, pero con condiciones inferiores de salarios.<\/li>\n<li>Bono de $4000.<\/li>\n<li>82% para los jubilados.<\/li>\n<\/ul>\n<div><\/div>\n<\/div>\n","protected":false},"excerpt":{"rendered":"<p>Al cumplirse el t\u00e9rmino de la conciliaci\u00f3n obligatoria dictada por el Ministerio de Trabajo de la naci\u00f3n, los trabajadores de la SENASA retomaron el plan de lucha con un paro por 96 horas que se inici\u00f3 hoy a las 00 horas y tendr\u00e1 cumplimiento hasta las 00 horas del viernes pr\u00f3ximo.\u00a0 El paro es la [&hellip;]<\/p>\n","protected":false},"author":1,"featured_media":19220,"comment_status":"open","ping_status":"open","sticky":false,"template":"","format":"standard","meta":{"_exactmetrics_skip_tracking":false,"_exactmetrics_sitenote_active":false,"_exactmetrics_sitenote_note":"","_exactmetrics_sitenote_category":0,"jnews-multi-image_gallery":[],"jnews_single_post":[],"jnews_primary_category":[],"jnews_social_meta":[],"jnews_review":[],"enable_review":"","type":"","name":"","summary":"","brand":"","sku":"","good":[],"bad":[],"score_override":"","override_value":"","rating":[],"price":[],"jnews_override_counter":[],"jnews_post_split":[],"footnotes":""},"categories":[18],"tags":[46],"class_list":["post-4921","post","type-post","status-publish","format-standard","has-post-thumbnail","hentry","category-nacionales","tag-senasa"],"jetpack_featured_media_url":"https:\/\/atecordoba.org\/wp-content\/uploads\/2020\/05\/logo-nuevochico-e1561581322808.png","_links":{"self":[{"href":"https:\/\/atecordoba.org\/index.php?rest_route=\/wp\/v2\/posts\/4921","targetHints":{"allow":["GET"]}}],"collection":[{"href":"https:\/\/atecordoba.org\/index.php?rest_route=\/wp\/v2\/posts"}],"about":[{"href":"https:\/\/atecordoba.org\/index.php?rest_route=\/wp\/v2\/types\/post"}],"author":[{"embeddable":true,"href":"https:\/\/atecordoba.org\/index.php?rest_route=\/wp\/v2\/users\/1"}],"replies":[{"embeddable":true,"href":"https:\/\/atecordoba.org\/index.php?rest_route=%2Fwp%2Fv2%2Fcomments&post=4921"}],"version-history":[{"count":0,"href":"https:\/\/atecordoba.org\/index.php?rest_route=\/wp\/v2\/posts\/4921\/revisions"}],"wp:featuredmedia":[{"embeddable":true,"href":"https:\/\/atecordoba.org\/index.php?rest_route=\/wp\/v2\/media\/19220"}],"wp:attachment":[{"href":"https:\/\/atecordoba.org\/index.php?rest_route=%2Fwp%2Fv2%2Fmedia&parent=4921"}],"wp:term":[{"taxonomy":"category","embeddable":true,"href":"https:\/\/atecordoba.org\/index.php?rest_route=%2Fwp%2Fv2%2Fcategories&post=4921"},{"taxonomy":"post_tag","embeddable":true,"href":"https:\/\/atecordoba.org\/index.php?rest_route=%2Fwp%2Fv2%2Ftags&post=4921"}],"curies":[{"name":"wp","href":"https:\/\/api.w.org\/{rel}","templated":true}]}}