{"id":49204,"date":"2025-06-17T14:53:16","date_gmt":"2025-06-17T17:53:16","guid":{"rendered":"https:\/\/atecordoba.org\/?p=49204"},"modified":"2025-06-17T15:56:31","modified_gmt":"2025-06-17T18:56:31","slug":"sierra-chicas-recorrida-por-salsipuedes-aguas-de-oro-y-rio-ceballos-para-avanzar-en-el-proceso-organizativo-de-ate-en-la-region","status":"publish","type":"post","link":"https:\/\/atecordoba.org\/?p=49204","title":{"rendered":"Sierra Chicas: recorrida por Salsipuedes, Agua de Oro y R\u00edo Ceballos para avanzar en el proceso organizativo de ATE en la regi\u00f3n"},"content":{"rendered":"<p><img loading=\"lazy\" decoding=\"async\" class=\"aligncenter wp-image-49205 \" src=\"https:\/\/atecordoba.org\/wp-content\/uploads\/2025\/06\/WhatsApp-Image-2025-06-17-at-14.23.30-1024x768.jpeg\" alt=\"\" width=\"622\" height=\"467\" \/>Esta ma\u00f1ana ATE realiz\u00f3 una recorrida por los distintos sectores municipales de tres localidades del corredor Sierras Chicas, a los fines de avanzar en el proceso organizativo y los contactos institucionales, en un departamento del interior provincial donde ATE viene creciendo fuertemente en cantidad de afiliados y afiliadas.<\/p>\n<p>As\u00ed, la comitiva estatal visit\u00f3 Salsipuedes, Agua de Oro y R\u00edo Ceballos, integrada por la secretaria de Prensa del Consejo Directivo Provincial (CDP) y vocal del Consejo Directivo Nacional (CDN), Julia Giuliani, el delegado de ATE en Salsipuedes, Vladimir Su\u00e1rez, y la integrante del CDP Irina Silberman.<\/p>\n<p>En Salsipuedes se logr\u00f3 la afiliaci\u00f3n de numeroso personal municipal, avanzando en el proceso organizativo del sector y dejando en claro que ATE est\u00e1 presente.<\/p>\n<div id='gallery_1' class='gallery galleryid-49204 gallery-columns-2 gallery-size-thumbnail'><figure class='gallery-item'>\n                <div class='gallery-icon portrait'>\n                    <a href='https:\/\/atecordoba.org\/wp-content\/uploads\/2025\/06\/WhatsApp-Image-2025-06-17-at-14.23.29-1.jpeg'><img loading=\"lazy\" decoding=\"async\" width=\"150\" height=\"150\" src=\"\" class=\"attachment-thumbnail size-thumbnail lazyload\" alt=\"\" data-src=\"https:\/\/atecordoba.org\/wp-content\/uploads\/2025\/06\/WhatsApp-Image-2025-06-17-at-14.23.29-1-150x150.jpeg\" data-sizes=\"auto\" data-srcset=\"https:\/\/atecordoba.org\/wp-content\/uploads\/2025\/06\/WhatsApp-Image-2025-06-17-at-14.23.29-1-150x150.jpeg 150w, https:\/\/atecordoba.org\/wp-content\/uploads\/2025\/06\/WhatsApp-Image-2025-06-17-at-14.23.29-1-560x560.jpeg 560w, https:\/\/atecordoba.org\/wp-content\/uploads\/2025\/06\/WhatsApp-Image-2025-06-17-at-14.23.29-1-75x75.jpeg 75w, https:\/\/atecordoba.org\/wp-content\/uploads\/2025\/06\/WhatsApp-Image-2025-06-17-at-14.23.29-1-350x350.jpeg 350w\" data-expand=\"700\" \/><\/a>\n                <\/div><\/figure><figure class='gallery-item'>\n                <div class='gallery-icon portrait'>\n                    <a href='https:\/\/atecordoba.org\/wp-content\/uploads\/2025\/06\/WhatsApp-Image-2025-06-17-at-14.23.29-2.jpeg'><img loading=\"lazy\" decoding=\"async\" width=\"150\" height=\"150\" src=\"\" class=\"attachment-thumbnail size-thumbnail lazyload\" alt=\"\" data-src=\"https:\/\/atecordoba.org\/wp-content\/uploads\/2025\/06\/WhatsApp-Image-2025-06-17-at-14.23.29-2-150x150.jpeg\" data-sizes=\"auto\" data-srcset=\"https:\/\/atecordoba.org\/wp-content\/uploads\/2025\/06\/WhatsApp-Image-2025-06-17-at-14.23.29-2-150x150.jpeg 150w, https:\/\/atecordoba.org\/wp-content\/uploads\/2025\/06\/WhatsApp-Image-2025-06-17-at-14.23.29-2-560x560.jpeg 560w, https:\/\/atecordoba.org\/wp-content\/uploads\/2025\/06\/WhatsApp-Image-2025-06-17-at-14.23.29-2-75x75.jpeg 75w, https:\/\/atecordoba.org\/wp-content\/uploads\/2025\/06\/WhatsApp-Image-2025-06-17-at-14.23.29-2-350x350.jpeg 350w\" data-expand=\"700\" \/><\/a>\n                <\/div><\/figure><br style=\"clear: both\" \/>\n            <\/div>\n\n<p>Posteriormente la comitiva se traslad\u00f3 a Aguas de Oro, donde el intendente Miguel Aguirre confirm\u00f3 el reconocimiento a ATE para que ejerza la representaci\u00f3n de las y los municipales de la comuna, con el consiguiente c\u00f3digo de descuento de la cuota sindical de nuestros afiliados y afiliadas. En tanto, los primeros d\u00edas de julio ATE estar\u00e1 presente en la paritaria donde se llevar\u00e1 a cabo la discusi\u00f3n salarial para los meses venideros.<\/p>\n<p>Por \u00faltimo, en R\u00edo Ceballos se realiz\u00f3 tambi\u00e9n una recorrida por los sectores, con volanteada para afiliados y afiliadas. Seguidamente en reuni\u00f3n con Facundo Varela, secretario de Gobierno de la Municipalidad, se avanz\u00f3 en las conversaciones para lograr el reconocimiento de ATE en la localidad. De la misma manera, el funcionario accedi\u00f3 a proseguir las negociaciones a los fines de otorgar el c\u00f3digo de descuento de la cuota sindical para la gran cantidad de afiliados y afiliadas que ATE ostenta en la ciudad.<\/p>\n<p><img loading=\"lazy\" decoding=\"async\" class=\"alignnone size-medium wp-image-49209\" src=\"https:\/\/atecordoba.org\/wp-content\/uploads\/2025\/06\/WhatsApp-Image-2025-06-17-at-14.23.29-225x300.jpeg\" alt=\"\" width=\"225\" height=\"300\" srcset=\"https:\/\/atecordoba.org\/wp-content\/uploads\/2025\/06\/WhatsApp-Image-2025-06-17-at-14.23.29-225x300.jpeg 225w, https:\/\/atecordoba.org\/wp-content\/uploads\/2025\/06\/WhatsApp-Image-2025-06-17-at-14.23.29-768x1024.jpeg 768w, https:\/\/atecordoba.org\/wp-content\/uploads\/2025\/06\/WhatsApp-Image-2025-06-17-at-14.23.29-750x1000.jpeg 750w, https:\/\/atecordoba.org\/wp-content\/uploads\/2025\/06\/WhatsApp-Image-2025-06-17-at-14.23.29.jpeg 774w\" sizes=\"auto, (max-width: 225px) 100vw, 225px\" \/> <img loading=\"lazy\" decoding=\"async\" class=\"alignnone size-medium wp-image-49210\" src=\"https:\/\/atecordoba.org\/wp-content\/uploads\/2025\/06\/WhatsApp-Image-2025-06-17-at-14.23.28-225x300.jpeg\" alt=\"\" width=\"225\" height=\"300\" srcset=\"https:\/\/atecordoba.org\/wp-content\/uploads\/2025\/06\/WhatsApp-Image-2025-06-17-at-14.23.28-225x300.jpeg 225w, https:\/\/atecordoba.org\/wp-content\/uploads\/2025\/06\/WhatsApp-Image-2025-06-17-at-14.23.28-768x1024.jpeg 768w, https:\/\/atecordoba.org\/wp-content\/uploads\/2025\/06\/WhatsApp-Image-2025-06-17-at-14.23.28-1152x1536.jpeg 1152w, https:\/\/atecordoba.org\/wp-content\/uploads\/2025\/06\/WhatsApp-Image-2025-06-17-at-14.23.28-750x1000.jpeg 750w, https:\/\/atecordoba.org\/wp-content\/uploads\/2025\/06\/WhatsApp-Image-2025-06-17-at-14.23.28-1140x1520.jpeg 1140w, https:\/\/atecordoba.org\/wp-content\/uploads\/2025\/06\/WhatsApp-Image-2025-06-17-at-14.23.28.jpeg 1200w\" sizes=\"auto, (max-width: 225px) 100vw, 225px\" \/><img loading=\"lazy\" decoding=\"async\" class=\"alignnone size-medium wp-image-49208\" src=\"https:\/\/atecordoba.org\/wp-content\/uploads\/2025\/06\/WhatsApp-Image-2025-06-17-at-14.23.28-1-169x300.jpeg\" alt=\"\" width=\"169\" height=\"300\" srcset=\"https:\/\/atecordoba.org\/wp-content\/uploads\/2025\/06\/WhatsApp-Image-2025-06-17-at-14.23.28-1-169x300.jpeg 169w, https:\/\/atecordoba.org\/wp-content\/uploads\/2025\/06\/WhatsApp-Image-2025-06-17-at-14.23.28-1-576x1024.jpeg 576w, https:\/\/atecordoba.org\/wp-content\/uploads\/2025\/06\/WhatsApp-Image-2025-06-17-at-14.23.28-1-768x1366.jpeg 768w, https:\/\/atecordoba.org\/wp-content\/uploads\/2025\/06\/WhatsApp-Image-2025-06-17-at-14.23.28-1-864x1536.jpeg 864w, https:\/\/atecordoba.org\/wp-content\/uploads\/2025\/06\/WhatsApp-Image-2025-06-17-at-14.23.28-1-750x1334.jpeg 750w, https:\/\/atecordoba.org\/wp-content\/uploads\/2025\/06\/WhatsApp-Image-2025-06-17-at-14.23.28-1.jpeg 899w\" sizes=\"auto, (max-width: 169px) 100vw, 169px\" \/><\/p>\n","protected":false},"excerpt":{"rendered":"<p>Esta ma\u00f1ana ATE realiz\u00f3 una recorrida por los distintos sectores municipales de tres localidades del corredor Sierras Chicas, a los fines de avanzar en el proceso organizativo y los contactos institucionales, en un departamento del interior provincial donde ATE viene creciendo fuertemente en cantidad de afiliados y afiliadas. As\u00ed, la comitiva estatal visit\u00f3 Salsipuedes, Agua [&hellip;]<\/p>\n","protected":false},"author":7,"featured_media":49205,"comment_status":"open","ping_status":"open","sticky":false,"template":"","format":"standard","meta":{"_exactmetrics_skip_tracking":false,"_exactmetrics_sitenote_active":false,"_exactmetrics_sitenote_note":"","_exactmetrics_sitenote_category":0,"jnews-multi-image_gallery":[],"jnews_single_post":{"format":"standard","override":[{"template":"1","parallax":"1","fullscreen":"1","layout":"no-sidebar-narrow","sidebar":"default-sidebar","second_sidebar":"default-sidebar","sticky_sidebar":"1","share_position":"bottom","share_float_style":"share-monocrhome","show_share_counter":"1","show_view_counter":"1","show_post_meta":"1","show_post_author_image":"1","show_post_date":"1","post_date_format":"default","post_date_format_custom":"Y\/m\/d","show_post_category":"1","show_post_reading_time":"0","post_reading_time_wpm":"300","post_calculate_word_method":"str_word_count","show_zoom_button":"0","zoom_button_out_step":"2","zoom_button_in_step":"3","show_post_tag":"1","number_popup_post":"1","show_post_related":"1","show_inline_post_related":"0"}],"image_override":[{"single_post_thumbnail_size":"crop-500","single_post_gallery_size":"crop-500"}],"trending_post_position":"meta","trending_post_label":"Trending","sponsored_post_label":"Sponsored by","disable_ad":"0"},"jnews_primary_category":[],"jnews_social_meta":[],"jnews_review":[],"enable_review":"","type":"percentage","name":"","summary":"","brand":"","sku":"","good":[],"bad":[],"score_override":"","override_value":"","rating":[],"price":[],"jnews_override_counter":{"view_counter_number":"0","share_counter_number":"0","like_counter_number":"0","dislike_counter_number":"0"},"jnews_post_split":{"post_split":[{"template":"1","tag":"h2","numbering":"asc","mode":"normal","first":"0","enable_toc":"0","toc_type":"normal"}]},"footnotes":""},"categories":[20],"tags":[],"class_list":["post-49204","post","type-post","status-publish","format-standard","has-post-thumbnail","hentry","category-municipales"],"jetpack_featured_media_url":"https:\/\/atecordoba.org\/wp-content\/uploads\/2025\/06\/WhatsApp-Image-2025-06-17-at-14.23.30-e1750182785375.jpeg","_links":{"self":[{"href":"https:\/\/atecordoba.org\/index.php?rest_route=\/wp\/v2\/posts\/49204","targetHints":{"allow":["GET"]}}],"collection":[{"href":"https:\/\/atecordoba.org\/index.php?rest_route=\/wp\/v2\/posts"}],"about":[{"href":"https:\/\/atecordoba.org\/index.php?rest_route=\/wp\/v2\/types\/post"}],"author":[{"embeddable":true,"href":"https:\/\/atecordoba.org\/index.php?rest_route=\/wp\/v2\/users\/7"}],"replies":[{"embeddable":true,"href":"https:\/\/atecordoba.org\/index.php?rest_route=%2Fwp%2Fv2%2Fcomments&post=49204"}],"version-history":[{"count":2,"href":"https:\/\/atecordoba.org\/index.php?rest_route=\/wp\/v2\/posts\/49204\/revisions"}],"predecessor-version":[{"id":49213,"href":"https:\/\/atecordoba.org\/index.php?rest_route=\/wp\/v2\/posts\/49204\/revisions\/49213"}],"wp:featuredmedia":[{"embeddable":true,"href":"https:\/\/atecordoba.org\/index.php?rest_route=\/wp\/v2\/media\/49205"}],"wp:attachment":[{"href":"https:\/\/atecordoba.org\/index.php?rest_route=%2Fwp%2Fv2%2Fmedia&parent=49204"}],"wp:term":[{"taxonomy":"category","embeddable":true,"href":"https:\/\/atecordoba.org\/index.php?rest_route=%2Fwp%2Fv2%2Fcategories&post=49204"},{"taxonomy":"post_tag","embeddable":true,"href":"https:\/\/atecordoba.org\/index.php?rest_route=%2Fwp%2Fv2%2Ftags&post=49204"}],"curies":[{"name":"wp","href":"https:\/\/api.w.org\/{rel}","templated":true}]}}