{"id":49200,"date":"2025-06-17T14:19:07","date_gmt":"2025-06-17T17:19:07","guid":{"rendered":"https:\/\/atecordoba.org\/?p=49200"},"modified":"2025-06-17T14:19:07","modified_gmt":"2025-06-17T17:19:07","slug":"anac-jornada-nacional-de-lucha-el-jueves-proximo-por-los-despidos-y-los-ceses-de-contrato","status":"publish","type":"post","link":"https:\/\/atecordoba.org\/?p=49200","title":{"rendered":"ANAC: jornada nacional de lucha el jueves pr\u00f3ximo por los despidos y los ceses de contrato"},"content":{"rendered":"<p><img loading=\"lazy\" decoding=\"async\" class=\"aligncenter wp-image-49201 \" src=\"https:\/\/atecordoba.org\/wp-content\/uploads\/2025\/06\/WhatsApp-Image-2025-06-17-at-13.29.47-819x1024.jpeg\" alt=\"\" width=\"620\" height=\"775\" srcset=\"https:\/\/atecordoba.org\/wp-content\/uploads\/2025\/06\/WhatsApp-Image-2025-06-17-at-13.29.47-819x1024.jpeg 819w, https:\/\/atecordoba.org\/wp-content\/uploads\/2025\/06\/WhatsApp-Image-2025-06-17-at-13.29.47-240x300.jpeg 240w, https:\/\/atecordoba.org\/wp-content\/uploads\/2025\/06\/WhatsApp-Image-2025-06-17-at-13.29.47-768x960.jpeg 768w, https:\/\/atecordoba.org\/wp-content\/uploads\/2025\/06\/WhatsApp-Image-2025-06-17-at-13.29.47-750x938.jpeg 750w, https:\/\/atecordoba.org\/wp-content\/uploads\/2025\/06\/WhatsApp-Image-2025-06-17-at-13.29.47.jpeg 1080w\" sizes=\"auto, (max-width: 620px) 100vw, 620px\" \/>ATE ANAC resolvi\u00f3 llevar a cabo una Jornada Nacional de Lucha el pr\u00f3ximo jueves 19 de junio en rechazo a los despidos y los ceses de contrato injustificados.<\/p>\n<p>A nivel local medida de fuerza se har\u00e1 efectiva con una protesta con concentraci\u00f3n, a las 11.30 horas, frente al Aeropuerto C\u00f3rdoba.<\/p>\n<p>El gobierno de Milei despidi\u00f3 la semana pasada 28 trabajadores y trabajadoras de la Administraci\u00f3n Nacional de Aviaci\u00f3n Civil, poniendo en riesgo la seguridad operacional de la aviaci\u00f3n comercial en el pa\u00eds.<\/p>\n<p>ATE desde hace tiempo viene realizando acciones para visibilizar el plan de ajuste que busca imponer el gobierno en el sector. Antes ya se hab\u00edan realizados cambios en el C\u00f3digo Aeron\u00e1utico, y muchos de los empleados del organismo ser\u00edan reasignados.<\/p>\n<p>&#8220;En abril una auditoria internacional de la Organizaci\u00f3n de Aviaci\u00f3n Civil Internacional (OACI), organismo dependiente de Naciones Unida, estableci\u00f3 que los salarios est\u00e1n muy bajos en t\u00e9rminos internacionales y que es necesaria una recomposici\u00f3n de los haberes del sector. Y que falta personal&#8221;, advirti\u00f3 el secretario de Acci\u00f3n Social del Consejo Directivo Provincial (CDP), Agust\u00edn Bertone, referente del sector.<\/p>\n<p>&#8220;Pero se est\u00e1 haciendo lo contrario: perdemos salario y adem\u00e1s se despide personal. Todo esto impacta en la seguridad operacional y la seguridad a\u00e9rea operacional&#8221;, agreg\u00f3 Bertone.<\/p>\n<p>El tratado internacional marco, el cual rige el derecho aeron\u00e1utico civil mundial y por el cual se establecen principios b\u00e1sicos que rigen la aviaci\u00f3n civil internacional fue firmado el 7 de diciembre de 1944, en Chicago, Estados Unidos, en plena Segunda Guerra Mundial y lo ratificaron 52 Estados, entre ellos la Rep\u00fablica Argentina.\u00a0Rige, entre otras cuestiones, las bases para normas t\u00e9cnicas y de seguridad a\u00e9rea a nivel mundial, la libertad de sobrevuelo y tr\u00e1fico a\u00e9reo bajo acuerdos entre Estados y la cooperaci\u00f3n para el desarrollo de la aviaci\u00f3n civil como instrumento de paz y entendimiento entre naciones.<\/p>\n<p>ATE exige:<\/p>\n<ul>\n<li>No a los despidos y a la baja de contratos.<\/li>\n<li>Reincorporaci\u00f3n inmediata de las y los compa\u00f1eros cesanteados.<\/li>\n<li>Basta de vaciar el Estado.<\/li>\n<\/ul>\n<p>&#8220;La lucha por nuestros derechos laborales es colectiva. \u00a1No vamos a permitir que avancen sobre nuestras condiciones de trabajo ni sobre el sistema aeron\u00e1utico argentino!&#8221;, reza la convocatoria.<\/p>\n<p>&nbsp;<\/p>\n<p>&nbsp;<\/p>\n","protected":false},"excerpt":{"rendered":"<p>ATE ANAC resolvi\u00f3 llevar a cabo una Jornada Nacional de Lucha el pr\u00f3ximo jueves 19 de junio en rechazo a los despidos y los ceses de contrato injustificados. A nivel local medida de fuerza se har\u00e1 efectiva con una protesta con concentraci\u00f3n, a las 11.30 horas, frente al Aeropuerto C\u00f3rdoba. El gobierno de Milei despidi\u00f3 [&hellip;]<\/p>\n","protected":false},"author":7,"featured_media":49160,"comment_status":"open","ping_status":"open","sticky":false,"template":"","format":"standard","meta":{"_exactmetrics_skip_tracking":false,"_exactmetrics_sitenote_active":false,"_exactmetrics_sitenote_note":"","_exactmetrics_sitenote_category":0,"jnews-multi-image_gallery":[],"jnews_single_post":{"format":"standard","override":[{"template":"1","parallax":"1","fullscreen":"1","layout":"no-sidebar-narrow","sidebar":"default-sidebar","second_sidebar":"default-sidebar","sticky_sidebar":"1","share_position":"bottom","share_float_style":"share-monocrhome","show_share_counter":"1","show_view_counter":"1","show_post_meta":"1","show_post_author_image":"1","show_post_date":"1","post_date_format":"default","post_date_format_custom":"Y\/m\/d","show_post_category":"1","show_post_reading_time":"0","post_reading_time_wpm":"300","post_calculate_word_method":"str_word_count","show_zoom_button":"0","zoom_button_out_step":"2","zoom_button_in_step":"3","show_post_tag":"1","number_popup_post":"1","show_post_related":"1","show_inline_post_related":"0"}],"image_override":[{"single_post_thumbnail_size":"crop-500","single_post_gallery_size":"crop-500"}],"trending_post_position":"meta","trending_post_label":"Trending","sponsored_post_label":"Sponsored by","disable_ad":"0"},"jnews_primary_category":[],"jnews_social_meta":[],"jnews_review":[],"enable_review":"","type":"percentage","name":"","summary":"","brand":"","sku":"","good":[],"bad":[],"score_override":"","override_value":"","rating":[],"price":[],"jnews_override_counter":{"view_counter_number":"0","share_counter_number":"0","like_counter_number":"0","dislike_counter_number":"0"},"jnews_post_split":{"post_split":[{"template":"1","tag":"h2","numbering":"asc","mode":"normal","first":"0","enable_toc":"0","toc_type":"normal"}]},"footnotes":""},"categories":[18],"tags":[417,33,1323,1308],"class_list":["post-49200","post","type-post","status-publish","format-standard","has-post-thumbnail","hentry","category-nacionales","tag-ajuste","tag-anac","tag-javier-milei","tag-milei"],"jetpack_featured_media_url":"https:\/\/atecordoba.org\/wp-content\/uploads\/2025\/06\/anac1-e1749738457311.jpg","_links":{"self":[{"href":"https:\/\/atecordoba.org\/index.php?rest_route=\/wp\/v2\/posts\/49200","targetHints":{"allow":["GET"]}}],"collection":[{"href":"https:\/\/atecordoba.org\/index.php?rest_route=\/wp\/v2\/posts"}],"about":[{"href":"https:\/\/atecordoba.org\/index.php?rest_route=\/wp\/v2\/types\/post"}],"author":[{"embeddable":true,"href":"https:\/\/atecordoba.org\/index.php?rest_route=\/wp\/v2\/users\/7"}],"replies":[{"embeddable":true,"href":"https:\/\/atecordoba.org\/index.php?rest_route=%2Fwp%2Fv2%2Fcomments&post=49200"}],"version-history":[{"count":1,"href":"https:\/\/atecordoba.org\/index.php?rest_route=\/wp\/v2\/posts\/49200\/revisions"}],"predecessor-version":[{"id":49202,"href":"https:\/\/atecordoba.org\/index.php?rest_route=\/wp\/v2\/posts\/49200\/revisions\/49202"}],"wp:featuredmedia":[{"embeddable":true,"href":"https:\/\/atecordoba.org\/index.php?rest_route=\/wp\/v2\/media\/49160"}],"wp:attachment":[{"href":"https:\/\/atecordoba.org\/index.php?rest_route=%2Fwp%2Fv2%2Fmedia&parent=49200"}],"wp:term":[{"taxonomy":"category","embeddable":true,"href":"https:\/\/atecordoba.org\/index.php?rest_route=%2Fwp%2Fv2%2Fcategories&post=49200"},{"taxonomy":"post_tag","embeddable":true,"href":"https:\/\/atecordoba.org\/index.php?rest_route=%2Fwp%2Fv2%2Ftags&post=49200"}],"curies":[{"name":"wp","href":"https:\/\/api.w.org\/{rel}","templated":true}]}}