{"id":49168,"date":"2025-06-12T14:46:24","date_gmt":"2025-06-12T17:46:24","guid":{"rendered":"https:\/\/atecordoba.org\/?p=49168"},"modified":"2025-06-12T14:46:24","modified_gmt":"2025-06-12T17:46:24","slug":"ate-y-la-ctaa-presentes-en-la-marcha-del-movimiento-obrero-contra-la-proscripcion-de-cristina","status":"publish","type":"post","link":"https:\/\/atecordoba.org\/?p=49168","title":{"rendered":"ATE y la CTAA presentes en la marcha del movimiento obrero contra la proscripci\u00f3n de Cristina"},"content":{"rendered":"<p><img loading=\"lazy\" decoding=\"async\" class=\"aligncenter wp-image-49169 \" src=\"https:\/\/atecordoba.org\/wp-content\/uploads\/2025\/06\/WhatsApp-Image-2025-06-12-at-13.11.13-1024x768.jpeg\" alt=\"\" width=\"614\" height=\"461\" srcset=\"https:\/\/atecordoba.org\/wp-content\/uploads\/2025\/06\/WhatsApp-Image-2025-06-12-at-13.11.13-1024x768.jpeg 1024w, https:\/\/atecordoba.org\/wp-content\/uploads\/2025\/06\/WhatsApp-Image-2025-06-12-at-13.11.13-300x225.jpeg 300w, https:\/\/atecordoba.org\/wp-content\/uploads\/2025\/06\/WhatsApp-Image-2025-06-12-at-13.11.13-768x576.jpeg 768w, https:\/\/atecordoba.org\/wp-content\/uploads\/2025\/06\/WhatsApp-Image-2025-06-12-at-13.11.13-1536x1152.jpeg 1536w, https:\/\/atecordoba.org\/wp-content\/uploads\/2025\/06\/WhatsApp-Image-2025-06-12-at-13.11.13-750x563.jpeg 750w, https:\/\/atecordoba.org\/wp-content\/uploads\/2025\/06\/WhatsApp-Image-2025-06-12-at-13.11.13-1140x855.jpeg 1140w, https:\/\/atecordoba.org\/wp-content\/uploads\/2025\/06\/WhatsApp-Image-2025-06-12-at-13.11.13.jpeg 1600w\" sizes=\"auto, (max-width: 614px) 100vw, 614px\" \/>Ayer se realiz\u00f3 en C\u00f3rdoba una masiva movilizaci\u00f3n del movimiento obrero, organizaciones sociales y estudiantiles en repudio a la proscripci\u00f3n de la ex Presidenta Cristina Fernandez, condenada por la Corte Suprema de Justicia en una causa viciada de manipulaciones, con el solo objetivo de evitar que la principal l\u00edder de la oposici\u00f3n se presente a las elecciones de este a\u00f1o.<\/p>\n<p>ATE y la CTAA estuvieron presentes con una columna de compa\u00f1eras y compa\u00f1eros que gritaron en defensa de la democracia y rechazando el poder de facto que pretende limitar la libertad pol\u00edtica en Argentina.<\/p>\n<p>La concentraci\u00f3n se llev\u00f3 a cabo en la av V\u00e9lez Sarsfield, frente al Patio Olmos.<\/p>\n<p>De esta forma, nuestra organizaci\u00f3n puso en la calle, como dice el secretario General de ATE, Federico Giuliani, bancando con el cuero loque decimos con la boca.<\/p>\n<p>\u00a1Basta de proscripci\u00f3n pol\u00edtica en Argentina!<\/p>\n<div id='gallery_1' class='gallery galleryid-49168 gallery-columns-3 gallery-size-thumbnail'><figure class='gallery-item'>\n                <div class='gallery-icon landscape'>\n                    <a href='https:\/\/atecordoba.org\/wp-content\/uploads\/2025\/06\/WhatsApp-Image-2025-06-12-at-13.11.17-2-e1749750363432.jpeg'><img loading=\"lazy\" decoding=\"async\" width=\"150\" height=\"150\" src=\"\" class=\"attachment-thumbnail size-thumbnail lazyload\" alt=\"\" data-src=\"https:\/\/atecordoba.org\/wp-content\/uploads\/2025\/06\/WhatsApp-Image-2025-06-12-at-13.11.17-2-150x150.jpeg\" data-sizes=\"auto\" data-srcset=\"https:\/\/atecordoba.org\/wp-content\/uploads\/2025\/06\/WhatsApp-Image-2025-06-12-at-13.11.17-2-150x150.jpeg 150w, https:\/\/atecordoba.org\/wp-content\/uploads\/2025\/06\/WhatsApp-Image-2025-06-12-at-13.11.17-2-560x560.jpeg 560w, https:\/\/atecordoba.org\/wp-content\/uploads\/2025\/06\/WhatsApp-Image-2025-06-12-at-13.11.17-2-75x75.jpeg 75w, https:\/\/atecordoba.org\/wp-content\/uploads\/2025\/06\/WhatsApp-Image-2025-06-12-at-13.11.17-2-350x350.jpeg 350w\" data-expand=\"700\" \/><\/a>\n                <\/div><\/figure><figure class='gallery-item'>\n                <div class='gallery-icon portrait'>\n                    <a href='https:\/\/atecordoba.org\/wp-content\/uploads\/2025\/06\/WhatsApp-Image-2025-06-12-at-13.11.17-1.jpeg'><img loading=\"lazy\" decoding=\"async\" width=\"150\" height=\"150\" src=\"\" class=\"attachment-thumbnail size-thumbnail lazyload\" alt=\"\" data-src=\"https:\/\/atecordoba.org\/wp-content\/uploads\/2025\/06\/WhatsApp-Image-2025-06-12-at-13.11.17-1-150x150.jpeg\" data-sizes=\"auto\" data-srcset=\"https:\/\/atecordoba.org\/wp-content\/uploads\/2025\/06\/WhatsApp-Image-2025-06-12-at-13.11.17-1-150x150.jpeg 150w, https:\/\/atecordoba.org\/wp-content\/uploads\/2025\/06\/WhatsApp-Image-2025-06-12-at-13.11.17-1-560x560.jpeg 560w, https:\/\/atecordoba.org\/wp-content\/uploads\/2025\/06\/WhatsApp-Image-2025-06-12-at-13.11.17-1-75x75.jpeg 75w, https:\/\/atecordoba.org\/wp-content\/uploads\/2025\/06\/WhatsApp-Image-2025-06-12-at-13.11.17-1-350x350.jpeg 350w\" data-expand=\"700\" \/><\/a>\n                <\/div><\/figure><figure class='gallery-item'>\n                <div class='gallery-icon landscape'>\n                    <a href='https:\/\/atecordoba.org\/wp-content\/uploads\/2025\/06\/WhatsApp-Image-2025-06-12-at-13.11.15.jpeg'><img loading=\"lazy\" decoding=\"async\" width=\"150\" height=\"150\" src=\"\" class=\"attachment-thumbnail size-thumbnail lazyload\" alt=\"\" data-src=\"https:\/\/atecordoba.org\/wp-content\/uploads\/2025\/06\/WhatsApp-Image-2025-06-12-at-13.11.15-150x150.jpeg\" data-sizes=\"auto\" data-srcset=\"https:\/\/atecordoba.org\/wp-content\/uploads\/2025\/06\/WhatsApp-Image-2025-06-12-at-13.11.15-150x150.jpeg 150w, https:\/\/atecordoba.org\/wp-content\/uploads\/2025\/06\/WhatsApp-Image-2025-06-12-at-13.11.15-560x560.jpeg 560w, https:\/\/atecordoba.org\/wp-content\/uploads\/2025\/06\/WhatsApp-Image-2025-06-12-at-13.11.15-75x75.jpeg 75w, https:\/\/atecordoba.org\/wp-content\/uploads\/2025\/06\/WhatsApp-Image-2025-06-12-at-13.11.15-350x350.jpeg 350w\" data-expand=\"700\" \/><\/a>\n                <\/div><\/figure><br style=\"clear: both\" \/><figure class='gallery-item'>\n                <div class='gallery-icon landscape'>\n                    <a href='https:\/\/atecordoba.org\/wp-content\/uploads\/2025\/06\/WhatsApp-Image-2025-06-12-at-13.11.14.jpeg'><img loading=\"lazy\" decoding=\"async\" width=\"150\" height=\"150\" src=\"\" class=\"attachment-thumbnail size-thumbnail lazyload\" alt=\"\" data-src=\"https:\/\/atecordoba.org\/wp-content\/uploads\/2025\/06\/WhatsApp-Image-2025-06-12-at-13.11.14-150x150.jpeg\" data-sizes=\"auto\" data-srcset=\"https:\/\/atecordoba.org\/wp-content\/uploads\/2025\/06\/WhatsApp-Image-2025-06-12-at-13.11.14-150x150.jpeg 150w, https:\/\/atecordoba.org\/wp-content\/uploads\/2025\/06\/WhatsApp-Image-2025-06-12-at-13.11.14-560x560.jpeg 560w, https:\/\/atecordoba.org\/wp-content\/uploads\/2025\/06\/WhatsApp-Image-2025-06-12-at-13.11.14-75x75.jpeg 75w, https:\/\/atecordoba.org\/wp-content\/uploads\/2025\/06\/WhatsApp-Image-2025-06-12-at-13.11.14-350x350.jpeg 350w\" data-expand=\"700\" \/><\/a>\n                <\/div><\/figure><figure class='gallery-item'>\n                <div class='gallery-icon landscape'>\n                    <a href='https:\/\/atecordoba.org\/wp-content\/uploads\/2025\/06\/WhatsApp-Image-2025-06-12-at-13.11.18-1.jpeg'><img loading=\"lazy\" decoding=\"async\" width=\"150\" height=\"150\" src=\"\" class=\"attachment-thumbnail size-thumbnail lazyload\" alt=\"\" data-src=\"https:\/\/atecordoba.org\/wp-content\/uploads\/2025\/06\/WhatsApp-Image-2025-06-12-at-13.11.18-1-150x150.jpeg\" data-sizes=\"auto\" data-srcset=\"https:\/\/atecordoba.org\/wp-content\/uploads\/2025\/06\/WhatsApp-Image-2025-06-12-at-13.11.18-1-150x150.jpeg 150w, https:\/\/atecordoba.org\/wp-content\/uploads\/2025\/06\/WhatsApp-Image-2025-06-12-at-13.11.18-1-560x560.jpeg 560w, https:\/\/atecordoba.org\/wp-content\/uploads\/2025\/06\/WhatsApp-Image-2025-06-12-at-13.11.18-1-75x75.jpeg 75w, https:\/\/atecordoba.org\/wp-content\/uploads\/2025\/06\/WhatsApp-Image-2025-06-12-at-13.11.18-1-350x350.jpeg 350w\" data-expand=\"700\" \/><\/a>\n                <\/div><\/figure><figure class='gallery-item'>\n                <div class='gallery-icon landscape'>\n                    <a href='https:\/\/atecordoba.org\/wp-content\/uploads\/2025\/06\/WhatsApp-Image-2025-06-12-at-13.11.18.jpeg'><img loading=\"lazy\" decoding=\"async\" width=\"150\" height=\"150\" src=\"\" class=\"attachment-thumbnail size-thumbnail lazyload\" alt=\"\" data-src=\"https:\/\/atecordoba.org\/wp-content\/uploads\/2025\/06\/WhatsApp-Image-2025-06-12-at-13.11.18-150x150.jpeg\" data-sizes=\"auto\" data-srcset=\"https:\/\/atecordoba.org\/wp-content\/uploads\/2025\/06\/WhatsApp-Image-2025-06-12-at-13.11.18-150x150.jpeg 150w, https:\/\/atecordoba.org\/wp-content\/uploads\/2025\/06\/WhatsApp-Image-2025-06-12-at-13.11.18-560x560.jpeg 560w, https:\/\/atecordoba.org\/wp-content\/uploads\/2025\/06\/WhatsApp-Image-2025-06-12-at-13.11.18-75x75.jpeg 75w, https:\/\/atecordoba.org\/wp-content\/uploads\/2025\/06\/WhatsApp-Image-2025-06-12-at-13.11.18-350x350.jpeg 350w\" data-expand=\"700\" \/><\/a>\n                <\/div><\/figure><br style=\"clear: both\" \/>\n            <\/div>\n\n","protected":false},"excerpt":{"rendered":"<p>Ayer se realiz\u00f3 en C\u00f3rdoba una masiva movilizaci\u00f3n del movimiento obrero, organizaciones sociales y estudiantiles en repudio a la proscripci\u00f3n de la ex Presidenta Cristina Fernandez, condenada por la Corte Suprema de Justicia en una causa viciada de manipulaciones, con el solo objetivo de evitar que la principal l\u00edder de la oposici\u00f3n se presente a [&hellip;]<\/p>\n","protected":false},"author":7,"featured_media":49176,"comment_status":"open","ping_status":"open","sticky":false,"template":"","format":"standard","meta":{"_exactmetrics_skip_tracking":false,"_exactmetrics_sitenote_active":false,"_exactmetrics_sitenote_note":"","_exactmetrics_sitenote_category":0,"jnews-multi-image_gallery":[],"jnews_single_post":{"format":"standard","override":[{"template":"1","parallax":"1","fullscreen":"1","layout":"no-sidebar-narrow","sidebar":"default-sidebar","second_sidebar":"default-sidebar","sticky_sidebar":"1","share_position":"bottom","share_float_style":"share-monocrhome","show_share_counter":"1","show_view_counter":"1","show_post_meta":"1","show_post_author_image":"1","show_post_date":"1","post_date_format":"default","post_date_format_custom":"Y\/m\/d","show_post_category":"1","show_post_reading_time":"0","post_reading_time_wpm":"300","post_calculate_word_method":"str_word_count","show_zoom_button":"0","zoom_button_out_step":"2","zoom_button_in_step":"3","show_post_tag":"1","number_popup_post":"1","show_post_related":"1","show_inline_post_related":"0"}],"image_override":[{"single_post_thumbnail_size":"crop-500","single_post_gallery_size":"crop-500"}],"trending_post_position":"meta","trending_post_label":"Trending","sponsored_post_label":"Sponsored by","disable_ad":"0"},"jnews_primary_category":[],"jnews_social_meta":[],"jnews_review":[],"enable_review":"","type":"percentage","name":"","summary":"","brand":"","sku":"","good":[],"bad":[],"score_override":"","override_value":"","rating":[],"price":[],"jnews_override_counter":{"view_counter_number":"0","share_counter_number":"0","like_counter_number":"0","dislike_counter_number":"0"},"jnews_post_split":{"post_split":[{"template":"1","tag":"h2","numbering":"asc","mode":"normal","first":"0","enable_toc":"0","toc_type":"normal"}]},"footnotes":""},"categories":[10],"tags":[],"class_list":["post-49168","post","type-post","status-publish","format-standard","has-post-thumbnail","hentry","category-accion-politica"],"jetpack_featured_media_url":"https:\/\/atecordoba.org\/wp-content\/uploads\/2025\/06\/WhatsApp-Image-2025-06-12-at-13.11.17-2-e1749750363432.jpeg","_links":{"self":[{"href":"https:\/\/atecordoba.org\/index.php?rest_route=\/wp\/v2\/posts\/49168","targetHints":{"allow":["GET"]}}],"collection":[{"href":"https:\/\/atecordoba.org\/index.php?rest_route=\/wp\/v2\/posts"}],"about":[{"href":"https:\/\/atecordoba.org\/index.php?rest_route=\/wp\/v2\/types\/post"}],"author":[{"embeddable":true,"href":"https:\/\/atecordoba.org\/index.php?rest_route=\/wp\/v2\/users\/7"}],"replies":[{"embeddable":true,"href":"https:\/\/atecordoba.org\/index.php?rest_route=%2Fwp%2Fv2%2Fcomments&post=49168"}],"version-history":[{"count":1,"href":"https:\/\/atecordoba.org\/index.php?rest_route=\/wp\/v2\/posts\/49168\/revisions"}],"predecessor-version":[{"id":49183,"href":"https:\/\/atecordoba.org\/index.php?rest_route=\/wp\/v2\/posts\/49168\/revisions\/49183"}],"wp:featuredmedia":[{"embeddable":true,"href":"https:\/\/atecordoba.org\/index.php?rest_route=\/wp\/v2\/media\/49176"}],"wp:attachment":[{"href":"https:\/\/atecordoba.org\/index.php?rest_route=%2Fwp%2Fv2%2Fmedia&parent=49168"}],"wp:term":[{"taxonomy":"category","embeddable":true,"href":"https:\/\/atecordoba.org\/index.php?rest_route=%2Fwp%2Fv2%2Fcategories&post=49168"},{"taxonomy":"post_tag","embeddable":true,"href":"https:\/\/atecordoba.org\/index.php?rest_route=%2Fwp%2Fv2%2Ftags&post=49168"}],"curies":[{"name":"wp","href":"https:\/\/api.w.org\/{rel}","templated":true}]}}