{"id":49163,"date":"2025-06-12T11:13:19","date_gmt":"2025-06-12T14:13:19","guid":{"rendered":"https:\/\/atecordoba.org\/?p=49163"},"modified":"2025-06-12T11:13:19","modified_gmt":"2025-06-12T14:13:19","slug":"rio-primero-en-reunion-con-el-departamento-ejecutivo-ate-reclamo-mejoras-en-las-condiciones-laborales","status":"publish","type":"post","link":"https:\/\/atecordoba.org\/?p=49163","title":{"rendered":"R\u00edo Primero: en reuni\u00f3n con el Departamento Ejecutivo ATE reclam\u00f3 mejoras en las condiciones laborales"},"content":{"rendered":"<p><img loading=\"lazy\" decoding=\"async\" class=\"aligncenter wp-image-49164 \" src=\"https:\/\/atecordoba.org\/wp-content\/uploads\/2025\/06\/ate-rio-primero-bandera-1024x576.jpg\" alt=\"\" width=\"627\" height=\"353\" \/>Durante una reuni\u00f3n de la Mesa de Relaciones Laborales del municipio de R\u00edo Primero, ATE plante\u00f3 la necesidad de avanzar en mejoras de las condiciones laborales para las y los municipales del sector, ubicando al tope de la agenda el pase a planta permanente del personal que cumpla los requisitos establecidos por la legislaci\u00f3n vigente y la categorizaci\u00f3n escalafonaria, respetando la antig\u00fcedad acumulada.<\/p>\n<p>En la oportunidad, la secretaria de Gobierno de R\u00edo Primero, Romina Villagr\u00e1n, recibi\u00f3 a la representaci\u00f3n de ATE, integrada por el secretario Gremial del Consejo Directivo Provincial (CDP), Jorge Chalup, su par de Organizaci\u00f3n, Javier Bracamonte, y el delegado municipal,. Jos\u00e9 Baigorria.<\/p>\n<p>Las partes acordaron realizar una nueva reuni\u00f3n donde proseguir\u00e1 la negociaci\u00f3n para dar respuesta a los planteos realizados.<\/p>\n","protected":false},"excerpt":{"rendered":"<p>Durante una reuni\u00f3n de la Mesa de Relaciones Laborales del municipio de R\u00edo Primero, ATE plante\u00f3 la necesidad de avanzar en mejoras de las condiciones laborales para las y los municipales del sector, ubicando al tope de la agenda el pase a planta permanente del personal que cumpla los requisitos establecidos por la legislaci\u00f3n vigente [&hellip;]<\/p>\n","protected":false},"author":7,"featured_media":49164,"comment_status":"open","ping_status":"open","sticky":false,"template":"","format":"standard","meta":{"_exactmetrics_skip_tracking":false,"_exactmetrics_sitenote_active":false,"_exactmetrics_sitenote_note":"","_exactmetrics_sitenote_category":0,"jnews-multi-image_gallery":[],"jnews_single_post":{"format":"standard","override":[{"template":"1","parallax":"1","fullscreen":"1","layout":"no-sidebar-narrow","sidebar":"default-sidebar","second_sidebar":"default-sidebar","sticky_sidebar":"1","share_position":"bottom","share_float_style":"share-monocrhome","show_share_counter":"1","show_view_counter":"1","show_post_meta":"1","show_post_author_image":"1","show_post_date":"1","post_date_format":"default","post_date_format_custom":"Y\/m\/d","show_post_category":"1","show_post_reading_time":"0","post_reading_time_wpm":"300","post_calculate_word_method":"str_word_count","show_zoom_button":"0","zoom_button_out_step":"2","zoom_button_in_step":"3","show_post_tag":"1","number_popup_post":"1","show_post_related":"1","show_inline_post_related":"0"}],"image_override":[{"single_post_thumbnail_size":"crop-500","single_post_gallery_size":"crop-500"}],"trending_post_position":"meta","trending_post_label":"Trending","sponsored_post_label":"Sponsored by","disable_ad":"0"},"jnews_primary_category":[],"jnews_social_meta":[],"jnews_review":[],"enable_review":"","type":"percentage","name":"","summary":"","brand":"","sku":"","good":[],"bad":[],"score_override":"","override_value":"","rating":[],"price":[],"jnews_override_counter":{"view_counter_number":"0","share_counter_number":"0","like_counter_number":"0","dislike_counter_number":"0"},"jnews_post_split":{"post_split":[{"template":"1","tag":"h2","numbering":"asc","mode":"normal","first":"0","enable_toc":"0","toc_type":"normal"}]},"footnotes":""},"categories":[20],"tags":[],"class_list":["post-49163","post","type-post","status-publish","format-standard","has-post-thumbnail","hentry","category-municipales"],"jetpack_featured_media_url":"https:\/\/atecordoba.org\/wp-content\/uploads\/2025\/06\/ate-rio-primero-bandera-e1749737538842.jpg","_links":{"self":[{"href":"https:\/\/atecordoba.org\/index.php?rest_route=\/wp\/v2\/posts\/49163","targetHints":{"allow":["GET"]}}],"collection":[{"href":"https:\/\/atecordoba.org\/index.php?rest_route=\/wp\/v2\/posts"}],"about":[{"href":"https:\/\/atecordoba.org\/index.php?rest_route=\/wp\/v2\/types\/post"}],"author":[{"embeddable":true,"href":"https:\/\/atecordoba.org\/index.php?rest_route=\/wp\/v2\/users\/7"}],"replies":[{"embeddable":true,"href":"https:\/\/atecordoba.org\/index.php?rest_route=%2Fwp%2Fv2%2Fcomments&post=49163"}],"version-history":[{"count":1,"href":"https:\/\/atecordoba.org\/index.php?rest_route=\/wp\/v2\/posts\/49163\/revisions"}],"predecessor-version":[{"id":49165,"href":"https:\/\/atecordoba.org\/index.php?rest_route=\/wp\/v2\/posts\/49163\/revisions\/49165"}],"wp:featuredmedia":[{"embeddable":true,"href":"https:\/\/atecordoba.org\/index.php?rest_route=\/wp\/v2\/media\/49164"}],"wp:attachment":[{"href":"https:\/\/atecordoba.org\/index.php?rest_route=%2Fwp%2Fv2%2Fmedia&parent=49163"}],"wp:term":[{"taxonomy":"category","embeddable":true,"href":"https:\/\/atecordoba.org\/index.php?rest_route=%2Fwp%2Fv2%2Fcategories&post=49163"},{"taxonomy":"post_tag","embeddable":true,"href":"https:\/\/atecordoba.org\/index.php?rest_route=%2Fwp%2Fv2%2Ftags&post=49163"}],"curies":[{"name":"wp","href":"https:\/\/api.w.org\/{rel}","templated":true}]}}