{"id":49159,"date":"2025-06-12T11:00:35","date_gmt":"2025-06-12T14:00:35","guid":{"rendered":"https:\/\/atecordoba.org\/?p=49159"},"modified":"2025-06-12T11:27:46","modified_gmt":"2025-06-12T14:27:46","slug":"anac-ate-decreta-estado-de-asamblea-permanente-en-el-departamento-certificacion-aeronautico-por-nuevos-despidos","status":"publish","type":"post","link":"https:\/\/atecordoba.org\/?p=49159","title":{"rendered":"ANAC: ATE decreta estado de asamblea permanente en el Departamento Certificaci\u00f3n Aeron\u00e1utico por nuevos despidos"},"content":{"rendered":"<p><img loading=\"lazy\" decoding=\"async\" class=\"aligncenter wp-image-49160 \" src=\"https:\/\/atecordoba.org\/wp-content\/uploads\/2025\/06\/anac1.jpg\" alt=\"\" width=\"611\" height=\"459\" \/>El Consejo Directivo Provincial de ATE C\u00f3rdoba\u00a0 informa que las y los trabajadores del Departamento Certificaci\u00f3n Aeron\u00e1utico, \u00e1rea que integra la Administraci\u00f3n Nacional de Aviaci\u00f3n Civil (ANAC), se encuentran en estado de Alerta y Asamblea Permanente desde hoy 12 de junio, en respuesta a los 28 despidos injustificados de compa\u00f1eros\/as del sector, cuatro de ellos en C\u00f3rdoba.<\/p>\n<p>&#8220;Exigimos la inmediata reincorporaci\u00f3n de los trabajadores despedidos. La situaci\u00f3n vulnera derechos laborales fundamentales y afecta gravemente el funcionamiento del \u00e1rea&#8221;, detallaron desde el sector.<\/p>\n<p>En tal sentido, desde ATE no descartamos tomar medidas de fuerza si no se obtiene una respuesta por parte de las autoridades responsables.<\/p>\n<p>\u00a1Seguimos firmes en defensa de cada puesto de trabajo y por condiciones laborales dignas!<\/p>\n<p>Llamamos a la solidaridad de todos los sectores y organizaciones del campo popular. La lucha es colectiva.<\/p>\n<p>&nbsp;<\/p>\n","protected":false},"excerpt":{"rendered":"<p>El Consejo Directivo Provincial de ATE C\u00f3rdoba\u00a0 informa que las y los trabajadores del Departamento Certificaci\u00f3n Aeron\u00e1utico, \u00e1rea que integra la Administraci\u00f3n Nacional de Aviaci\u00f3n Civil (ANAC), se encuentran en estado de Alerta y Asamblea Permanente desde hoy 12 de junio, en respuesta a los 28 despidos injustificados de compa\u00f1eros\/as del sector, cuatro de ellos [&hellip;]<\/p>\n","protected":false},"author":7,"featured_media":49160,"comment_status":"open","ping_status":"open","sticky":false,"template":"","format":"standard","meta":{"_exactmetrics_skip_tracking":false,"_exactmetrics_sitenote_active":false,"_exactmetrics_sitenote_note":"","_exactmetrics_sitenote_category":0,"jnews-multi-image_gallery":[],"jnews_single_post":{"format":"standard","override":[{"template":"1","parallax":"1","fullscreen":"1","layout":"no-sidebar-narrow","sidebar":"default-sidebar","second_sidebar":"default-sidebar","sticky_sidebar":"1","share_position":"bottom","share_float_style":"share-monocrhome","show_share_counter":"1","show_view_counter":"1","show_post_meta":"1","show_post_author_image":"1","show_post_date":"1","post_date_format":"default","post_date_format_custom":"Y\/m\/d","show_post_category":"1","show_post_reading_time":"0","post_reading_time_wpm":"300","post_calculate_word_method":"str_word_count","show_zoom_button":"0","zoom_button_out_step":"2","zoom_button_in_step":"3","show_post_tag":"1","number_popup_post":"1","show_post_related":"1","show_inline_post_related":"0"}],"image_override":[{"single_post_thumbnail_size":"crop-500","single_post_gallery_size":"crop-500"}],"trending_post_position":"meta","trending_post_label":"Trending","sponsored_post_label":"Sponsored by","disable_ad":"0"},"jnews_primary_category":[],"jnews_social_meta":[],"jnews_review":[],"enable_review":"","type":"percentage","name":"","summary":"","brand":"","sku":"","good":[],"bad":[],"score_override":"","override_value":"","rating":[],"price":[],"jnews_override_counter":{"view_counter_number":"0","share_counter_number":"0","like_counter_number":"0","dislike_counter_number":"0"},"jnews_post_split":{"post_split":[{"template":"1","tag":"h2","numbering":"asc","mode":"normal","first":"0","enable_toc":"0","toc_type":"normal"}]},"footnotes":""},"categories":[18],"tags":[],"class_list":["post-49159","post","type-post","status-publish","format-standard","has-post-thumbnail","hentry","category-nacionales"],"jetpack_featured_media_url":"https:\/\/atecordoba.org\/wp-content\/uploads\/2025\/06\/anac1-e1749738457311.jpg","_links":{"self":[{"href":"https:\/\/atecordoba.org\/index.php?rest_route=\/wp\/v2\/posts\/49159","targetHints":{"allow":["GET"]}}],"collection":[{"href":"https:\/\/atecordoba.org\/index.php?rest_route=\/wp\/v2\/posts"}],"about":[{"href":"https:\/\/atecordoba.org\/index.php?rest_route=\/wp\/v2\/types\/post"}],"author":[{"embeddable":true,"href":"https:\/\/atecordoba.org\/index.php?rest_route=\/wp\/v2\/users\/7"}],"replies":[{"embeddable":true,"href":"https:\/\/atecordoba.org\/index.php?rest_route=%2Fwp%2Fv2%2Fcomments&post=49159"}],"version-history":[{"count":2,"href":"https:\/\/atecordoba.org\/index.php?rest_route=\/wp\/v2\/posts\/49159\/revisions"}],"predecessor-version":[{"id":49166,"href":"https:\/\/atecordoba.org\/index.php?rest_route=\/wp\/v2\/posts\/49159\/revisions\/49166"}],"wp:featuredmedia":[{"embeddable":true,"href":"https:\/\/atecordoba.org\/index.php?rest_route=\/wp\/v2\/media\/49160"}],"wp:attachment":[{"href":"https:\/\/atecordoba.org\/index.php?rest_route=%2Fwp%2Fv2%2Fmedia&parent=49159"}],"wp:term":[{"taxonomy":"category","embeddable":true,"href":"https:\/\/atecordoba.org\/index.php?rest_route=%2Fwp%2Fv2%2Fcategories&post=49159"},{"taxonomy":"post_tag","embeddable":true,"href":"https:\/\/atecordoba.org\/index.php?rest_route=%2Fwp%2Fv2%2Ftags&post=49159"}],"curies":[{"name":"wp","href":"https:\/\/api.w.org\/{rel}","templated":true}]}}