{"id":49136,"date":"2025-06-11T12:49:35","date_gmt":"2025-06-11T15:49:35","guid":{"rendered":"https:\/\/atecordoba.org\/?p=49136"},"modified":"2025-06-11T12:49:35","modified_gmt":"2025-06-11T15:49:35","slug":"giuliani-sobre-la-condena-a-cristina-estamos-en-momento-de-reagrupar-la-resistencia-para-pasar-a-la-ofensiva","status":"publish","type":"post","link":"https:\/\/atecordoba.org\/?p=49136","title":{"rendered":"Giuliani sobre la condena a Cristina: &#8220;estamos en momento de reagrupar la resistencia para pasar a la ofensiva&#8221;"},"content":{"rendered":"<p><img loading=\"lazy\" decoding=\"async\" class=\"aligncenter wp-image-48874 size-full\" src=\"https:\/\/atecordoba.org\/wp-content\/uploads\/2025\/05\/fede-recorte.jpg\" alt=\"\" width=\"582\" height=\"401\" srcset=\"https:\/\/atecordoba.org\/wp-content\/uploads\/2025\/05\/fede-recorte.jpg 582w, https:\/\/atecordoba.org\/wp-content\/uploads\/2025\/05\/fede-recorte-300x207.jpg 300w\" sizes=\"auto, (max-width: 582px) 100vw, 582px\" \/>La condena a la ex Presidenta Cristina Fern\u00e1ndez de Kirchner confirmada ayer por la Corte suprema de Justicia gener\u00f3 un terremoto pol\u00edtico cuyas consecuencias a\u00fan son dif\u00edciles de dimensionar. El principal efecto del fallo es la proscripci\u00f3n de Cristina, obturando su candidatura en la Provincia de Buenos Aires para las pr\u00f3ximas elecciones de este a\u00f1o, situaci\u00f3n in\u00e9dita en las cuatro d\u00e9cadas de democracia recuperada en 1983.<\/p>\n<p>En ese marco, el secretario General de ATE C\u00f3rdoba <a href=\"https:\/\/www.youtube.com\/live\/ireAiUlH0wQ\">fue convocado<\/a> por el streaming cordob\u00e9s Vermut para fijar posici\u00f3n respecto al panorama que se abre a partir de la intervenci\u00f3n arbitraria y tendenciosa de la Corte en el proceso pol\u00edtico nacional.<\/p>\n<p>El dirigente estatal dijo en primer t\u00e9rmino que es necesario caracterizar &#8220;esta democracia de baja intensidad y neocolonial. No sorprende que el Poder Legislativo no est\u00e1 separado del Poder ejecutivo. Este triunvirato de la Corte es amigo de Mauricio Macri, expresa el corporativismo de la Justicia argentina, que est\u00e1 vinculada a empresarios cipayos, donde algunos de sus exponentes terminan comiendo cordero patag\u00f3nico en un campo usurpado por el ingl\u00e9s Joe Lewis&#8221;.<\/p>\n<p>&#8220;A esto se suma un dato pol\u00edtico de la historia importante porque ayer se cumplieron 69 a\u00f1os de los fusilamientos de Jos\u00e9 Le\u00f3n Su\u00e1rez, que demuestra cu\u00e1ntos compa\u00f1eros entregaron su vida por tener una patria justa, libre y soberana. Aquel d\u00eda la llamada Revoluci\u00f3n Libertadora pas\u00f3 a ser la Revoluci\u00f3n Fusiladora&#8221;, record\u00f3.<\/p>\n<p>&#8220;En este contexto, tiene que ver una discusi\u00f3n no saldada desde 1810 a esta parte: o construimos un proyecto de liberaci\u00f3n nacional o seguimos siendo dependientes del imperio, que primero fue Espa\u00f1a, luego Inglaterra y ahora EEUU&#8221;.<\/p>\n<p><strong>Proscripci\u00f3n de Cristina y criminalizaci\u00f3n de la protesta<\/strong><\/p>\n<p>&#8220;Ese es el marco donde se produce la proscripci\u00f3n de Cristina porque si eso le pasa a la ex Presidenta, qu\u00e9 nos queda al resto. A m\u00ed me toca ser judicializado a ra\u00edz de las protestas que encabezamos hace un a\u00f1o, el 25 de mayo, contra la visita de Javier Milei a C\u00f3rdoba. Nos enfrentamos a la Gendarmer\u00eda primero en el Aeropuerto y despu\u00e9s a la polic\u00eda de la provincia en el centro de C\u00f3rdoba. A los tres d\u00edas me allanaron la casa, se llevaron mi celular y el de mi hijo m\u00e1s chico y establecieron una fianza de 10 millones de pesos para estar libre, debido a que tengo otras causas anteriores&#8221;, asegur\u00f3 Giuliani.<\/p>\n<p>Seguidamente, el secretario General de ATE C\u00f3rdoba mencion\u00f3 que &#8220;hace unos d\u00edas, cuando se cumpli\u00f3 exactamente un a\u00f1o de aquel allanamiento me llaman a declarar, en una causa donde el fiscal De Arag\u00f3n me imputa b\u00e1sicamente &#8216;incitaci\u00f3n a la violencia&#8217;. Nos hicimos presentes y obviamente negamos esa imputaci\u00f3n. Pero lo importante es que, ante este ajuste al pueblo trabajador y de saqueo de nuestra patria, lo que viene para este gobierno es la criminalizaci\u00f3n de la protesta social. Y es lo que viene con esta grav\u00edsima proscripci\u00f3n de Cristina es el disciplinamiento de los luchadores sociales. Por lo cual estamos frente a un momento clave donde las centrales obreras se han demorado mucho en convocar a un paro general lo que es funcional al gobierno que quiere una lucha popular fragmentada&#8221;.<\/p>\n<p>Y remarc\u00f3 que &#8220;ATE viene llevando hace un a\u00f1o y medio una lucha sin cuartel contra el gobierno y vemos en vivo que todos los mi\u00e9rcoles reprimen a los jubilados. Por lo que creo que es un buen momento para llamar a un paro general porque si no la van a ver pasar, recordemos que el 17 de octubre del \u201945 sali\u00f3 a pedir la libertad de Per\u00f3n porque la CGT hab\u00eda convocado a un paro para el 18 de octubre&#8221;.<\/p>\n<p>&#8220;Ojal\u00e1 que a partir de la solidaridad con Cristina cohesione la lucha que hoy veo fragmentada, en medio de muchas mezquindades de los dirigentes pol\u00edticos, preocupados a ver qui\u00e9n habla primero, quien convoca a las marchas. Eso es funcional al enemigo por lo que necesitamos que la dirigencia pol\u00edtica, social y sindical est\u00e9 a la altura de las circunstancias, dejando de lado las diferencias que tengamos. Ante\u00a0 un gobierno que vino por todo y un gorilaje que est\u00e1 festejando la condena a Cristina, Milei est\u00e1 en Israel celebrando el genocidio en Gaza&#8221;.<\/p>\n<p>&#8220;Estamos en momento de reagrupar la resistencia para pasar a la ofensiva&#8221;, resumi\u00f3 Giuliani.<\/p>\n<p>&nbsp;<\/p>\n","protected":false},"excerpt":{"rendered":"<p>La condena a la ex Presidenta Cristina Fern\u00e1ndez de Kirchner confirmada ayer por la Corte suprema de Justicia gener\u00f3 un terremoto pol\u00edtico cuyas consecuencias a\u00fan son dif\u00edciles de dimensionar. El principal efecto del fallo es la proscripci\u00f3n de Cristina, obturando su candidatura en la Provincia de Buenos Aires para las pr\u00f3ximas elecciones de este a\u00f1o, [&hellip;]<\/p>\n","protected":false},"author":7,"featured_media":48874,"comment_status":"open","ping_status":"open","sticky":false,"template":"","format":"standard","meta":{"_exactmetrics_skip_tracking":false,"_exactmetrics_sitenote_active":false,"_exactmetrics_sitenote_note":"","_exactmetrics_sitenote_category":0,"jnews-multi-image_gallery":[],"jnews_single_post":{"format":"standard","override":[{"template":"1","parallax":"1","fullscreen":"1","layout":"no-sidebar-narrow","sidebar":"default-sidebar","second_sidebar":"default-sidebar","sticky_sidebar":"1","share_position":"bottom","share_float_style":"share-monocrhome","show_share_counter":"1","show_view_counter":"1","show_post_meta":"1","show_post_author_image":"1","show_post_date":"1","post_date_format":"default","post_date_format_custom":"Y\/m\/d","show_post_category":"1","show_post_reading_time":"0","post_reading_time_wpm":"300","post_calculate_word_method":"str_word_count","show_zoom_button":"0","zoom_button_out_step":"2","zoom_button_in_step":"3","show_post_tag":"1","number_popup_post":"1","show_post_related":"1","show_inline_post_related":"0"}],"image_override":[{"single_post_thumbnail_size":"crop-500","single_post_gallery_size":"crop-500"}],"trending_post_position":"meta","trending_post_label":"Trending","sponsored_post_label":"Sponsored by","disable_ad":"0"},"jnews_primary_category":[],"jnews_social_meta":[],"jnews_review":[],"enable_review":"","type":"percentage","name":"","summary":"","brand":"","sku":"","good":[],"bad":[],"score_override":"","override_value":"","rating":[],"price":[],"jnews_override_counter":{"view_counter_number":"0","share_counter_number":"0","like_counter_number":"0","dislike_counter_number":"0"},"jnews_post_split":{"post_split":[{"template":"1","tag":"h2","numbering":"asc","mode":"normal","first":"0","enable_toc":"0","toc_type":"normal"}]},"footnotes":""},"categories":[10],"tags":[],"class_list":["post-49136","post","type-post","status-publish","format-standard","has-post-thumbnail","hentry","category-accion-politica"],"jetpack_featured_media_url":"https:\/\/atecordoba.org\/wp-content\/uploads\/2025\/05\/fede-recorte.jpg","_links":{"self":[{"href":"https:\/\/atecordoba.org\/index.php?rest_route=\/wp\/v2\/posts\/49136","targetHints":{"allow":["GET"]}}],"collection":[{"href":"https:\/\/atecordoba.org\/index.php?rest_route=\/wp\/v2\/posts"}],"about":[{"href":"https:\/\/atecordoba.org\/index.php?rest_route=\/wp\/v2\/types\/post"}],"author":[{"embeddable":true,"href":"https:\/\/atecordoba.org\/index.php?rest_route=\/wp\/v2\/users\/7"}],"replies":[{"embeddable":true,"href":"https:\/\/atecordoba.org\/index.php?rest_route=%2Fwp%2Fv2%2Fcomments&post=49136"}],"version-history":[{"count":1,"href":"https:\/\/atecordoba.org\/index.php?rest_route=\/wp\/v2\/posts\/49136\/revisions"}],"predecessor-version":[{"id":49137,"href":"https:\/\/atecordoba.org\/index.php?rest_route=\/wp\/v2\/posts\/49136\/revisions\/49137"}],"wp:featuredmedia":[{"embeddable":true,"href":"https:\/\/atecordoba.org\/index.php?rest_route=\/wp\/v2\/media\/48874"}],"wp:attachment":[{"href":"https:\/\/atecordoba.org\/index.php?rest_route=%2Fwp%2Fv2%2Fmedia&parent=49136"}],"wp:term":[{"taxonomy":"category","embeddable":true,"href":"https:\/\/atecordoba.org\/index.php?rest_route=%2Fwp%2Fv2%2Fcategories&post=49136"},{"taxonomy":"post_tag","embeddable":true,"href":"https:\/\/atecordoba.org\/index.php?rest_route=%2Fwp%2Fv2%2Ftags&post=49136"}],"curies":[{"name":"wp","href":"https:\/\/api.w.org\/{rel}","templated":true}]}}