{"id":49130,"date":"2025-06-11T10:27:56","date_gmt":"2025-06-11T13:27:56","guid":{"rendered":"https:\/\/atecordoba.org\/?p=49130"},"modified":"2025-06-11T10:27:56","modified_gmt":"2025-06-11T13:27:56","slug":"ate-rechaza-la-ley-antipiquetes","status":"publish","type":"post","link":"https:\/\/atecordoba.org\/?p=49130","title":{"rendered":"ATE rechaza la &#8216;Ley Antipiquetes&#8217;"},"content":{"rendered":"<p><img loading=\"lazy\" decoding=\"async\" class=\"aligncenter wp-image-49132 \" src=\"https:\/\/atecordoba.org\/wp-content\/uploads\/2025\/06\/WhatsApp-Image-2024-10-30-at-14.37.38-769x1024.jpeg\" alt=\"\" width=\"626\" height=\"834\" \/>En una carta dirigida a todas y todos los miembros de la Legislatura de C\u00f3rdoba, ATE rechaz\u00f3 los proyectos presentados en la c\u00e1mara que apuntan a limitar y castigar el derecho a la protesta en la provincia.<\/p>\n<p>La misiva denuncia que la norma atenta contra derechos constitucionales como el derecho a peticionar ante las autoridades, el derecho a la libertad de expresi\u00f3n y la acci\u00f3n colectiva de sindicatos, organizaciones sociales y partidos pol\u00edticos.<\/p>\n<p>La carta:<\/p>\n<p>\u201cSe\u00f1oras y se\u00f1ores legisladores de C\u00f3rdoba<\/p>\n<p>El Consejo Directivo Provincial de ATE expresa por la presente su total rechazo a la iniciativa legislativa denominada \u201cley antipiquetes\u201d, que pretende obstaculizar el derecho constitucional a peticionar ante las autoridades, as\u00ed como el derecho a la libre expresi\u00f3n de ideas y posturas, sean de car\u00e1cter pol\u00edtico, social, laboral, gremial, etc., que puedan llevar adelante sindicatos, organizaciones sociales, partidos pol\u00edticos, y organizaciones libres del pueblo de todo orden, conforme la normativa vigente, los tratados internacionales y la jurisprudencia de la Corte Suprema de Justicia de la Naci\u00f3n.<\/p>\n<p>Vale aclarar, por si fuera necesario, que la Legislatura no tiene potestad de legislar en materia penal, que utilizar la figura del \u2018C\u00f3digo de Convivencia\u2019 para aplicar castigos penales extrema la interpretaci\u00f3n constitucional sobre la utilidad de un c\u00f3digo de faltas para los casos de interrupci\u00f3n del tr\u00e1nsito, la libertad de comercio y dem\u00e1s figuras establecidas en el C\u00f3digo Penal.<\/p>\n<p>De manera que cualquier legislaci\u00f3n provincial en la materia deber\u00e1 ser inmediatamente sometida a control constitucional por su\u00a0 incompatibilidad de origen con el esp\u00edritu y el propio articulado de la CN.<\/p>\n<p>Pero, adem\u00e1s, frente a un escenario de hambre y violencia social generalizada que emana desde el Poder Ejecutivo Nacional, por medio de pol\u00edticas que repudiamos miles de organizaciones populares a lo largo y ancho de la provincia, pretender anular la protesta con la utilizaci\u00f3n del monopolio de fuerza del Estado solo deslegitima a los gobiernos que as\u00ed la apliquen, en vez de retomar la convivencia social que esas pol\u00edticas se encargan de destruir.<\/p>\n<p>Sabemos que estos proyectos a punto de tratarse en la Legislatura responden a la urgencia en el marco de la campa\u00f1a electoral y a las presiones hechas p\u00fablicas por grupos de corporaciones como el G6, tras conocerse el fallo de las C\u00e1mara de Acusaci\u00f3n de C\u00f3rdoba que sobresey\u00f3 a seis dirigentes sociales, entre ellos el secretario General de ATE C\u00f3rdoba, Federico Giuliani, por cortar una calle durante una protesta en 2023.<\/p>\n<p>Flaco favor le har\u00eda la Legislatura a la vida democr\u00e1tica en la provincia de hacerse eco de esas presiones y actuar como arietes de los intereses corporativos que promueven, precisamente, el ajuste y el hambre del pueblo.<\/p>\n<p>En consecuencia, ATE insta al cuerpo de representantes del pueblo de C\u00f3rdoba a rechazar las iniciativas y focalizar sus esfuerzos en resolver los problemas que originan las protestas, en vez de pretender acallarlas con la polic\u00eda\u201d.<\/p>\n<p>&nbsp;<\/p>\n","protected":false},"excerpt":{"rendered":"<p>En una carta dirigida a todas y todos los miembros de la Legislatura de C\u00f3rdoba, ATE rechaz\u00f3 los proyectos presentados en la c\u00e1mara que apuntan a limitar y castigar el derecho a la protesta en la provincia. La misiva denuncia que la norma atenta contra derechos constitucionales como el derecho a peticionar ante las autoridades, [&hellip;]<\/p>\n","protected":false},"author":7,"featured_media":49132,"comment_status":"open","ping_status":"open","sticky":false,"template":"","format":"standard","meta":{"_exactmetrics_skip_tracking":false,"_exactmetrics_sitenote_active":false,"_exactmetrics_sitenote_note":"","_exactmetrics_sitenote_category":0,"jnews-multi-image_gallery":[],"jnews_single_post":{"format":"standard","override":[{"template":"1","parallax":"1","fullscreen":"1","layout":"no-sidebar-narrow","sidebar":"default-sidebar","second_sidebar":"default-sidebar","sticky_sidebar":"1","share_position":"bottom","share_float_style":"share-monocrhome","show_share_counter":"1","show_view_counter":"1","show_post_meta":"1","show_post_author_image":"1","show_post_date":"1","post_date_format":"default","post_date_format_custom":"Y\/m\/d","show_post_category":"1","show_post_reading_time":"0","post_reading_time_wpm":"300","post_calculate_word_method":"str_word_count","show_zoom_button":"0","zoom_button_out_step":"2","zoom_button_in_step":"3","show_post_tag":"1","number_popup_post":"1","show_post_related":"1","show_inline_post_related":"0"}],"image_override":[{"single_post_thumbnail_size":"crop-500","single_post_gallery_size":"crop-500"}],"trending_post_position":"meta","trending_post_label":"Trending","sponsored_post_label":"Sponsored by","disable_ad":"0"},"jnews_primary_category":[],"jnews_social_meta":[],"jnews_review":[],"enable_review":"","type":"percentage","name":"","summary":"","brand":"","sku":"","good":[],"bad":[],"score_override":"","override_value":"","rating":[],"price":[],"jnews_override_counter":{"view_counter_number":"0","share_counter_number":"0","like_counter_number":"0","dislike_counter_number":"0"},"jnews_post_split":{"post_split":[{"template":"1","tag":"h2","numbering":"asc","mode":"normal","first":"0","enable_toc":"0","toc_type":"normal"}]},"footnotes":""},"categories":[10],"tags":[],"class_list":["post-49130","post","type-post","status-publish","format-standard","has-post-thumbnail","hentry","category-accion-politica"],"jetpack_featured_media_url":"https:\/\/atecordoba.org\/wp-content\/uploads\/2025\/06\/WhatsApp-Image-2024-10-30-at-14.37.38-scaled-e1749648451990.jpeg","_links":{"self":[{"href":"https:\/\/atecordoba.org\/index.php?rest_route=\/wp\/v2\/posts\/49130","targetHints":{"allow":["GET"]}}],"collection":[{"href":"https:\/\/atecordoba.org\/index.php?rest_route=\/wp\/v2\/posts"}],"about":[{"href":"https:\/\/atecordoba.org\/index.php?rest_route=\/wp\/v2\/types\/post"}],"author":[{"embeddable":true,"href":"https:\/\/atecordoba.org\/index.php?rest_route=\/wp\/v2\/users\/7"}],"replies":[{"embeddable":true,"href":"https:\/\/atecordoba.org\/index.php?rest_route=%2Fwp%2Fv2%2Fcomments&post=49130"}],"version-history":[{"count":1,"href":"https:\/\/atecordoba.org\/index.php?rest_route=\/wp\/v2\/posts\/49130\/revisions"}],"predecessor-version":[{"id":49133,"href":"https:\/\/atecordoba.org\/index.php?rest_route=\/wp\/v2\/posts\/49130\/revisions\/49133"}],"wp:featuredmedia":[{"embeddable":true,"href":"https:\/\/atecordoba.org\/index.php?rest_route=\/wp\/v2\/media\/49132"}],"wp:attachment":[{"href":"https:\/\/atecordoba.org\/index.php?rest_route=%2Fwp%2Fv2%2Fmedia&parent=49130"}],"wp:term":[{"taxonomy":"category","embeddable":true,"href":"https:\/\/atecordoba.org\/index.php?rest_route=%2Fwp%2Fv2%2Fcategories&post=49130"},{"taxonomy":"post_tag","embeddable":true,"href":"https:\/\/atecordoba.org\/index.php?rest_route=%2Fwp%2Fv2%2Ftags&post=49130"}],"curies":[{"name":"wp","href":"https:\/\/api.w.org\/{rel}","templated":true}]}}