{"id":49113,"date":"2025-06-11T09:35:45","date_gmt":"2025-06-11T12:35:45","guid":{"rendered":"https:\/\/atecordoba.org\/?p=49113"},"modified":"2025-06-11T09:35:45","modified_gmt":"2025-06-11T12:35:45","slug":"radio-abierta-de-ate-en-plaza-san-martin-sacar-a-luz-el-ajuste-que-no-quieren-que-veas","status":"publish","type":"post","link":"https:\/\/atecordoba.org\/?p=49113","title":{"rendered":"Radio Abierta de ATE en Plaza San Mart\u00edn: sacar a luz el ajuste que no quieren que veas"},"content":{"rendered":"<p><img loading=\"lazy\" decoding=\"async\" class=\"size-medium wp-image-49115 alignleft\" src=\"https:\/\/atecordoba.org\/wp-content\/uploads\/2025\/06\/flyuer-radio-abierta-240x300.jpeg\" alt=\"\" width=\"240\" height=\"300\" srcset=\"https:\/\/atecordoba.org\/wp-content\/uploads\/2025\/06\/flyuer-radio-abierta-240x300.jpeg 240w, https:\/\/atecordoba.org\/wp-content\/uploads\/2025\/06\/flyuer-radio-abierta-819x1024.jpeg 819w, https:\/\/atecordoba.org\/wp-content\/uploads\/2025\/06\/flyuer-radio-abierta-768x960.jpeg 768w, https:\/\/atecordoba.org\/wp-content\/uploads\/2025\/06\/flyuer-radio-abierta-750x938.jpeg 750w, https:\/\/atecordoba.org\/wp-content\/uploads\/2025\/06\/flyuer-radio-abierta.jpeg 1080w\" sizes=\"auto, (max-width: 240px) 100vw, 240px\" \/>Este mi\u00e9rcoles 11 de junio a las 9:30 hs nos encontramos en Plaza San Mart\u00edn para alzar la voz juntxs en una Radio Abierta por:<\/p>\n<p>\u270a Inmediata recomposici\u00f3n salarial para el personal civil.<br \/>\n\ud83d\udcda Salarios dignos para lxs docentes del Liceo Militar General Paz.<br \/>\n\ud83e\uddea Defensa de la ciencia, la t\u00e9cnica y la educaci\u00f3n p\u00fablica.<br \/>\n\ud83d\udeab \u00a1Basta de recortes y amenazas de despidos en CONICET e INTA!<br \/>\n\ud83d\udef0\ufe0f Reincorporaci\u00f3n YA de lxs trabajadorxs despedidxs de la empresa estatal VENG.<\/p>\n<p>\u00a1Porque la \u00fanica lucha que se pierde es la que se abandona!<\/p>\n<p>Ven\u00ed con tus compa\u00f1eros y compa\u00f1eras, \u00a1hagamos visible el ajuste que quieren ocultar!<\/p>\n","protected":false},"excerpt":{"rendered":"<p>Este mi\u00e9rcoles 11 de junio a las 9:30 hs nos encontramos en Plaza San Mart\u00edn para alzar la voz juntxs en una Radio Abierta por: \u270a Inmediata recomposici\u00f3n salarial para el personal civil. \ud83d\udcda Salarios dignos para lxs docentes del Liceo Militar General Paz. \ud83e\uddea Defensa de la ciencia, la t\u00e9cnica y la educaci\u00f3n p\u00fablica. [&hellip;]<\/p>\n","protected":false},"author":7,"featured_media":49116,"comment_status":"open","ping_status":"open","sticky":false,"template":"","format":"standard","meta":{"_exactmetrics_skip_tracking":false,"_exactmetrics_sitenote_active":false,"_exactmetrics_sitenote_note":"","_exactmetrics_sitenote_category":0,"jnews-multi-image_gallery":[],"jnews_single_post":{"format":"standard","override":[{"template":"1","parallax":"1","fullscreen":"1","layout":"no-sidebar-narrow","sidebar":"default-sidebar","second_sidebar":"default-sidebar","sticky_sidebar":"1","share_position":"bottom","share_float_style":"share-monocrhome","show_share_counter":"1","show_view_counter":"1","show_post_meta":"1","show_post_author_image":"1","show_post_date":"1","post_date_format":"default","post_date_format_custom":"Y\/m\/d","show_post_category":"1","show_post_reading_time":"0","post_reading_time_wpm":"300","post_calculate_word_method":"str_word_count","show_zoom_button":"0","zoom_button_out_step":"2","zoom_button_in_step":"3","show_post_tag":"1","number_popup_post":"1","show_post_related":"1","show_inline_post_related":"0"}],"image_override":[{"single_post_thumbnail_size":"crop-500","single_post_gallery_size":"crop-500"}],"trending_post_position":"meta","trending_post_label":"Trending","sponsored_post_label":"Sponsored by","disable_ad":"0"},"jnews_primary_category":[],"jnews_social_meta":[],"jnews_review":[],"enable_review":"","type":"percentage","name":"","summary":"","brand":"","sku":"","good":[],"bad":[],"score_override":"","override_value":"","rating":[],"price":[],"jnews_override_counter":{"view_counter_number":"0","share_counter_number":"0","like_counter_number":"0","dislike_counter_number":"0"},"jnews_post_split":{"post_split":[{"template":"1","tag":"h2","numbering":"asc","mode":"normal","first":"0","enable_toc":"0","toc_type":"normal"}]},"footnotes":""},"categories":[341],"tags":[],"class_list":["post-49113","post","type-post","status-publish","format-standard","has-post-thumbnail","hentry","category-cdp"],"jetpack_featured_media_url":"https:\/\/atecordoba.org\/wp-content\/uploads\/2025\/06\/WhatsApp-Image-2025-06-10-at-22.52.14.jpeg","_links":{"self":[{"href":"https:\/\/atecordoba.org\/index.php?rest_route=\/wp\/v2\/posts\/49113","targetHints":{"allow":["GET"]}}],"collection":[{"href":"https:\/\/atecordoba.org\/index.php?rest_route=\/wp\/v2\/posts"}],"about":[{"href":"https:\/\/atecordoba.org\/index.php?rest_route=\/wp\/v2\/types\/post"}],"author":[{"embeddable":true,"href":"https:\/\/atecordoba.org\/index.php?rest_route=\/wp\/v2\/users\/7"}],"replies":[{"embeddable":true,"href":"https:\/\/atecordoba.org\/index.php?rest_route=%2Fwp%2Fv2%2Fcomments&post=49113"}],"version-history":[{"count":1,"href":"https:\/\/atecordoba.org\/index.php?rest_route=\/wp\/v2\/posts\/49113\/revisions"}],"predecessor-version":[{"id":49117,"href":"https:\/\/atecordoba.org\/index.php?rest_route=\/wp\/v2\/posts\/49113\/revisions\/49117"}],"wp:featuredmedia":[{"embeddable":true,"href":"https:\/\/atecordoba.org\/index.php?rest_route=\/wp\/v2\/media\/49116"}],"wp:attachment":[{"href":"https:\/\/atecordoba.org\/index.php?rest_route=%2Fwp%2Fv2%2Fmedia&parent=49113"}],"wp:term":[{"taxonomy":"category","embeddable":true,"href":"https:\/\/atecordoba.org\/index.php?rest_route=%2Fwp%2Fv2%2Fcategories&post=49113"},{"taxonomy":"post_tag","embeddable":true,"href":"https:\/\/atecordoba.org\/index.php?rest_route=%2Fwp%2Fv2%2Ftags&post=49113"}],"curies":[{"name":"wp","href":"https:\/\/api.w.org\/{rel}","templated":true}]}}