{"id":4910,"date":"2014-12-11T19:27:42","date_gmt":"2014-12-11T22:27:42","guid":{"rendered":"http:\/\/www.atecordoba.org\/?p=4910"},"modified":"2014-12-11T19:27:42","modified_gmt":"2014-12-11T22:27:42","slug":"homenaje-a-trabajadores-desaparecidos-del-hospital-rawson","status":"publish","type":"post","link":"https:\/\/atecordoba.org\/?p=4910","title":{"rendered":"Homenaje a trabajadores desaparecidos del Hospital Rawson"},"content":{"rendered":"<p><em>Ayer se llev\u00f3 a cabo un sentido homenaje a los compa\u00f1eros trabajadores de la salud que fueron desaparecidos por el terrorismo de Estado en los &#8217;70. ATE estuvo presente reivindicando su historia.\u00a0<\/em><\/p>\n<p><a href=\"http:\/\/www.atecordoba.org\/wp-content\/uploads\/2014\/12\/IMG-20141210-WA0006-e1418336745408.jpg\"><img loading=\"lazy\" decoding=\"async\" class=\"aligncenter size-full wp-image-4911\" src=\"http:\/\/www.atecordoba.org\/wp-content\/uploads\/2014\/12\/IMG-20141210-WA0006-e1418336745408.jpg\" alt=\"IMG-20141210-WA0006\" width=\"500\" height=\"375\" \/><\/a><\/p>\n<p>Motorizado por organismos de DDHH, se realiz\u00f3 ayer un homenaje a los trabajadores del Hospital Rawson que sufrieron la desaparici\u00f3n pro el terrorismo de Estado en C\u00f3rdoba. Se trat\u00f3 de compa\u00f1eros que se comprometieron con su tiempo, en la b\u00fasqueda de un pa\u00eds m\u00e1s justo para todos y que fueron protagonistas de sue\u00f1os que aun\u00a0est\u00e1n vigentes.<\/p>\n<p>Los trabajadores homenajeados son (no fueron porque est\u00e1n presentes)\u00a0Horacio Jos\u00e9 Alvarez Serra, Eduardo Cesar Araujo Herrera, Hector Antonio Araujo Herrera, Jos\u00e9 Luis Boscarol Capelo, Delia Estela Burns Villalba de Scabuzzo, Fernando H\u00e9ctor Flores Sant Ambrosio, Carlos Guidet, Oscar Roger Florez Sant Ambrosio, Adriana Haidar Camissi y Salvatore Privitera Pitrella.<\/p>\n<p>ATE estuvo presente, tanto por su cuerpo de delegados como por miembros de comisi\u00f3n directiva, porque el reconocimiento de esos compa\u00f1eros fundamental para recuperar la historia del movimiento obrero cordob\u00e9s. Adem\u00e1s, su figura es clave para entender porque el sistema de salud actual se encuentra en un estado de crisis como el que denuncian los trabajadores diariamente.<\/p>\n<p><a href=\"http:\/\/www.atecordoba.org\/wp-content\/uploads\/2014\/12\/IMG-20141210-WA0001-e1418336784158.jpg\"><img loading=\"lazy\" decoding=\"async\" class=\"aligncenter size-full wp-image-4912\" src=\"http:\/\/www.atecordoba.org\/wp-content\/uploads\/2014\/12\/IMG-20141210-WA0001-e1418336784158.jpg\" alt=\"IMG-20141210-WA0001\" width=\"500\" height=\"375\" \/><\/a><\/p>\n<p>En ese sentido, el secretario de Prensa de ATE, Daniel Pawluchuzk, se\u00f1al\u00f3 que para nuestro gremio &#8220;es compromiso permanente reivindicar la historia de aquellos luchadores que dieron su vida, sabiendo lo que arriesgaban -porque no eran ingenuos- pero con la convicci\u00f3n cargada de honestidad por un pa\u00eds mejor. As\u00ed lo hicimos al reivindicar a los compa\u00f1eros del Hospital Colonia Santa Mar\u00eda de Punilla. Y lo seguiremos haciendo en cada oportunidad que se presente&#8221;.<\/p>\n<p>&nbsp;<\/p>\n<p>&nbsp;<\/p>\n","protected":false},"excerpt":{"rendered":"<p>Ayer se llev\u00f3 a cabo un sentido homenaje a los compa\u00f1eros trabajadores de la salud que fueron desaparecidos por el terrorismo de Estado en los &#8217;70. ATE estuvo presente reivindicando su historia.\u00a0 Motorizado por organismos de DDHH, se realiz\u00f3 ayer un homenaje a los trabajadores del Hospital Rawson que sufrieron la desaparici\u00f3n pro el terrorismo [&hellip;]<\/p>\n","protected":false},"author":1,"featured_media":19220,"comment_status":"open","ping_status":"open","sticky":false,"template":"","format":"standard","meta":{"_exactmetrics_skip_tracking":false,"_exactmetrics_sitenote_active":false,"_exactmetrics_sitenote_note":"","_exactmetrics_sitenote_category":0,"jnews-multi-image_gallery":[],"jnews_single_post":[],"jnews_primary_category":[],"jnews_social_meta":[],"jnews_review":[],"enable_review":"","type":"","name":"","summary":"","brand":"","sku":"","good":[],"bad":[],"score_override":"","override_value":"","rating":[],"price":[],"jnews_override_counter":[],"jnews_post_split":[],"footnotes":""},"categories":[8,102],"tags":[51],"class_list":["post-4910","post","type-post","status-publish","format-standard","has-post-thumbnail","hentry","category-provinciales","category-salud-2","tag-ddhh"],"jetpack_featured_media_url":"https:\/\/atecordoba.org\/wp-content\/uploads\/2020\/05\/logo-nuevochico-e1561581322808.png","_links":{"self":[{"href":"https:\/\/atecordoba.org\/index.php?rest_route=\/wp\/v2\/posts\/4910","targetHints":{"allow":["GET"]}}],"collection":[{"href":"https:\/\/atecordoba.org\/index.php?rest_route=\/wp\/v2\/posts"}],"about":[{"href":"https:\/\/atecordoba.org\/index.php?rest_route=\/wp\/v2\/types\/post"}],"author":[{"embeddable":true,"href":"https:\/\/atecordoba.org\/index.php?rest_route=\/wp\/v2\/users\/1"}],"replies":[{"embeddable":true,"href":"https:\/\/atecordoba.org\/index.php?rest_route=%2Fwp%2Fv2%2Fcomments&post=4910"}],"version-history":[{"count":0,"href":"https:\/\/atecordoba.org\/index.php?rest_route=\/wp\/v2\/posts\/4910\/revisions"}],"wp:featuredmedia":[{"embeddable":true,"href":"https:\/\/atecordoba.org\/index.php?rest_route=\/wp\/v2\/media\/19220"}],"wp:attachment":[{"href":"https:\/\/atecordoba.org\/index.php?rest_route=%2Fwp%2Fv2%2Fmedia&parent=4910"}],"wp:term":[{"taxonomy":"category","embeddable":true,"href":"https:\/\/atecordoba.org\/index.php?rest_route=%2Fwp%2Fv2%2Fcategories&post=4910"},{"taxonomy":"post_tag","embeddable":true,"href":"https:\/\/atecordoba.org\/index.php?rest_route=%2Fwp%2Fv2%2Ftags&post=4910"}],"curies":[{"name":"wp","href":"https:\/\/api.w.org\/{rel}","templated":true}]}}