{"id":49092,"date":"2025-06-10T10:11:55","date_gmt":"2025-06-10T13:11:55","guid":{"rendered":"https:\/\/atecordoba.org\/?p=49092"},"modified":"2025-06-11T09:32:11","modified_gmt":"2025-06-11T12:32:11","slug":"ate-repudia-el-acoso-judicial-a-cristina-kirchner-de-un-poder-judicial-mafioso-y-tutelado-por-la-derecha-neocolonial","status":"publish","type":"post","link":"https:\/\/atecordoba.org\/?p=49092","title":{"rendered":"ATE repudia la condena a Cristina Kirchner de un Poder Judicial mafioso y tutelado por la derecha neocolonial"},"content":{"rendered":"<p><img loading=\"lazy\" decoding=\"async\" class=\"aligncenter wp-image-49093 size-full\" src=\"https:\/\/atecordoba.org\/wp-content\/uploads\/2025\/06\/cristina.jpg\" alt=\"\" width=\"330\" height=\"439\" \/>Ante las versiones que adelantan un fallo judicial de la Corte Suprema, que implicar\u00eda la condena a prisi\u00f3n de la ex Presidenta Cristina Fern\u00e1ndez -tal como ella misma lo advirti\u00f3 ayer-, ATE C\u00f3rdoba repudia la persecuci\u00f3n judicial que acosa las vida pol\u00edtica nacional.<\/p>\n<p>Como ha quedado en evidencia en la \u00faltima d\u00e9cada, el Poder Judicial, que aplica el torniquete criminal sobre Cristina, es la representaci\u00f3n f\u00e1ctica de grupos de poder econ\u00f3micos y medi\u00e1ticos que ven en la condena de la presidenta del Partido Justicialista la posibilidad de consolidar el remate de las riquezas nacionales y transformar a la Argentina en una colonia de EEUU y el capitalismo financiero internacional.<\/p>\n<p>De concretarse, el principal efecto del fallo judicial no ser\u00e1 \u2018terminar con la corrupci\u00f3n\u2019, excusa que ya utilizaron con otros l\u00edderes como Yrigoyen y Per\u00f3n, sino imposibilitar que el pueblo vote una alternativa que canalice el descontento de millones de argentinas y argentinos con el ajuste feroz del gobierno de Javier Milei.<\/p>\n<p>Hoy m\u00e1s que nunca es evidente el sentido que tuvo la visita la visita de funcionarios judiciales a la mansi\u00f3n del millonario brit\u00e1nico Joe Lewis a Lago Escondido, en R\u00edo Negro, financiada por el principal grupo medi\u00e1tico del pa\u00eds.<\/p>\n<p>Todo este cuadro poner en crisis el sistema pol\u00edtico y genera un clima de violencia que ya hab\u00eda adelantado el atentado contra la vida de Cristina.<\/p>\n<p>Las y los estatales, que en muchas oportunidades supimos disentir con pol\u00edticas desarrolladas por el kirchnerismo, declaramos nuestra solidaridad con Cristina y nos disponemos a defender la democracia argentina.<\/p>\n<p style=\"text-align: center\">Federico Giuliani<\/p>\n<p style=\"text-align: center\">Secretario General<\/p>\n<p style=\"text-align: center\">ATE C\u00f3rdoba<\/p>\n","protected":false},"excerpt":{"rendered":"<p>Ante las versiones que adelantan un fallo judicial de la Corte Suprema, que implicar\u00eda la condena a prisi\u00f3n de la ex Presidenta Cristina Fern\u00e1ndez -tal como ella misma lo advirti\u00f3 ayer-, ATE C\u00f3rdoba repudia la persecuci\u00f3n judicial que acosa las vida pol\u00edtica nacional. Como ha quedado en evidencia en la \u00faltima d\u00e9cada, el Poder Judicial, [&hellip;]<\/p>\n","protected":false},"author":7,"featured_media":49093,"comment_status":"open","ping_status":"open","sticky":false,"template":"","format":"standard","meta":{"_exactmetrics_skip_tracking":false,"_exactmetrics_sitenote_active":false,"_exactmetrics_sitenote_note":"","_exactmetrics_sitenote_category":0,"jnews-multi-image_gallery":[],"jnews_single_post":{"format":"standard","override":[{"template":"1","parallax":"1","fullscreen":"1","layout":"no-sidebar-narrow","sidebar":"default-sidebar","second_sidebar":"default-sidebar","sticky_sidebar":"1","share_position":"bottom","share_float_style":"share-monocrhome","show_share_counter":"1","show_view_counter":"1","show_post_meta":"1","show_post_author_image":"1","show_post_date":"1","post_date_format":"default","post_date_format_custom":"Y\/m\/d","show_post_category":"1","show_post_reading_time":"0","post_reading_time_wpm":"300","post_calculate_word_method":"str_word_count","show_zoom_button":"0","zoom_button_out_step":"2","zoom_button_in_step":"3","show_post_tag":"1","number_popup_post":"1","show_post_related":"1","show_inline_post_related":"0"}],"image_override":[{"single_post_thumbnail_size":"crop-500","single_post_gallery_size":"crop-500"}],"trending_post_position":"meta","trending_post_label":"Trending","sponsored_post_label":"Sponsored by","disable_ad":"0"},"jnews_primary_category":[],"jnews_social_meta":[],"jnews_review":[],"enable_review":"","type":"percentage","name":"","summary":"","brand":"","sku":"","good":[],"bad":[],"score_override":"","override_value":"","rating":[],"price":[],"jnews_override_counter":{"view_counter_number":"0","share_counter_number":"0","like_counter_number":"0","dislike_counter_number":"0"},"jnews_post_split":{"post_split":[{"template":"1","tag":"h2","numbering":"asc","mode":"normal","first":"0","enable_toc":"0","toc_type":"normal"}]},"footnotes":""},"categories":[10],"tags":[],"class_list":["post-49092","post","type-post","status-publish","format-standard","has-post-thumbnail","hentry","category-accion-politica"],"jetpack_featured_media_url":"https:\/\/atecordoba.org\/wp-content\/uploads\/2025\/06\/cristina-e1749573868217.jpg","_links":{"self":[{"href":"https:\/\/atecordoba.org\/index.php?rest_route=\/wp\/v2\/posts\/49092","targetHints":{"allow":["GET"]}}],"collection":[{"href":"https:\/\/atecordoba.org\/index.php?rest_route=\/wp\/v2\/posts"}],"about":[{"href":"https:\/\/atecordoba.org\/index.php?rest_route=\/wp\/v2\/types\/post"}],"author":[{"embeddable":true,"href":"https:\/\/atecordoba.org\/index.php?rest_route=\/wp\/v2\/users\/7"}],"replies":[{"embeddable":true,"href":"https:\/\/atecordoba.org\/index.php?rest_route=%2Fwp%2Fv2%2Fcomments&post=49092"}],"version-history":[{"count":3,"href":"https:\/\/atecordoba.org\/index.php?rest_route=\/wp\/v2\/posts\/49092\/revisions"}],"predecessor-version":[{"id":49114,"href":"https:\/\/atecordoba.org\/index.php?rest_route=\/wp\/v2\/posts\/49092\/revisions\/49114"}],"wp:featuredmedia":[{"embeddable":true,"href":"https:\/\/atecordoba.org\/index.php?rest_route=\/wp\/v2\/media\/49093"}],"wp:attachment":[{"href":"https:\/\/atecordoba.org\/index.php?rest_route=%2Fwp%2Fv2%2Fmedia&parent=49092"}],"wp:term":[{"taxonomy":"category","embeddable":true,"href":"https:\/\/atecordoba.org\/index.php?rest_route=%2Fwp%2Fv2%2Fcategories&post=49092"},{"taxonomy":"post_tag","embeddable":true,"href":"https:\/\/atecordoba.org\/index.php?rest_route=%2Fwp%2Fv2%2Ftags&post=49092"}],"curies":[{"name":"wp","href":"https:\/\/api.w.org\/{rel}","templated":true}]}}