{"id":49085,"date":"2025-06-09T10:32:04","date_gmt":"2025-06-09T13:32:04","guid":{"rendered":"https:\/\/atecordoba.org\/?p=49085"},"modified":"2025-06-09T10:32:04","modified_gmt":"2025-06-09T13:32:04","slug":"ate-en-la-unc-el-trabajo-universitario-cientifico-y-estatal","status":"publish","type":"post","link":"https:\/\/atecordoba.org\/?p=49085","title":{"rendered":"ATE en la UNC: el trabajo universitario, cient\u00edfico y estatal"},"content":{"rendered":"<p><img loading=\"lazy\" decoding=\"async\" class=\"aligncenter wp-image-49086 size-full\" src=\"https:\/\/atecordoba.org\/wp-content\/uploads\/2025\/06\/ATE-UNC-FCC.jpg\" alt=\"\" width=\"512\" height=\"640\" srcset=\"https:\/\/atecordoba.org\/wp-content\/uploads\/2025\/06\/ATE-UNC-FCC.jpg 512w, https:\/\/atecordoba.org\/wp-content\/uploads\/2025\/06\/ATE-UNC-FCC-240x300.jpg 240w\" sizes=\"auto, (max-width: 512px) 100vw, 512px\" \/>Este martes 10 de junio, a las 16 horas, en la Facultad de Ciencias de la Comunicaci\u00f3n (FCC) de la Universidad Nacional de C\u00f3rdoba (UNC) se llevar\u00e1 a cabo una charla-debate sobre el tema \u201cLo colectivo frente a la fragmentaci\u00f3n. La condici\u00f3n del trabajo universitario, cient\u00edfico y estatal\u201d.<\/p>\n<div dir=\"auto\">Martes 10 de junio en la FCC Aula 12. 16 horas.<\/div>\n<div class=\"x14z9mp xat24cr x1lziwak x1vvkbs xtlvy1s x126k92a\">\n<div dir=\"auto\"><\/div>\n<div dir=\"auto\">El panel estar\u00e1 integrado por:<\/div>\n<div dir=\"auto\"><\/div>\n<div dir=\"auto\"><em>*Susana Roitman.<\/em><\/div>\n<div dir=\"auto\"><em>*Emiliano Baum.<\/em><\/div>\n<div dir=\"auto\"><em>*Eugenia G\u00f3mez.<\/em><\/div>\n<div dir=\"auto\"><em>*Julia Giuliani.<\/em><\/div>\n<div dir=\"auto\"><em>*Fernando Aiziczon.<\/em><\/div>\n<div dir=\"auto\"><em>*Gabriel Mellibosky.<\/em><\/div>\n<\/div>\n<div class=\"x14z9mp xat24cr x1lziwak x1vvkbs xtlvy1s x126k92a\">\n<div dir=\"auto\"><\/div>\n<div dir=\"auto\">Organizan\u00a0<em>ATE C\u00f3rdoba ,\u00a0<\/em><em>Lista Roja y Negra ADIUC, A<\/em><em>TE-CONAE,\u00a0<\/em><em>ATE-CONICET,\u00a0<\/em><em>ATE-No Docente.<\/em><\/div>\n<\/div>\n","protected":false},"excerpt":{"rendered":"<p>Este martes 10 de junio, a las 16 horas, en la Facultad de Ciencias de la Comunicaci\u00f3n (FCC) de la Universidad Nacional de C\u00f3rdoba (UNC) se llevar\u00e1 a cabo una charla-debate sobre el tema \u201cLo colectivo frente a la fragmentaci\u00f3n. La condici\u00f3n del trabajo universitario, cient\u00edfico y estatal\u201d. Martes 10 de junio en la FCC [&hellip;]<\/p>\n","protected":false},"author":7,"featured_media":49087,"comment_status":"open","ping_status":"open","sticky":false,"template":"","format":"standard","meta":{"_exactmetrics_skip_tracking":false,"_exactmetrics_sitenote_active":false,"_exactmetrics_sitenote_note":"","_exactmetrics_sitenote_category":0,"jnews-multi-image_gallery":[],"jnews_single_post":{"format":"standard","override":[{"template":"1","parallax":"1","fullscreen":"1","layout":"no-sidebar-narrow","sidebar":"default-sidebar","second_sidebar":"default-sidebar","sticky_sidebar":"1","share_position":"bottom","share_float_style":"share-monocrhome","show_share_counter":"1","show_view_counter":"1","show_post_meta":"1","show_post_author_image":"1","show_post_date":"1","post_date_format":"default","post_date_format_custom":"Y\/m\/d","show_post_category":"1","show_post_reading_time":"0","post_reading_time_wpm":"300","post_calculate_word_method":"str_word_count","show_zoom_button":"0","zoom_button_out_step":"2","zoom_button_in_step":"3","show_post_tag":"1","number_popup_post":"1","show_post_related":"1","show_inline_post_related":"0"}],"image_override":[{"single_post_thumbnail_size":"crop-500","single_post_gallery_size":"crop-500"}],"trending_post_position":"meta","trending_post_label":"Trending","sponsored_post_label":"Sponsored by","disable_ad":"0"},"jnews_primary_category":[],"jnews_social_meta":[],"jnews_review":[],"enable_review":"","type":"percentage","name":"","summary":"","brand":"","sku":"","good":[],"bad":[],"score_override":"","override_value":"","rating":[],"price":[],"jnews_override_counter":{"view_counter_number":"0","share_counter_number":"0","like_counter_number":"0","dislike_counter_number":"0"},"jnews_post_split":{"post_split":[{"template":"1","tag":"h2","numbering":"asc","mode":"normal","first":"0","enable_toc":"0","toc_type":"normal"}]},"footnotes":""},"categories":[10],"tags":[],"class_list":["post-49085","post","type-post","status-publish","format-standard","has-post-thumbnail","hentry","category-accion-politica"],"jetpack_featured_media_url":"https:\/\/atecordoba.org\/wp-content\/uploads\/2025\/06\/ATE-UNC-FCC-recorte.jpg","_links":{"self":[{"href":"https:\/\/atecordoba.org\/index.php?rest_route=\/wp\/v2\/posts\/49085","targetHints":{"allow":["GET"]}}],"collection":[{"href":"https:\/\/atecordoba.org\/index.php?rest_route=\/wp\/v2\/posts"}],"about":[{"href":"https:\/\/atecordoba.org\/index.php?rest_route=\/wp\/v2\/types\/post"}],"author":[{"embeddable":true,"href":"https:\/\/atecordoba.org\/index.php?rest_route=\/wp\/v2\/users\/7"}],"replies":[{"embeddable":true,"href":"https:\/\/atecordoba.org\/index.php?rest_route=%2Fwp%2Fv2%2Fcomments&post=49085"}],"version-history":[{"count":1,"href":"https:\/\/atecordoba.org\/index.php?rest_route=\/wp\/v2\/posts\/49085\/revisions"}],"predecessor-version":[{"id":49088,"href":"https:\/\/atecordoba.org\/index.php?rest_route=\/wp\/v2\/posts\/49085\/revisions\/49088"}],"wp:featuredmedia":[{"embeddable":true,"href":"https:\/\/atecordoba.org\/index.php?rest_route=\/wp\/v2\/media\/49087"}],"wp:attachment":[{"href":"https:\/\/atecordoba.org\/index.php?rest_route=%2Fwp%2Fv2%2Fmedia&parent=49085"}],"wp:term":[{"taxonomy":"category","embeddable":true,"href":"https:\/\/atecordoba.org\/index.php?rest_route=%2Fwp%2Fv2%2Fcategories&post=49085"},{"taxonomy":"post_tag","embeddable":true,"href":"https:\/\/atecordoba.org\/index.php?rest_route=%2Fwp%2Fv2%2Ftags&post=49085"}],"curies":[{"name":"wp","href":"https:\/\/api.w.org\/{rel}","templated":true}]}}