{"id":49074,"date":"2025-06-06T14:20:01","date_gmt":"2025-06-06T17:20:01","guid":{"rendered":"https:\/\/atecordoba.org\/?p=49074"},"modified":"2025-06-06T14:20:01","modified_gmt":"2025-06-06T17:20:01","slug":"encuentro-nacional-de-economistas-con-la-presencia-de-ate-conae","status":"publish","type":"post","link":"https:\/\/atecordoba.org\/?p=49074","title":{"rendered":"Encuentro nacional de economistas con la presencia de ATE CONAE"},"content":{"rendered":"<h5><img loading=\"lazy\" decoding=\"async\" class=\"aligncenter wp-image-49077 \" src=\"https:\/\/atecordoba.org\/wp-content\/uploads\/2025\/06\/conae-carteles-1024x473.jpeg\" alt=\"\" width=\"607\" height=\"280\" srcset=\"https:\/\/atecordoba.org\/wp-content\/uploads\/2025\/06\/conae-carteles-1024x473.jpeg 1024w, https:\/\/atecordoba.org\/wp-content\/uploads\/2025\/06\/conae-carteles-300x138.jpeg 300w, https:\/\/atecordoba.org\/wp-content\/uploads\/2025\/06\/conae-carteles-768x355.jpeg 768w, https:\/\/atecordoba.org\/wp-content\/uploads\/2025\/06\/conae-carteles-750x346.jpeg 750w, https:\/\/atecordoba.org\/wp-content\/uploads\/2025\/06\/conae-carteles-1140x526.jpeg 1140w, https:\/\/atecordoba.org\/wp-content\/uploads\/2025\/06\/conae-carteles.jpeg 1536w\" sizes=\"auto, (max-width: 607px) 100vw, 607px\" \/><\/h5>\n<h5>(fuente: pagina12.com.ar \/ foto: elmegafono.net)<\/h5>\n<p>Hoy viernes 6 de junio, en la Facultad de Ciencias Econ\u00f3micas de la Universidad de Buenos Aires, m\u00e1s de 300 profesionales de todo el pa\u00eds se dan cita en un evento relevante para el debate econ\u00f3mico argentino. Se trata del encuentro nacional del Centro de Econom\u00eda Pol\u00edtica Argentina (CEPA), bajo el lema: \u201cPrograma para una Argentina productiva, inclusiva y con orden macro\u201d.<\/p>\n<p>La convocatoria re\u00fane a t\u00e9cnicos y especialistas formados en las Diplomaturas de Econom\u00eda Pol\u00edtica de CEPA\u2013UBA y CEPA\u2013UNR. J\u00f3venes y profesionales de trayectoria que buscan construir propuestas concretas para un pa\u00eds que necesita ideas nuevas, pero tambi\u00e9n capacidad de gesti\u00f3n.<\/p>\n<p>En este contexto, CEPA, con m\u00e1s de 13 a\u00f1os de recorrido, impulsa una agenda de desarrollo que combine valor agregado con una macroeconom\u00eda ordenada, que contemple financiamiento tanto en pesos como en d\u00f3lares.<\/p>\n<p>Entre los referentes que impulsan esta iniciativa se encuentran Julia Strada, Hern\u00e1n Letcher, Alejandra Scarano, Germ\u00e1n Mui\u00f1o, Mayra Blanco, Francisco Nercesi\u00e1n, Cecilia Llabr\u00e9s, Nicol\u00e1s Taiariol, Florencia Guti\u00e9rrez, Juan Pablo Costa, Guido Bambini, Roc\u00edo Velarde, entre otros. Todos ellos forman parte de una generaci\u00f3n que combina pensamiento cr\u00edtico, formaci\u00f3n t\u00e9cnica y compromiso con el desarrollo nacional<\/p>\n<p>En detalle, el temario del encuentro aborda cinco n\u00facleos clave del debate econ\u00f3mico actual. El primero es sobre Desaf\u00edos macroecon\u00f3micos y financieros: se discutir\u00e1 la sostenibilidad del tipo de cambio, el impacto del endeudamiento externo y las condiciones impuestas por el FMI. Tambi\u00e9n se plantear\u00e1n las bases de una pol\u00edtica monetaria, fiscal y tributaria orientada a la estabilidad, con foco en el financiamiento interno y externo.<\/p>\n<p>El segundo es sobre Argentina productiva: el debate girar\u00e1 en torno al rol de los recursos naturales frente a la hist\u00f3rica restricci\u00f3n externa. Se propondr\u00e1n estrategias de agregado de valor en sectores clave como el litio, la energ\u00eda nuclear, la industria naval, el gas natural licuado, los minerales estrat\u00e9gicos y el sector satelital, entre otros.<\/p>\n<p>En dicho boque va a intervenir el delegado de ATE CONAE, Emiliano Baum, aportando un trabajo titulado: \u201cEl sector espacial argentino y modelos de desarrollo desde la perspectiva de sus trabajadores\u201d.<\/p>\n<p><strong>Desequilibrio regional, Estado y producci\u00f3n y tecnolog\u00eda y futuro<\/strong><\/p>\n<p>El tercero es sobre Argentina federal: se pondr\u00e1n sobre la mesa los desequilibrios regionales, la necesidad de revisar la Coparticipaci\u00f3n Federal de Impuestos y la distribuci\u00f3n presupuestaria a trav\u00e9s de decretos. Se analizar\u00e1n experiencias concretas como la crisis del sector yerbatero en Misiones, el retroceso industrial en el AMBA, el desarrollo de la siderurgia en Formosa y las tensiones en torno a Vaca Muerta.<\/p>\n<p>El cuarto es sobre Estado y pol\u00edtica productiva: se evaluar\u00e1n las capacidades del Estado para intervenir en el desarrollo econ\u00f3mico a trav\u00e9s de herramientas como las compras p\u00fablicas, los derechos antidumping y los reg\u00edmenes de promoci\u00f3n industrial. Se revisar\u00e1n experiencias de empresas p\u00fablicas como YPF, ARSAT, Aerol\u00edneas Argentinas y el Banco Naci\u00f3n. Adem\u00e1s, se propondr\u00e1 una reforma de los marcos legales como el RIGI y la Ley de Concesiones de Obra P\u00fablica.<\/p>\n<p>En tanto, el quinto es sobre Tecnolog\u00eda y futuro del trabajo: se discutir\u00e1 c\u00f3mo incide la inteligencia artificial en sectores como las finanzas, el empleo industrial y el trabajo en plataformas. Tambi\u00e9n se analizar\u00e1n los desaf\u00edos del empleo estatal y la eficiencia en los servicios p\u00fablicos. Se presentar\u00e1 un diagn\u00f3stico sobre la p\u00e9rdida de empleo privado en el actual contexto de despidos y suspensiones.<\/p>\n<a href=\"https:\/\/atecordoba.org\/wp-content\/uploads\/2025\/06\/Programa-Encuentro-Federal-de-Economia-CEPA.pdf\" class=\"pdfemb-viewer\" style=\"\" data-width=\"max\" data-height=\"max\" data-toolbar=\"bottom\" data-toolbar-fixed=\"off\">Programa Encuentro Federal de Econom\u00eda CEPA<\/a>\n","protected":false},"excerpt":{"rendered":"<p>(fuente: pagina12.com.ar \/ foto: elmegafono.net) Hoy viernes 6 de junio, en la Facultad de Ciencias Econ\u00f3micas de la Universidad de Buenos Aires, m\u00e1s de 300 profesionales de todo el pa\u00eds se dan cita en un evento relevante para el debate econ\u00f3mico argentino. Se trata del encuentro nacional del Centro de Econom\u00eda Pol\u00edtica Argentina (CEPA), bajo [&hellip;]<\/p>\n","protected":false},"author":7,"featured_media":49077,"comment_status":"open","ping_status":"open","sticky":false,"template":"","format":"standard","meta":{"_exactmetrics_skip_tracking":false,"_exactmetrics_sitenote_active":false,"_exactmetrics_sitenote_note":"","_exactmetrics_sitenote_category":0,"jnews-multi-image_gallery":[],"jnews_single_post":{"format":"standard","override":[{"template":"1","parallax":"1","fullscreen":"1","layout":"no-sidebar-narrow","sidebar":"default-sidebar","second_sidebar":"default-sidebar","sticky_sidebar":"1","share_position":"bottom","share_float_style":"share-monocrhome","show_share_counter":"1","show_view_counter":"1","show_post_meta":"1","show_post_author_image":"1","show_post_date":"1","post_date_format":"default","post_date_format_custom":"Y\/m\/d","show_post_category":"1","show_post_reading_time":"0","post_reading_time_wpm":"300","post_calculate_word_method":"str_word_count","show_zoom_button":"0","zoom_button_out_step":"2","zoom_button_in_step":"3","show_post_tag":"1","number_popup_post":"1","show_post_related":"1","show_inline_post_related":"0"}],"image_override":[{"single_post_thumbnail_size":"crop-500","single_post_gallery_size":"crop-500"}],"trending_post_position":"meta","trending_post_label":"Trending","sponsored_post_label":"Sponsored by","disable_ad":"0"},"jnews_primary_category":[],"jnews_social_meta":[],"jnews_review":[],"enable_review":"","type":"percentage","name":"","summary":"","brand":"","sku":"","good":[],"bad":[],"score_override":"","override_value":"","rating":[],"price":[],"jnews_override_counter":{"view_counter_number":"0","share_counter_number":"0","like_counter_number":"0","dislike_counter_number":"0"},"jnews_post_split":{"post_split":[{"template":"1","tag":"h2","numbering":"asc","mode":"normal","first":"0","enable_toc":"0","toc_type":"normal"}]},"footnotes":""},"categories":[10],"tags":[],"class_list":["post-49074","post","type-post","status-publish","format-standard","has-post-thumbnail","hentry","category-accion-politica"],"jetpack_featured_media_url":"https:\/\/atecordoba.org\/wp-content\/uploads\/2025\/06\/conae-carteles.jpeg","_links":{"self":[{"href":"https:\/\/atecordoba.org\/index.php?rest_route=\/wp\/v2\/posts\/49074","targetHints":{"allow":["GET"]}}],"collection":[{"href":"https:\/\/atecordoba.org\/index.php?rest_route=\/wp\/v2\/posts"}],"about":[{"href":"https:\/\/atecordoba.org\/index.php?rest_route=\/wp\/v2\/types\/post"}],"author":[{"embeddable":true,"href":"https:\/\/atecordoba.org\/index.php?rest_route=\/wp\/v2\/users\/7"}],"replies":[{"embeddable":true,"href":"https:\/\/atecordoba.org\/index.php?rest_route=%2Fwp%2Fv2%2Fcomments&post=49074"}],"version-history":[{"count":1,"href":"https:\/\/atecordoba.org\/index.php?rest_route=\/wp\/v2\/posts\/49074\/revisions"}],"predecessor-version":[{"id":49078,"href":"https:\/\/atecordoba.org\/index.php?rest_route=\/wp\/v2\/posts\/49074\/revisions\/49078"}],"wp:featuredmedia":[{"embeddable":true,"href":"https:\/\/atecordoba.org\/index.php?rest_route=\/wp\/v2\/media\/49077"}],"wp:attachment":[{"href":"https:\/\/atecordoba.org\/index.php?rest_route=%2Fwp%2Fv2%2Fmedia&parent=49074"}],"wp:term":[{"taxonomy":"category","embeddable":true,"href":"https:\/\/atecordoba.org\/index.php?rest_route=%2Fwp%2Fv2%2Fcategories&post=49074"},{"taxonomy":"post_tag","embeddable":true,"href":"https:\/\/atecordoba.org\/index.php?rest_route=%2Fwp%2Fv2%2Ftags&post=49074"}],"curies":[{"name":"wp","href":"https:\/\/api.w.org\/{rel}","templated":true}]}}