{"id":49053,"date":"2025-06-06T10:57:12","date_gmt":"2025-06-06T13:57:12","guid":{"rendered":"https:\/\/atecordoba.org\/?p=49053"},"modified":"2025-06-06T10:57:12","modified_gmt":"2025-06-06T13:57:12","slug":"ni-una-menos-ate-presente-el-3j","status":"publish","type":"post","link":"https:\/\/atecordoba.org\/?p=49053","title":{"rendered":"Ni Una Menos: ATE presente el 3J"},"content":{"rendered":"<p><img loading=\"lazy\" decoding=\"async\" class=\"aligncenter wp-image-49054 size-full\" src=\"https:\/\/atecordoba.org\/wp-content\/uploads\/2025\/06\/Captura-de-pantalla-2025-06-06-100453.png\" alt=\"\" width=\"596\" height=\"312\" srcset=\"https:\/\/atecordoba.org\/wp-content\/uploads\/2025\/06\/Captura-de-pantalla-2025-06-06-100453.png 596w, https:\/\/atecordoba.org\/wp-content\/uploads\/2025\/06\/Captura-de-pantalla-2025-06-06-100453-300x157.png 300w\" sizes=\"auto, (max-width: 596px) 100vw, 596px\" \/>El pasado martes ATE C\u00f3rdoba estuvo presente, con compa\u00f1eras, activistas y dirigentes, en la multitudinaria marcha del 3J, elevando el grito feminista \u00a1basta de matarnos!,, por el fin de los feminicidios en la provincia y el pa\u00eds.<\/p>\n<p>La marcha parti\u00f3 de la esquina de Colon y Ca\u00f1ada para finalizar en el Patio Olmos, donde pudo constatarse una inmensa y desproporcionada cantidad de fuerzas policiales, que el gobierno no pudo justificar, y que dio cuenta que la movilizaci\u00f3n popular tiene en C\u00f3rdoba un Estado activo en amedrentar a quienes ejercemos el leg\u00edtimo y legal derecho a la protesta y a la libertad de expresi\u00f3n.<\/p>\n<div id='gallery_1' class='gallery galleryid-49053 gallery-columns-3 gallery-size-thumbnail'><figure class='gallery-item'>\n                <div class='gallery-icon landscape'>\n                    <a href='https:\/\/atecordoba.org\/wp-content\/uploads\/2025\/06\/Captura-de-pantalla-2025-06-06-100548.png'><img loading=\"lazy\" decoding=\"async\" width=\"150\" height=\"150\" src=\"\" class=\"attachment-thumbnail size-thumbnail lazyload\" alt=\"\" data-src=\"https:\/\/atecordoba.org\/wp-content\/uploads\/2025\/06\/Captura-de-pantalla-2025-06-06-100548-150x150.png\" data-sizes=\"auto\" data-srcset=\"https:\/\/atecordoba.org\/wp-content\/uploads\/2025\/06\/Captura-de-pantalla-2025-06-06-100548-150x150.png 150w, https:\/\/atecordoba.org\/wp-content\/uploads\/2025\/06\/Captura-de-pantalla-2025-06-06-100548-75x75.png 75w\" data-expand=\"700\" \/><\/a>\n                <\/div><\/figure><figure class='gallery-item'>\n                <div class='gallery-icon landscape'>\n                    <a href='https:\/\/atecordoba.org\/wp-content\/uploads\/2025\/06\/504493163_1114913517325228_5485828300290744564_n.jpg'><img loading=\"lazy\" decoding=\"async\" width=\"150\" height=\"150\" src=\"\" class=\"attachment-thumbnail size-thumbnail lazyload\" alt=\"\" data-src=\"https:\/\/atecordoba.org\/wp-content\/uploads\/2025\/06\/504493163_1114913517325228_5485828300290744564_n-150x150.jpg\" data-sizes=\"auto\" data-srcset=\"https:\/\/atecordoba.org\/wp-content\/uploads\/2025\/06\/504493163_1114913517325228_5485828300290744564_n-150x150.jpg 150w, https:\/\/atecordoba.org\/wp-content\/uploads\/2025\/06\/504493163_1114913517325228_5485828300290744564_n-560x560.jpg 560w, https:\/\/atecordoba.org\/wp-content\/uploads\/2025\/06\/504493163_1114913517325228_5485828300290744564_n-75x75.jpg 75w, https:\/\/atecordoba.org\/wp-content\/uploads\/2025\/06\/504493163_1114913517325228_5485828300290744564_n-350x350.jpg 350w\" data-expand=\"700\" \/><\/a>\n                <\/div><\/figure><figure class='gallery-item'>\n                <div class='gallery-icon landscape'>\n                    <a href='https:\/\/atecordoba.org\/wp-content\/uploads\/2025\/06\/Captura-de-pantalla-2025-06-06-100527.png'><img loading=\"lazy\" decoding=\"async\" width=\"150\" height=\"150\" src=\"\" class=\"attachment-thumbnail size-thumbnail lazyload\" alt=\"\" data-src=\"https:\/\/atecordoba.org\/wp-content\/uploads\/2025\/06\/Captura-de-pantalla-2025-06-06-100527-150x150.png\" data-sizes=\"auto\" data-srcset=\"https:\/\/atecordoba.org\/wp-content\/uploads\/2025\/06\/Captura-de-pantalla-2025-06-06-100527-150x150.png 150w, https:\/\/atecordoba.org\/wp-content\/uploads\/2025\/06\/Captura-de-pantalla-2025-06-06-100527-75x75.png 75w\" data-expand=\"700\" \/><\/a>\n                <\/div><\/figure><br style=\"clear: both\" \/>\n            <\/div>\n\n<p>A pesar de ello,\u00a0la ola verde cop\u00f3 toda la General Paz para marchar en esa jornada hist\u00f3rica, donde ATE impuls\u00f3 el reclamo por Justicia para Fabiana Pacheco, trabajadora estatal fallecida en extra\u00f1as circunstancias en un supuesto accidente vial. &#8220;Seguimos gritando que ni una menos, que el Estado es responsable, que queremos justicia para Fabi!!!&#8221;, afirm\u00f3 la columna de estatales.<\/p>\n<p>La misma protesta se desarroll\u00f3 tambi\u00e9n en ciudades del interior como Villa Mar\u00eda y R\u00edo Cuarto.<\/p>\n<p>En la Capital Alterna de la provincia hubo ronda feminista, de debate y encuentro, recordando estos 10 a\u00f1os de lucha unidas y reafirmando que desde ATE R\u00edo Cuarto que seguimos defendiendo todo lo conquistado en las calles.<\/p>\n<div id='gallery_2' class='gallery galleryid-49053 gallery-columns-3 gallery-size-thumbnail'><figure class='gallery-item'>\n                <div class='gallery-icon landscape'>\n                    <a href='https:\/\/atecordoba.org\/wp-content\/uploads\/2025\/06\/Captura-de-pantalla-2025-06-06-100313.png'><img loading=\"lazy\" decoding=\"async\" width=\"150\" height=\"150\" src=\"\" class=\"attachment-thumbnail size-thumbnail lazyload\" alt=\"\" data-src=\"https:\/\/atecordoba.org\/wp-content\/uploads\/2025\/06\/Captura-de-pantalla-2025-06-06-100313-150x150.png\" data-sizes=\"auto\" data-srcset=\"https:\/\/atecordoba.org\/wp-content\/uploads\/2025\/06\/Captura-de-pantalla-2025-06-06-100313-150x150.png 150w, https:\/\/atecordoba.org\/wp-content\/uploads\/2025\/06\/Captura-de-pantalla-2025-06-06-100313-75x75.png 75w, https:\/\/atecordoba.org\/wp-content\/uploads\/2025\/06\/Captura-de-pantalla-2025-06-06-100313-350x350.png 350w\" data-expand=\"700\" \/><\/a>\n                <\/div><\/figure><figure class='gallery-item'>\n                <div class='gallery-icon landscape'>\n                    <a href='https:\/\/atecordoba.org\/wp-content\/uploads\/2025\/06\/Captura-de-pantalla-2025-06-06-100206.png'><img loading=\"lazy\" decoding=\"async\" width=\"150\" height=\"150\" src=\"\" class=\"attachment-thumbnail size-thumbnail lazyload\" alt=\"\" data-src=\"https:\/\/atecordoba.org\/wp-content\/uploads\/2025\/06\/Captura-de-pantalla-2025-06-06-100206-150x150.png\" data-sizes=\"auto\" data-srcset=\"https:\/\/atecordoba.org\/wp-content\/uploads\/2025\/06\/Captura-de-pantalla-2025-06-06-100206-150x150.png 150w, https:\/\/atecordoba.org\/wp-content\/uploads\/2025\/06\/Captura-de-pantalla-2025-06-06-100206-75x75.png 75w, https:\/\/atecordoba.org\/wp-content\/uploads\/2025\/06\/Captura-de-pantalla-2025-06-06-100206-350x350.png 350w\" data-expand=\"700\" \/><\/a>\n                <\/div><\/figure><figure class='gallery-item'>\n                <div class='gallery-icon landscape'>\n                    <a href='https:\/\/atecordoba.org\/wp-content\/uploads\/2025\/06\/Captura-de-pantalla-2025-06-06-100118.png'><img loading=\"lazy\" decoding=\"async\" width=\"150\" height=\"150\" src=\"\" class=\"attachment-thumbnail size-thumbnail lazyload\" alt=\"\" data-src=\"https:\/\/atecordoba.org\/wp-content\/uploads\/2025\/06\/Captura-de-pantalla-2025-06-06-100118-150x150.png\" data-sizes=\"auto\" data-srcset=\"https:\/\/atecordoba.org\/wp-content\/uploads\/2025\/06\/Captura-de-pantalla-2025-06-06-100118-150x150.png 150w, https:\/\/atecordoba.org\/wp-content\/uploads\/2025\/06\/Captura-de-pantalla-2025-06-06-100118-75x75.png 75w, https:\/\/atecordoba.org\/wp-content\/uploads\/2025\/06\/Captura-de-pantalla-2025-06-06-100118-350x350.png 350w\" data-expand=\"700\" \/><\/a>\n                <\/div><\/figure><br style=\"clear: both\" \/>\n            <\/div>\n\n<p>Por su parte en Villa Mar\u00eda, la Junta Interna de Fabricaciones Militares particip\u00f3 de la ronda en la Plaza Rivadavia, siendo parte del debate fraterno con compa\u00f1eras y compa\u00f1eros, e impulsado el reclamo de Justicia pro Fabi Pacheco, que viv\u00eda en la ciudad.<\/p>\n<p>La marcha se ensambl\u00f3 con la vigilia en apoyo a la aprobaci\u00f3n de la Emergencia en Discapacidad en el Congreso de la Naci\u00f3n.<\/p>\n<p><strong>En la Legislatura<\/strong><\/p>\n<p>Horas antes, ATE particip\u00f3 del conversatorio por los 20 a\u00f1os de la Campa\u00f1a por el Derecho al Aborto Legal, que se llev\u00f3 a cabo en la Legislatura provincial. Participaron compa\u00f1eras de sindicatos, legislatura, universidades y del Estado.<\/p>\n<p>En la oportunidad se record\u00f3 que la primera reuni\u00f3n fue en nuestra sede de ATE C\u00f3rdoba, un 14 de mayo de 2004.<\/p>\n<div id='gallery_3' class='gallery galleryid-49053 gallery-columns-3 gallery-size-thumbnail'><figure class='gallery-item'>\n                <div class='gallery-icon portrait'>\n                    <a href='https:\/\/atecordoba.org\/wp-content\/uploads\/2025\/06\/Captura-de-pantalla-2025-06-06-095919.png'><img loading=\"lazy\" decoding=\"async\" width=\"150\" height=\"150\" src=\"\" class=\"attachment-thumbnail size-thumbnail lazyload\" alt=\"\" data-src=\"https:\/\/atecordoba.org\/wp-content\/uploads\/2025\/06\/Captura-de-pantalla-2025-06-06-095919-150x150.png\" data-sizes=\"auto\" data-srcset=\"https:\/\/atecordoba.org\/wp-content\/uploads\/2025\/06\/Captura-de-pantalla-2025-06-06-095919-150x150.png 150w, https:\/\/atecordoba.org\/wp-content\/uploads\/2025\/06\/Captura-de-pantalla-2025-06-06-095919-300x300.png 300w, https:\/\/atecordoba.org\/wp-content\/uploads\/2025\/06\/Captura-de-pantalla-2025-06-06-095919-560x560.png 560w, https:\/\/atecordoba.org\/wp-content\/uploads\/2025\/06\/Captura-de-pantalla-2025-06-06-095919-75x75.png 75w, https:\/\/atecordoba.org\/wp-content\/uploads\/2025\/06\/Captura-de-pantalla-2025-06-06-095919-350x350.png 350w, https:\/\/atecordoba.org\/wp-content\/uploads\/2025\/06\/Captura-de-pantalla-2025-06-06-095919.png 596w\" data-expand=\"700\" \/><\/a>\n                <\/div><\/figure><figure class='gallery-item'>\n                <div class='gallery-icon portrait'>\n                    <a href='https:\/\/atecordoba.org\/wp-content\/uploads\/2025\/06\/Captura-de-pantalla-2025-06-06-095708.png'><img loading=\"lazy\" decoding=\"async\" width=\"150\" height=\"150\" src=\"\" class=\"attachment-thumbnail size-thumbnail lazyload\" alt=\"\" data-src=\"https:\/\/atecordoba.org\/wp-content\/uploads\/2025\/06\/Captura-de-pantalla-2025-06-06-095708-150x150.png\" data-sizes=\"auto\" data-srcset=\"https:\/\/atecordoba.org\/wp-content\/uploads\/2025\/06\/Captura-de-pantalla-2025-06-06-095708-150x150.png 150w, https:\/\/atecordoba.org\/wp-content\/uploads\/2025\/06\/Captura-de-pantalla-2025-06-06-095708-300x300.png 300w, https:\/\/atecordoba.org\/wp-content\/uploads\/2025\/06\/Captura-de-pantalla-2025-06-06-095708-560x560.png 560w, https:\/\/atecordoba.org\/wp-content\/uploads\/2025\/06\/Captura-de-pantalla-2025-06-06-095708-75x75.png 75w, https:\/\/atecordoba.org\/wp-content\/uploads\/2025\/06\/Captura-de-pantalla-2025-06-06-095708-350x350.png 350w, https:\/\/atecordoba.org\/wp-content\/uploads\/2025\/06\/Captura-de-pantalla-2025-06-06-095708.png 598w\" data-expand=\"700\" \/><\/a>\n                <\/div><\/figure><figure class='gallery-item'>\n                <div class='gallery-icon portrait'>\n                    <a href='https:\/\/atecordoba.org\/wp-content\/uploads\/2025\/06\/Captura-de-pantalla-2025-06-06-095823.png'><img loading=\"lazy\" decoding=\"async\" width=\"150\" height=\"150\" src=\"\" class=\"attachment-thumbnail size-thumbnail lazyload\" alt=\"\" data-src=\"https:\/\/atecordoba.org\/wp-content\/uploads\/2025\/06\/Captura-de-pantalla-2025-06-06-095823-150x150.png\" data-sizes=\"auto\" data-srcset=\"https:\/\/atecordoba.org\/wp-content\/uploads\/2025\/06\/Captura-de-pantalla-2025-06-06-095823-150x150.png 150w, https:\/\/atecordoba.org\/wp-content\/uploads\/2025\/06\/Captura-de-pantalla-2025-06-06-095823-298x300.png 298w, https:\/\/atecordoba.org\/wp-content\/uploads\/2025\/06\/Captura-de-pantalla-2025-06-06-095823-560x560.png 560w, https:\/\/atecordoba.org\/wp-content\/uploads\/2025\/06\/Captura-de-pantalla-2025-06-06-095823-75x75.png 75w, https:\/\/atecordoba.org\/wp-content\/uploads\/2025\/06\/Captura-de-pantalla-2025-06-06-095823-350x350.png 350w, https:\/\/atecordoba.org\/wp-content\/uploads\/2025\/06\/Captura-de-pantalla-2025-06-06-095823.png 595w\" data-expand=\"700\" \/><\/a>\n                <\/div><\/figure><br style=\"clear: both\" \/>\n            <\/div>\n\n<p>En representaci\u00f3n del Consejo Directivo Provincial estuvieron presentes la secretaria de G\u00e9nero, Mar\u00eda Spaventa, y su par de Acci\u00f3n Pol\u00edtica, Alejandra Agnone.<\/p>\n<p>&#8220;Hablamos de lo que logramos, de lo que nos quieren quitar y de la fuerza del feminismo organizado frente al ajuste&#8221;, detall\u00f3 Spaventa.<\/p>\n<p>Desde ATE contamos c\u00f3mo impacta la precarizaci\u00f3n en las trabajadoras estatales ya que muchas quedaron sin trabajo tras el cierre del Ministerio de Mujeres.<\/p>\n<p>&#8220;Tambi\u00e9n hablamos de violencia laboral y del vaciamiento que vivimos en todos los niveles del Estado. \u00a1M\u00e1s que nunca, nos tenemos que encontrar y salir a defender nuestros derechos!&#8221;, complet\u00f3 Spaventa.<\/p>\n","protected":false},"excerpt":{"rendered":"<p>El pasado martes ATE C\u00f3rdoba estuvo presente, con compa\u00f1eras, activistas y dirigentes, en la multitudinaria marcha del 3J, elevando el grito feminista \u00a1basta de matarnos!,, por el fin de los feminicidios en la provincia y el pa\u00eds. La marcha parti\u00f3 de la esquina de Colon y Ca\u00f1ada para finalizar en el Patio Olmos, donde pudo [&hellip;]<\/p>\n","protected":false},"author":7,"featured_media":49054,"comment_status":"open","ping_status":"open","sticky":false,"template":"","format":"standard","meta":{"_exactmetrics_skip_tracking":false,"_exactmetrics_sitenote_active":false,"_exactmetrics_sitenote_note":"","_exactmetrics_sitenote_category":0,"jnews-multi-image_gallery":[],"jnews_single_post":{"format":"standard","override":[{"template":"1","parallax":"1","fullscreen":"1","layout":"no-sidebar-narrow","sidebar":"default-sidebar","second_sidebar":"default-sidebar","sticky_sidebar":"1","share_position":"bottom","share_float_style":"share-monocrhome","show_share_counter":"1","show_view_counter":"1","show_post_meta":"1","show_post_author_image":"1","show_post_date":"1","post_date_format":"default","post_date_format_custom":"Y\/m\/d","show_post_category":"1","show_post_reading_time":"0","post_reading_time_wpm":"300","post_calculate_word_method":"str_word_count","show_zoom_button":"0","zoom_button_out_step":"2","zoom_button_in_step":"3","show_post_tag":"1","number_popup_post":"1","show_post_related":"1","show_inline_post_related":"0"}],"image_override":[{"single_post_thumbnail_size":"crop-500","single_post_gallery_size":"crop-500"}],"trending_post_position":"meta","trending_post_label":"Trending","sponsored_post_label":"Sponsored by","disable_ad":"0"},"jnews_primary_category":[],"jnews_social_meta":[],"jnews_review":[],"enable_review":"","type":"percentage","name":"","summary":"","brand":"","sku":"","good":[],"bad":[],"score_override":"","override_value":"","rating":[],"price":[],"jnews_override_counter":{"view_counter_number":"0","share_counter_number":"0","like_counter_number":"0","dislike_counter_number":"0"},"jnews_post_split":{"post_split":[{"template":"1","tag":"h2","numbering":"asc","mode":"normal","first":"0","enable_toc":"0","toc_type":"normal"}]},"footnotes":""},"categories":[325],"tags":[1520,1160,1450,1519],"class_list":["post-49053","post","type-post","status-publish","format-standard","has-post-thumbnail","hentry","category-generos-y-diversidades","tag-3j","tag-cordoba-2","tag-feminicidios","tag-ni-una-menos"],"jetpack_featured_media_url":"https:\/\/atecordoba.org\/wp-content\/uploads\/2025\/06\/Captura-de-pantalla-2025-06-06-100453.png","_links":{"self":[{"href":"https:\/\/atecordoba.org\/index.php?rest_route=\/wp\/v2\/posts\/49053","targetHints":{"allow":["GET"]}}],"collection":[{"href":"https:\/\/atecordoba.org\/index.php?rest_route=\/wp\/v2\/posts"}],"about":[{"href":"https:\/\/atecordoba.org\/index.php?rest_route=\/wp\/v2\/types\/post"}],"author":[{"embeddable":true,"href":"https:\/\/atecordoba.org\/index.php?rest_route=\/wp\/v2\/users\/7"}],"replies":[{"embeddable":true,"href":"https:\/\/atecordoba.org\/index.php?rest_route=%2Fwp%2Fv2%2Fcomments&post=49053"}],"version-history":[{"count":1,"href":"https:\/\/atecordoba.org\/index.php?rest_route=\/wp\/v2\/posts\/49053\/revisions"}],"predecessor-version":[{"id":49064,"href":"https:\/\/atecordoba.org\/index.php?rest_route=\/wp\/v2\/posts\/49053\/revisions\/49064"}],"wp:featuredmedia":[{"embeddable":true,"href":"https:\/\/atecordoba.org\/index.php?rest_route=\/wp\/v2\/media\/49054"}],"wp:attachment":[{"href":"https:\/\/atecordoba.org\/index.php?rest_route=%2Fwp%2Fv2%2Fmedia&parent=49053"}],"wp:term":[{"taxonomy":"category","embeddable":true,"href":"https:\/\/atecordoba.org\/index.php?rest_route=%2Fwp%2Fv2%2Fcategories&post=49053"},{"taxonomy":"post_tag","embeddable":true,"href":"https:\/\/atecordoba.org\/index.php?rest_route=%2Fwp%2Fv2%2Ftags&post=49053"}],"curies":[{"name":"wp","href":"https:\/\/api.w.org\/{rel}","templated":true}]}}