{"id":49047,"date":"2025-06-05T12:03:48","date_gmt":"2025-06-05T15:03:48","guid":{"rendered":"https:\/\/atecordoba.org\/?p=49047"},"modified":"2025-06-05T12:03:48","modified_gmt":"2025-06-05T15:03:48","slug":"la-cta-a-cordoba-rechaza-el-proyecto-de-ley-antipiquetes-presentado-por-el-gobierno-en-la-legislatura","status":"publish","type":"post","link":"https:\/\/atecordoba.org\/?p=49047","title":{"rendered":"La CTA-A C\u00f3rdoba rechaza el proyecto de \u201cLey Antipiquetes\u201d presentado por el Gobierno en la Legislatura"},"content":{"rendered":"<p><img loading=\"lazy\" decoding=\"async\" class=\"aligncenter wp-image-49048 \" src=\"https:\/\/atecordoba.org\/wp-content\/uploads\/2025\/06\/nadia-fernandez.webp\" alt=\"\" width=\"607\" height=\"364\" srcset=\"https:\/\/atecordoba.org\/wp-content\/uploads\/2025\/06\/nadia-fernandez.webp 790w, https:\/\/atecordoba.org\/wp-content\/uploads\/2025\/06\/nadia-fernandez-300x180.webp 300w, https:\/\/atecordoba.org\/wp-content\/uploads\/2025\/06\/nadia-fernandez-768x461.webp 768w, https:\/\/atecordoba.org\/wp-content\/uploads\/2025\/06\/nadia-fernandez-750x450.webp 750w\" sizes=\"auto, (max-width: 607px) 100vw, 607px\" \/>\u201cLa Comisi\u00f3n Ejecutiva Provincial de la CTA Aut\u00f3noma C\u00f3rdoba rechaza y repudia el proyecto de \u2018Ley Antipiquetes\u2019 que fue presentado por la legisladora justicialista y presidenta de la Comisi\u00f3n de Seguridad, Nadia Fern\u00e1ndez (foto), a pedido del Ministro de Seguridad, Juan Pablo Quinteros, que toma elementos del Protocolo del Ministerio de Seguridad de Patricia Bullrich, y determina modificaciones del C\u00f3digo de Convivencia Provincial\u201d.<\/p>\n<p>\u201cA tono con el clima de \u00e9poca marcado por la ultraderecha que lleva a \u2018naturalizar\u2019 la ferocidad con la act\u00faan de las Fuerzas de Seguridad -expuestas en vivo y en directo por televisi\u00f3n todos los mi\u00e9rcoles cuando golpean y gasean a los jubilados que reclaman frente al Congreso de la Naci\u00f3n-, el gobernador Mart\u00edn Llaryora insiste en el punitivismo como \u00fanica salida, propiciando la mano dura para habilitar que la Polic\u00eda<em>\u00a0<\/em>pueda reprimir las manifestaciones de protesta en nuestra provincia\u201d.<\/p>\n<p>Para la Central, \u201ces inaceptable que ante la crisis social y econ\u00f3mica imperante, donde la lucha se profundiza, las pr\u00e1cticas persecutorias y criminalizadoras de la protesta social se refuercen. Una decisi\u00f3n de estas caracter\u00edsticas pretende constituirse en un mecanismo disciplinador y de amedrentamiento para quienes luchan ejerciendo el derecho constitucional a protestar\u201d.<\/p>\n<p>\u201cRepudiamos el proyecto de aplicar el \u2018Protocolo Antipiquetes\u2019 de Bullrich en C\u00f3rdoba presentado por la legisladora Nadia Fern\u00e1ndez y avalado por el Ministro Quinteros. Ni luchar ni protestar es delito. Desde nuestra Central no claudicaremos en este reclamo y seguiremos defendiendo los derechos humanos en la calle\u201d, se\u00f1ala la nota.<\/p>\n<p>\u201cRechazamos la ofensiva pol\u00edtica, judicial, policial y medi\u00e1tica contra el pueblo trabajador que no espera de brazos cruzados ser \u2018carneado\u2019 por el ajuste Milei y Llaryora que lo arroja a la banquina y lo deja sin futuro. El Gobierno tiene que tener \u2018tolerancia cero\u2019 con la corrupci\u00f3n, la violencia institucional de la Polic\u00eda, el hambre, la pobreza y la marginalidad, en lugar de asediar a los que luchan para que vuelva a imperar la Justicia Social\u201d, concluye el comunicado de la CTA-A de la provincia de C\u00f3rdoba.<\/p>\n","protected":false},"excerpt":{"rendered":"<p>\u201cLa Comisi\u00f3n Ejecutiva Provincial de la CTA Aut\u00f3noma C\u00f3rdoba rechaza y repudia el proyecto de \u2018Ley Antipiquetes\u2019 que fue presentado por la legisladora justicialista y presidenta de la Comisi\u00f3n de Seguridad, Nadia Fern\u00e1ndez (foto), a pedido del Ministro de Seguridad, Juan Pablo Quinteros, que toma elementos del Protocolo del Ministerio de Seguridad de Patricia Bullrich, [&hellip;]<\/p>\n","protected":false},"author":7,"featured_media":49048,"comment_status":"open","ping_status":"open","sticky":false,"template":"","format":"standard","meta":{"_exactmetrics_skip_tracking":false,"_exactmetrics_sitenote_active":false,"_exactmetrics_sitenote_note":"","_exactmetrics_sitenote_category":0,"jnews-multi-image_gallery":[],"jnews_single_post":{"format":"standard","override":[{"template":"1","parallax":"1","fullscreen":"1","layout":"no-sidebar-narrow","sidebar":"default-sidebar","second_sidebar":"default-sidebar","sticky_sidebar":"1","share_position":"bottom","share_float_style":"share-monocrhome","show_share_counter":"1","show_view_counter":"1","show_post_meta":"1","show_post_author_image":"1","show_post_date":"1","post_date_format":"default","post_date_format_custom":"Y\/m\/d","show_post_category":"1","show_post_reading_time":"0","post_reading_time_wpm":"300","post_calculate_word_method":"str_word_count","show_zoom_button":"0","zoom_button_out_step":"2","zoom_button_in_step":"3","show_post_tag":"1","number_popup_post":"1","show_post_related":"1","show_inline_post_related":"0"}],"image_override":[{"single_post_thumbnail_size":"crop-500","single_post_gallery_size":"crop-500"}],"trending_post_position":"meta","trending_post_label":"Trending","sponsored_post_label":"Sponsored by","disable_ad":"0"},"jnews_primary_category":[],"jnews_social_meta":[],"jnews_review":[],"enable_review":"","type":"percentage","name":"","summary":"","brand":"","sku":"","good":[],"bad":[],"score_override":"","override_value":"","rating":[],"price":[],"jnews_override_counter":{"view_counter_number":"0","share_counter_number":"0","like_counter_number":"0","dislike_counter_number":"0"},"jnews_post_split":{"post_split":[{"template":"1","tag":"h2","numbering":"asc","mode":"normal","first":"0","enable_toc":"0","toc_type":"normal"}]},"footnotes":""},"categories":[10],"tags":[],"class_list":["post-49047","post","type-post","status-publish","format-standard","has-post-thumbnail","hentry","category-accion-politica"],"jetpack_featured_media_url":"https:\/\/atecordoba.org\/wp-content\/uploads\/2025\/06\/nadia-fernandez.webp","_links":{"self":[{"href":"https:\/\/atecordoba.org\/index.php?rest_route=\/wp\/v2\/posts\/49047","targetHints":{"allow":["GET"]}}],"collection":[{"href":"https:\/\/atecordoba.org\/index.php?rest_route=\/wp\/v2\/posts"}],"about":[{"href":"https:\/\/atecordoba.org\/index.php?rest_route=\/wp\/v2\/types\/post"}],"author":[{"embeddable":true,"href":"https:\/\/atecordoba.org\/index.php?rest_route=\/wp\/v2\/users\/7"}],"replies":[{"embeddable":true,"href":"https:\/\/atecordoba.org\/index.php?rest_route=%2Fwp%2Fv2%2Fcomments&post=49047"}],"version-history":[{"count":1,"href":"https:\/\/atecordoba.org\/index.php?rest_route=\/wp\/v2\/posts\/49047\/revisions"}],"predecessor-version":[{"id":49049,"href":"https:\/\/atecordoba.org\/index.php?rest_route=\/wp\/v2\/posts\/49047\/revisions\/49049"}],"wp:featuredmedia":[{"embeddable":true,"href":"https:\/\/atecordoba.org\/index.php?rest_route=\/wp\/v2\/media\/49048"}],"wp:attachment":[{"href":"https:\/\/atecordoba.org\/index.php?rest_route=%2Fwp%2Fv2%2Fmedia&parent=49047"}],"wp:term":[{"taxonomy":"category","embeddable":true,"href":"https:\/\/atecordoba.org\/index.php?rest_route=%2Fwp%2Fv2%2Fcategories&post=49047"},{"taxonomy":"post_tag","embeddable":true,"href":"https:\/\/atecordoba.org\/index.php?rest_route=%2Fwp%2Fv2%2Ftags&post=49047"}],"curies":[{"name":"wp","href":"https:\/\/api.w.org\/{rel}","templated":true}]}}