{"id":49034,"date":"2025-06-04T10:33:50","date_gmt":"2025-06-04T13:33:50","guid":{"rendered":"https:\/\/atecordoba.org\/?p=49034"},"modified":"2025-06-04T13:59:48","modified_gmt":"2025-06-04T16:59:48","slug":"anac-asambleas-en-cordoba-y-todo-el-pais-por-las-amenazas-de-reducir-un-50-el-personal","status":"publish","type":"post","link":"https:\/\/atecordoba.org\/?p=49034","title":{"rendered":"ANAC: asambleas en C\u00f3rdoba y todo el pa\u00eds por las amenazas de reducir un 50% el personal"},"content":{"rendered":"<figure id=\"attachment_49035\" aria-describedby=\"caption-attachment-49035\" style=\"width: 627px\" class=\"wp-caption aligncenter\"><img loading=\"lazy\" decoding=\"async\" class=\"wp-image-49035 \" src=\"https:\/\/atecordoba.org\/wp-content\/uploads\/2025\/06\/WhatsApp-Image-2020-11-05-at-11.16.12-1-1024x576.jpeg\" alt=\"\" width=\"627\" height=\"353\" \/><figcaption id=\"caption-attachment-49035\" class=\"wp-caption-text\">(Archivo)<\/figcaption><\/figure>\n<p>Tras conocerse el <a href=\"https:\/\/atecordoba.org\/?p=49030\">proyecto del gobierno de Milei<\/a> para reducir en\u00a0 un 50% el plantel de personal de la Administraci\u00f3n Nacional de Aviaci\u00f3n Civil (ANAC), tal como ATE hab\u00eda anunciado hoy comenzaron a desarrollarse las asambleas en todos los aeropuertos del pa\u00eds donde las y los compa\u00f1eros ser\u00e1n informados respecto a las condiciones del proyecto oficial, que va en l\u00ednea con el vaciamiento y destrucci\u00f3n de los organismos estatales.<\/p>\n<p>En el caso de la ANAC, la medida podr\u00e1 en una severa crisis de funcionamiento a un organismo fundamental para garantizar la seguridad de la aviaci\u00f3n civil, con el riesgo que ello implica para la viabilidad del funcionamiento de la aviaci\u00f3n de cabotaje y de los vuelos internacionales.<\/p>\n<p>\u201cEste ajuste que pretenden llevar adelante en la ANAC es salvaje y absolutamente injustificado. Existen auditor\u00edas internacionales que han se\u00f1alado la falta de personal\u201d, denunci\u00f3 ayer el secretario General de ATE Nacional, Rodolfo Aguiar.<\/p>\n<p>De aplicarse la ola de despidos\u00a0793 agentes podr\u00edan abandonar la ANAC.<\/p>\n<p>&#8220;La ANAC tiene una gran parte de la planta con alto promedio de gente mayor de 60 a\u00f1os, que estar\u00eda en condiciones se tomar los retiros voluntarios&#8221;, explic\u00f3 hoy el secretario de Acci\u00f3n Social del Consejo Directivo Provincial y trabajador de la ANAC en el Aeropuerto C\u00f3rdoba, Agust\u00edn Bertone. \u201cEste ajuste tambi\u00e9n afectar\u00e1 a m\u00e1s de 300 trabajadores precarizados con contratos OACI y los denominados art\u00edculo 9 (planta transitoria)\u201d, agreg\u00f3.<\/p>\n<p>ATE responsabiliza directamente al Gobierno por los inconvenientes que puedan surgir en los aeropuertos de todo el pa\u00eds tanto a los usuarios, al personal en general y a todos los actores del sistema aeroportuario.<\/p>\n<p>En ese marco, desde las 9 horas comenz\u00f3 una asamblea en el aeropuerto Ezeiza, en tanto en C\u00f3rdoba la asamblea en la Regional Noroeste se inici\u00f3 a las 10 horas, y en la Direcci\u00f3n de Certificaciones Aeron\u00e1uticas se realizar\u00e1 a partir del mediod\u00eda. La medida se replica en todos los puntos del pa\u00eds.<\/p>\n<p>&#8220;En el caso que esto no surja efecto la semana que viene se profundizar\u00e1n la semana que viene y no descartamos el cese de toda la actividad a\u00e9rea comercial. Ese es el norte&#8221;, resumi\u00f3 Bertone.<\/p>\n","protected":false},"excerpt":{"rendered":"<p>Tras conocerse el proyecto del gobierno de Milei para reducir en\u00a0 un 50% el plantel de personal de la Administraci\u00f3n Nacional de Aviaci\u00f3n Civil (ANAC), tal como ATE hab\u00eda anunciado hoy comenzaron a desarrollarse las asambleas en todos los aeropuertos del pa\u00eds donde las y los compa\u00f1eros ser\u00e1n informados respecto a las condiciones del proyecto [&hellip;]<\/p>\n","protected":false},"author":7,"featured_media":49035,"comment_status":"open","ping_status":"open","sticky":false,"template":"","format":"standard","meta":{"_exactmetrics_skip_tracking":false,"_exactmetrics_sitenote_active":false,"_exactmetrics_sitenote_note":"","_exactmetrics_sitenote_category":0,"jnews-multi-image_gallery":[],"jnews_single_post":{"format":"standard","override":[{"template":"1","parallax":"1","fullscreen":"1","layout":"no-sidebar-narrow","sidebar":"default-sidebar","second_sidebar":"default-sidebar","sticky_sidebar":"1","share_position":"bottom","share_float_style":"share-monocrhome","show_share_counter":"1","show_view_counter":"1","show_post_meta":"1","show_post_author_image":"1","show_post_date":"1","post_date_format":"default","post_date_format_custom":"Y\/m\/d","show_post_category":"1","show_post_reading_time":"0","post_reading_time_wpm":"300","post_calculate_word_method":"str_word_count","show_zoom_button":"0","zoom_button_out_step":"2","zoom_button_in_step":"3","show_post_tag":"1","number_popup_post":"1","show_post_related":"1","show_inline_post_related":"0"}],"image_override":[{"single_post_thumbnail_size":"crop-500","single_post_gallery_size":"crop-500"}],"trending_post_position":"meta","trending_post_label":"Trending","sponsored_post_label":"Sponsored by","disable_ad":"0"},"jnews_primary_category":[],"jnews_social_meta":[],"jnews_review":[],"enable_review":"","type":"percentage","name":"","summary":"","brand":"","sku":"","good":[],"bad":[],"score_override":"","override_value":"","rating":[],"price":[],"jnews_override_counter":{"view_counter_number":"0","share_counter_number":"0","like_counter_number":"0","dislike_counter_number":"0"},"jnews_post_split":{"post_split":[{"template":"1","tag":"h2","numbering":"asc","mode":"normal","first":"0","enable_toc":"0","toc_type":"normal"}]},"footnotes":""},"categories":[18],"tags":[],"class_list":["post-49034","post","type-post","status-publish","format-standard","has-post-thumbnail","hentry","category-nacionales"],"jetpack_featured_media_url":"https:\/\/atecordoba.org\/wp-content\/uploads\/2025\/06\/WhatsApp-Image-2020-11-05-at-11.16.12-1-e1749043944423.jpeg","_links":{"self":[{"href":"https:\/\/atecordoba.org\/index.php?rest_route=\/wp\/v2\/posts\/49034","targetHints":{"allow":["GET"]}}],"collection":[{"href":"https:\/\/atecordoba.org\/index.php?rest_route=\/wp\/v2\/posts"}],"about":[{"href":"https:\/\/atecordoba.org\/index.php?rest_route=\/wp\/v2\/types\/post"}],"author":[{"embeddable":true,"href":"https:\/\/atecordoba.org\/index.php?rest_route=\/wp\/v2\/users\/7"}],"replies":[{"embeddable":true,"href":"https:\/\/atecordoba.org\/index.php?rest_route=%2Fwp%2Fv2%2Fcomments&post=49034"}],"version-history":[{"count":3,"href":"https:\/\/atecordoba.org\/index.php?rest_route=\/wp\/v2\/posts\/49034\/revisions"}],"predecessor-version":[{"id":49045,"href":"https:\/\/atecordoba.org\/index.php?rest_route=\/wp\/v2\/posts\/49034\/revisions\/49045"}],"wp:featuredmedia":[{"embeddable":true,"href":"https:\/\/atecordoba.org\/index.php?rest_route=\/wp\/v2\/media\/49035"}],"wp:attachment":[{"href":"https:\/\/atecordoba.org\/index.php?rest_route=%2Fwp%2Fv2%2Fmedia&parent=49034"}],"wp:term":[{"taxonomy":"category","embeddable":true,"href":"https:\/\/atecordoba.org\/index.php?rest_route=%2Fwp%2Fv2%2Fcategories&post=49034"},{"taxonomy":"post_tag","embeddable":true,"href":"https:\/\/atecordoba.org\/index.php?rest_route=%2Fwp%2Fv2%2Ftags&post=49034"}],"curies":[{"name":"wp","href":"https:\/\/api.w.org\/{rel}","templated":true}]}}