{"id":49030,"date":"2025-06-03T13:28:48","date_gmt":"2025-06-03T16:28:48","guid":{"rendered":"https:\/\/atecordoba.org\/?p=49030"},"modified":"2025-06-03T13:28:48","modified_gmt":"2025-06-03T16:28:48","slug":"el-gobierno-amenaza-con-reducir-un-50-la-planta-de-anac-y-ate-protesta-manana-en-todos-los-aeropuertos-del-pais","status":"publish","type":"post","link":"https:\/\/atecordoba.org\/?p=49030","title":{"rendered":"El Gobierno amenaza con reducir un 50% la planta de ANAC y ATE protesta ma\u00f1ana en todos los aeropuertos del pa\u00eds"},"content":{"rendered":"<p><img loading=\"lazy\" decoding=\"async\" class=\"aligncenter wp-image-49031 \" src=\"https:\/\/atecordoba.org\/wp-content\/uploads\/2025\/06\/barredora-ate-1024x682.jpg\" alt=\"\" width=\"633\" height=\"422\" srcset=\"https:\/\/atecordoba.org\/wp-content\/uploads\/2025\/06\/barredora-ate-1024x682.jpg 1024w, https:\/\/atecordoba.org\/wp-content\/uploads\/2025\/06\/barredora-ate-300x200.jpg 300w, https:\/\/atecordoba.org\/wp-content\/uploads\/2025\/06\/barredora-ate-768x512.jpg 768w, https:\/\/atecordoba.org\/wp-content\/uploads\/2025\/06\/barredora-ate-1536x1023.jpg 1536w, https:\/\/atecordoba.org\/wp-content\/uploads\/2025\/06\/barredora-ate-750x500.jpg 750w, https:\/\/atecordoba.org\/wp-content\/uploads\/2025\/06\/barredora-ate-1140x760.jpg 1140w, https:\/\/atecordoba.org\/wp-content\/uploads\/2025\/06\/barredora-ate.jpg 1600w\" sizes=\"auto, (max-width: 633px) 100vw, 633px\" \/><\/p>\n<p>La Asociaci\u00f3n Trabajadores del Estado (ATE) accedi\u00f3 a un documento oficial de la Administraci\u00f3n Nacional de Aviaci\u00f3n Civil (ANAC) en el que se planea un recorte del 50% de la planta y el inicio de un proceso de retiros voluntarios. Ante esta situaci\u00f3n, el sindicato protestar\u00e1 ma\u00f1ana mi\u00e9rcoles 4 de junio en todos los aeropuertos del pa\u00eds y eval\u00faa profundizar las medidas de fuerza afectando todos los vuelos antes de fin de mes.<\/p>\n<p>\u201cTiene que quedar claro que no somos los trabajadores, sino las pol\u00edticas del Gobierno las que ponen en riesgo la seguridad de las operaciones aerocomerciales. Sin lugar a dudas, este proyecto para reducir m\u00e1s de un 50% la planta de personal de la ANAC que se filtr\u00f3 est\u00e1 orientado a producir el vaciamiento del organismo como intento de que el mismo sea privatizado\u201d, se\u00f1al\u00f3 Rodolfo Aguiar, Secretario General de ATE Nacional.<\/p>\n<p>\u201cEste ajuste que pretenden llevar adelante en la ANAC es salvaje y absolutamente injustificado. Existen auditor\u00edas internacionales que han se\u00f1alado la falta de personal\u201d, agreg\u00f3 el dirigente estatal.<\/p>\n<p>\u201cEste mi\u00e9rcoles vamos a protestar en todos los aeropuertos pero el mandato de las asambleas y los plenarios es claro: si no existen respuestas, la pr\u00f3xima semana vamos a profundizar nuestra medida y no descartamos la paralizaci\u00f3n total de las actividades\u201d, concluy\u00f3 el Secretario General de ATE Nacional.<\/p>\n<p>El plan de recorte implica la reducci\u00f3n de 793 agentes de la planta permanente de los 1554 que hay en la actualidad a partir de sus pases a disponibilidad, jubilaciones y el cambio de funciones sin las especificaciones necesarias. Luego de esa masiva reducci\u00f3n, se ofrecer\u00edan retiros voluntarios que comprender\u00eda a alrededor de 600 agentes para continuar con el plan de achique del organismo.<\/p>\n<p>Este ajuste tambi\u00e9n afectar\u00e1 a m\u00e1s de 300 trabajadores precarizados con contratos y los denominados art\u00edculo 9.<\/p>\n<p>Cabe recordar que en los \u00faltimos d\u00edas asumi\u00f3 mediante el Decreto 360\/25 el nuevo administrador nacional del organismo, Oscar Villabona.<\/p>\n<p>La ANAC es el organismo estatal que regula las actividades de aviaci\u00f3n civil en m\u00e1s de 27 aeropuertos de todo el territorio argentino. Su funci\u00f3n es regular y fiscalizar esta actividad en el pa\u00eds para optimizar la seguridad operacional en el espacio a\u00e9reo argentino, como as\u00ed tambi\u00e9n en los aeropuertos y aer\u00f3dromos.<\/p>\n<p>Es por eso que ATE responsabiliza directamente al Gobierno por los inconvenientes que puedan surgir en los aeropuertos de todo el pa\u00eds tanto a los usuarios, al personal en general y a todos los actores del sistema aeroportuario.<\/p>\n","protected":false},"excerpt":{"rendered":"<p>La Asociaci\u00f3n Trabajadores del Estado (ATE) accedi\u00f3 a un documento oficial de la Administraci\u00f3n Nacional de Aviaci\u00f3n Civil (ANAC) en el que se planea un recorte del 50% de la planta y el inicio de un proceso de retiros voluntarios. Ante esta situaci\u00f3n, el sindicato protestar\u00e1 ma\u00f1ana mi\u00e9rcoles 4 de junio en todos los aeropuertos [&hellip;]<\/p>\n","protected":false},"author":7,"featured_media":49031,"comment_status":"open","ping_status":"open","sticky":false,"template":"","format":"standard","meta":{"_exactmetrics_skip_tracking":false,"_exactmetrics_sitenote_active":false,"_exactmetrics_sitenote_note":"","_exactmetrics_sitenote_category":0,"jnews-multi-image_gallery":[],"jnews_single_post":{"format":"standard","override":[{"template":"1","parallax":"1","fullscreen":"1","layout":"no-sidebar-narrow","sidebar":"default-sidebar","second_sidebar":"default-sidebar","sticky_sidebar":"1","share_position":"bottom","share_float_style":"share-monocrhome","show_share_counter":"1","show_view_counter":"1","show_post_meta":"1","show_post_author_image":"1","show_post_date":"1","post_date_format":"default","post_date_format_custom":"Y\/m\/d","show_post_category":"1","show_post_reading_time":"0","post_reading_time_wpm":"300","post_calculate_word_method":"str_word_count","show_zoom_button":"0","zoom_button_out_step":"2","zoom_button_in_step":"3","show_post_tag":"1","number_popup_post":"1","show_post_related":"1","show_inline_post_related":"0"}],"image_override":[{"single_post_thumbnail_size":"crop-500","single_post_gallery_size":"crop-500"}],"trending_post_position":"meta","trending_post_label":"Trending","sponsored_post_label":"Sponsored by","disable_ad":"0"},"jnews_primary_category":[],"jnews_social_meta":[],"jnews_review":[],"enable_review":"","type":"percentage","name":"","summary":"","brand":"","sku":"","good":[],"bad":[],"score_override":"","override_value":"","rating":[],"price":[],"jnews_override_counter":{"view_counter_number":"0","share_counter_number":"0","like_counter_number":"0","dislike_counter_number":"0"},"jnews_post_split":{"post_split":[{"template":"1","tag":"h2","numbering":"asc","mode":"normal","first":"0","enable_toc":"0","toc_type":"normal"}]},"footnotes":""},"categories":[18],"tags":[],"class_list":["post-49030","post","type-post","status-publish","format-standard","has-post-thumbnail","hentry","category-nacionales"],"jetpack_featured_media_url":"https:\/\/atecordoba.org\/wp-content\/uploads\/2025\/06\/barredora-ate.jpg","_links":{"self":[{"href":"https:\/\/atecordoba.org\/index.php?rest_route=\/wp\/v2\/posts\/49030","targetHints":{"allow":["GET"]}}],"collection":[{"href":"https:\/\/atecordoba.org\/index.php?rest_route=\/wp\/v2\/posts"}],"about":[{"href":"https:\/\/atecordoba.org\/index.php?rest_route=\/wp\/v2\/types\/post"}],"author":[{"embeddable":true,"href":"https:\/\/atecordoba.org\/index.php?rest_route=\/wp\/v2\/users\/7"}],"replies":[{"embeddable":true,"href":"https:\/\/atecordoba.org\/index.php?rest_route=%2Fwp%2Fv2%2Fcomments&post=49030"}],"version-history":[{"count":1,"href":"https:\/\/atecordoba.org\/index.php?rest_route=\/wp\/v2\/posts\/49030\/revisions"}],"predecessor-version":[{"id":49032,"href":"https:\/\/atecordoba.org\/index.php?rest_route=\/wp\/v2\/posts\/49030\/revisions\/49032"}],"wp:featuredmedia":[{"embeddable":true,"href":"https:\/\/atecordoba.org\/index.php?rest_route=\/wp\/v2\/media\/49031"}],"wp:attachment":[{"href":"https:\/\/atecordoba.org\/index.php?rest_route=%2Fwp%2Fv2%2Fmedia&parent=49030"}],"wp:term":[{"taxonomy":"category","embeddable":true,"href":"https:\/\/atecordoba.org\/index.php?rest_route=%2Fwp%2Fv2%2Fcategories&post=49030"},{"taxonomy":"post_tag","embeddable":true,"href":"https:\/\/atecordoba.org\/index.php?rest_route=%2Fwp%2Fv2%2Ftags&post=49030"}],"curies":[{"name":"wp","href":"https:\/\/api.w.org\/{rel}","templated":true}]}}