{"id":49025,"date":"2025-06-03T12:33:25","date_gmt":"2025-06-03T15:33:25","guid":{"rendered":"https:\/\/atecordoba.org\/?p=49025"},"modified":"2025-06-03T12:33:25","modified_gmt":"2025-06-03T15:33:25","slug":"salida-de-la-oms-ate-repudia-el-desmantelamiento-del-sistema-sanitario-nacional","status":"publish","type":"post","link":"https:\/\/atecordoba.org\/?p=49025","title":{"rendered":"Salida de la OMS: ATE repudia el desmantelamiento del sistema sanitario nacional"},"content":{"rendered":"<p><img loading=\"lazy\" decoding=\"async\" class=\"aligncenter wp-image-49026 size-full\" src=\"https:\/\/atecordoba.org\/wp-content\/uploads\/2025\/06\/Captura-de-pantalla-2025-06-03-094106.png\" alt=\"\" width=\"463\" height=\"508\" srcset=\"https:\/\/atecordoba.org\/wp-content\/uploads\/2025\/06\/Captura-de-pantalla-2025-06-03-094106.png 463w, https:\/\/atecordoba.org\/wp-content\/uploads\/2025\/06\/Captura-de-pantalla-2025-06-03-094106-273x300.png 273w\" sizes=\"auto, (max-width: 463px) 100vw, 463px\" \/>Ayer el Gobierno anunci\u00f3 una modificaci\u00f3n del modelo sanitario que, entre otras cosas, implica una ralentizaci\u00f3n en la entrega de los medicamentos a las infancias y una revisi\u00f3n general de las vacunas, adem\u00e1s de reafirmar la intenci\u00f3n del gobierno de salir de la Organizaci\u00f3n Mundial de la Salud (OMS).<\/p>\n<p>Esta decisi\u00f3n se suma a otras medidas tomadas por la gesti\u00f3n de Javier Milei como el recorte en la entrega de medicamentos contra el VIH, la eliminaci\u00f3n del Plan ENIA, la falta de entrega de medicamentos oncol\u00f3gicos y las obstaculizaci\u00f3n para la cobertura de medicamentos gratuitos a lxs jubiladxs.<\/p>\n<p><img loading=\"lazy\" decoding=\"async\" class=\"aligncenter wp-image-49027 \" src=\"https:\/\/atecordoba.org\/wp-content\/uploads\/2025\/06\/garrahan.jpg\" alt=\"\" width=\"618\" height=\"347\" srcset=\"https:\/\/atecordoba.org\/wp-content\/uploads\/2025\/06\/garrahan.jpg 1010w, https:\/\/atecordoba.org\/wp-content\/uploads\/2025\/06\/garrahan-300x168.jpg 300w, https:\/\/atecordoba.org\/wp-content\/uploads\/2025\/06\/garrahan-768x431.jpg 768w, https:\/\/atecordoba.org\/wp-content\/uploads\/2025\/06\/garrahan-750x421.jpg 750w\" sizes=\"auto, (max-width: 618px) 100vw, 618px\" \/><\/p>\n<p>El gobierno sostiene que las nuevas medidas se enmarcan en la b\u00fasqueda de mayor \u201csoberan\u00eda\u201d pero lo anuncia junto al secretario de Salud de Estados Unidos. Justo el d\u00eda en que el Hospital Garrahan se declara en emergencia y en situaci\u00f3n de colapso.<\/p>\n<p>Las consecuencias del desmantelamiento del sector sanitario afectan directamente a lxs ciudadanxs que requieren mayor asistencia: las infancias, lxs jubiladxs, las personas con discapacidad y las personas que transitan enfermedades.<\/p>\n","protected":false},"excerpt":{"rendered":"<p>Ayer el Gobierno anunci\u00f3 una modificaci\u00f3n del modelo sanitario que, entre otras cosas, implica una ralentizaci\u00f3n en la entrega de los medicamentos a las infancias y una revisi\u00f3n general de las vacunas, adem\u00e1s de reafirmar la intenci\u00f3n del gobierno de salir de la Organizaci\u00f3n Mundial de la Salud (OMS). Esta decisi\u00f3n se suma a otras [&hellip;]<\/p>\n","protected":false},"author":7,"featured_media":49027,"comment_status":"open","ping_status":"open","sticky":false,"template":"","format":"standard","meta":{"_exactmetrics_skip_tracking":false,"_exactmetrics_sitenote_active":false,"_exactmetrics_sitenote_note":"","_exactmetrics_sitenote_category":0,"jnews-multi-image_gallery":[],"jnews_single_post":{"format":"standard","override":[{"template":"1","parallax":"1","fullscreen":"1","layout":"no-sidebar-narrow","sidebar":"default-sidebar","second_sidebar":"default-sidebar","sticky_sidebar":"1","share_position":"bottom","share_float_style":"share-monocrhome","show_share_counter":"1","show_view_counter":"1","show_post_meta":"1","show_post_author_image":"1","show_post_date":"1","post_date_format":"default","post_date_format_custom":"Y\/m\/d","show_post_category":"1","show_post_reading_time":"0","post_reading_time_wpm":"300","post_calculate_word_method":"str_word_count","show_zoom_button":"0","zoom_button_out_step":"2","zoom_button_in_step":"3","show_post_tag":"1","number_popup_post":"1","show_post_related":"1","show_inline_post_related":"0"}],"image_override":[{"single_post_thumbnail_size":"crop-500","single_post_gallery_size":"crop-500"}],"trending_post_position":"meta","trending_post_label":"Trending","sponsored_post_label":"Sponsored by","disable_ad":"0"},"jnews_primary_category":[],"jnews_social_meta":[],"jnews_review":[],"enable_review":"","type":"percentage","name":"","summary":"","brand":"","sku":"","good":[],"bad":[],"score_override":"","override_value":"","rating":[],"price":[],"jnews_override_counter":{"view_counter_number":"0","share_counter_number":"0","like_counter_number":"0","dislike_counter_number":"0"},"jnews_post_split":{"post_split":[{"template":"1","tag":"h2","numbering":"asc","mode":"normal","first":"0","enable_toc":"0","toc_type":"normal"}]},"footnotes":""},"categories":[756],"tags":[],"class_list":["post-49025","post","type-post","status-publish","format-standard","has-post-thumbnail","hentry","category-consejo-directivo-nacional-cdn"],"jetpack_featured_media_url":"https:\/\/atecordoba.org\/wp-content\/uploads\/2025\/06\/garrahan.jpg","_links":{"self":[{"href":"https:\/\/atecordoba.org\/index.php?rest_route=\/wp\/v2\/posts\/49025","targetHints":{"allow":["GET"]}}],"collection":[{"href":"https:\/\/atecordoba.org\/index.php?rest_route=\/wp\/v2\/posts"}],"about":[{"href":"https:\/\/atecordoba.org\/index.php?rest_route=\/wp\/v2\/types\/post"}],"author":[{"embeddable":true,"href":"https:\/\/atecordoba.org\/index.php?rest_route=\/wp\/v2\/users\/7"}],"replies":[{"embeddable":true,"href":"https:\/\/atecordoba.org\/index.php?rest_route=%2Fwp%2Fv2%2Fcomments&post=49025"}],"version-history":[{"count":1,"href":"https:\/\/atecordoba.org\/index.php?rest_route=\/wp\/v2\/posts\/49025\/revisions"}],"predecessor-version":[{"id":49028,"href":"https:\/\/atecordoba.org\/index.php?rest_route=\/wp\/v2\/posts\/49025\/revisions\/49028"}],"wp:featuredmedia":[{"embeddable":true,"href":"https:\/\/atecordoba.org\/index.php?rest_route=\/wp\/v2\/media\/49027"}],"wp:attachment":[{"href":"https:\/\/atecordoba.org\/index.php?rest_route=%2Fwp%2Fv2%2Fmedia&parent=49025"}],"wp:term":[{"taxonomy":"category","embeddable":true,"href":"https:\/\/atecordoba.org\/index.php?rest_route=%2Fwp%2Fv2%2Fcategories&post=49025"},{"taxonomy":"post_tag","embeddable":true,"href":"https:\/\/atecordoba.org\/index.php?rest_route=%2Fwp%2Fv2%2Ftags&post=49025"}],"curies":[{"name":"wp","href":"https:\/\/api.w.org\/{rel}","templated":true}]}}