{"id":4901,"date":"2014-12-11T19:02:06","date_gmt":"2014-12-11T22:02:06","guid":{"rendered":"http:\/\/www.atecordoba.org\/?p=4901"},"modified":"2014-12-11T19:02:06","modified_gmt":"2014-12-11T22:02:06","slug":"finalizo-el-campeonato-de-futbol-cinco-victor-soria","status":"publish","type":"post","link":"https:\/\/atecordoba.org\/?p=4901","title":{"rendered":"Finaliz\u00f3 el Campeonato de F\u00fatbol Cinco \u2018V\u00edctor Soria\u2019"},"content":{"rendered":"<p><em>El pasado mi\u00e9rcoles 10 de diciembre finaliz\u00f3 el campeonato de futbol organizado por la Secretaria de Acci\u00f3n Social del CDP de ATE. En la oportunidad participaci\u00f3n ocho equipos, representantes de Anses, Desarrollo Social, Dioxitek, PAMI, Hospital Tr\u00e1nsito C\u00e1ceres de Allende, Aeropuerto C\u00f3rdoba, Hospital de Ni\u00f1os y Personal Civil del Barrio Militar General.<\/em><\/p>\n<figure id=\"attachment_4902\" aria-describedby=\"caption-attachment-4902\" style=\"width: 500px\" class=\"wp-caption aligncenter\"><a href=\"http:\/\/www.atecordoba.org\/wp-content\/uploads\/2014\/12\/desarrollo-social-campeones-qeu-va-e1418334828142.jpg\"><img loading=\"lazy\" decoding=\"async\" class=\"wp-image-4902 size-full\" src=\"http:\/\/www.atecordoba.org\/wp-content\/uploads\/2014\/12\/desarrollo-social-campeones-qeu-va-e1418334828142.jpg\" alt=\"desarrollo social campeones qeu va\" width=\"500\" height=\"281\" \/><\/a><figcaption id=\"caption-attachment-4902\" class=\"wp-caption-text\">Los campeones del Ministerio de Desarrollo Social<\/figcaption><\/figure>\n<p>Tras una intensa competici\u00f3n result\u00f3 ganador el equipo de Desarrollo Social, que en la final venci\u00f3 a Personal Civil por 3 a 2. En tanto, en el grupo Repechaje se consagr\u00f3 Hospital Tr\u00e1nsito que se impuso a Dioxitek por 6 a 4.<\/p>\n<p>El campeonato se inici\u00f3 en septiembre y tuvo un desarrollo en dos rondas, en una primera donde jugaron todos contra todos, y una segunda donde confrontaron los cuatro primeros equipos en una ronda y los restantes en la otra.<\/p>\n<p>Al finalizar el partido, los El campe\u00f3n obtuvo como premio un equipo de futbol completo (camisetas, pantalones y medias) y un trofeo, en tanto el subcampe\u00f3n tambi\u00e9n recibi\u00f3 sus premios, al igual que el campe\u00f3n del grupo Repechaje. Todos los compa\u00f1eros que participaron del campeonato disfrutaron posteriormente de una choripaneada y aseguraron el compromiso de participar en las futuras ediciones.<\/p>\n<p>De esta forma, con este tercer campeonato consecutivo ATE contin\u00faa promocionando el deporte y la fraternidad entre los compa\u00f1eros. Para el a\u00f1o que viene, el torneo se extender\u00e1 a mayor cantidad de equipos, con una modalidad de desarrollo durante todo el a\u00f1o.<\/p>\n<p>\u00a1Felicitaciones a todos los compa\u00f1eros que participaron!<\/p>\n<figure id=\"attachment_4903\" aria-describedby=\"caption-attachment-4903\" style=\"width: 500px\" class=\"wp-caption aligncenter\"><a href=\"http:\/\/www.atecordoba.org\/wp-content\/uploads\/2014\/12\/aeropuerto-e1418334900248.jpg\"><img loading=\"lazy\" decoding=\"async\" class=\"wp-image-4903 size-full\" src=\"http:\/\/www.atecordoba.org\/wp-content\/uploads\/2014\/12\/aeropuerto-e1418334900248.jpg\" alt=\"aeropuerto\" width=\"500\" height=\"375\" \/><\/a><figcaption id=\"caption-attachment-4903\" class=\"wp-caption-text\">El equipo del Aeropuerto C\u00f3rdoba<\/figcaption><\/figure>\n<figure id=\"attachment_4904\" aria-describedby=\"caption-attachment-4904\" style=\"width: 500px\" class=\"wp-caption aligncenter\"><a href=\"http:\/\/www.atecordoba.org\/wp-content\/uploads\/2014\/12\/goleador-del-campeonato-e1418334994460.jpg\"><img loading=\"lazy\" decoding=\"async\" class=\"wp-image-4904 size-full\" src=\"http:\/\/www.atecordoba.org\/wp-content\/uploads\/2014\/12\/goleador-del-campeonato-e1418334994460.jpg\" alt=\"goleador del campeonato\" width=\"500\" height=\"281\" \/><\/a><figcaption id=\"caption-attachment-4904\" class=\"wp-caption-text\">El goleador del campeonato sostiene su trofeo<\/figcaption><\/figure>\n<figure id=\"attachment_4905\" aria-describedby=\"caption-attachment-4905\" style=\"width: 500px\" class=\"wp-caption aligncenter\"><a href=\"http:\/\/www.atecordoba.org\/wp-content\/uploads\/2014\/12\/hopital-de-ni\u00f1os-e1418335108119.jpg\"><img loading=\"lazy\" decoding=\"async\" class=\"wp-image-4905 size-full\" src=\"http:\/\/www.atecordoba.org\/wp-content\/uploads\/2014\/12\/hopital-de-ni\u00f1os-e1418335108119.jpg\" alt=\"hopital de ni\u00f1os\" width=\"500\" height=\"281\" \/><\/a><figcaption id=\"caption-attachment-4905\" class=\"wp-caption-text\">La escuadra del Hospital de Ni\u00f1os<\/figcaption><\/figure>\n<figure id=\"attachment_4906\" aria-describedby=\"caption-attachment-4906\" style=\"width: 500px\" class=\"wp-caption aligncenter\"><a href=\"http:\/\/www.atecordoba.org\/wp-content\/uploads\/2014\/12\/hospital-transito-e1418335193324.jpg\"><img loading=\"lazy\" decoding=\"async\" class=\"wp-image-4906 size-full\" src=\"http:\/\/www.atecordoba.org\/wp-content\/uploads\/2014\/12\/hospital-transito-e1418335193324.jpg\" alt=\"hospital transito\" width=\"500\" height=\"281\" \/><\/a><figcaption id=\"caption-attachment-4906\" class=\"wp-caption-text\">El team del Hospital Tr\u00e1nsito C\u00e1ceres de Allende, campe\u00f3n del repechaje<\/figcaption><\/figure>\n<p><a href=\"http:\/\/www.atecordoba.org\/wp-content\/uploads\/2014\/12\/IMG_7191-e1418335294765.jpg\"><img loading=\"lazy\" decoding=\"async\" class=\"aligncenter size-full wp-image-4907\" src=\"http:\/\/www.atecordoba.org\/wp-content\/uploads\/2014\/12\/IMG_7191-e1418335294765.jpg\" alt=\"IMG_7191\" width=\"500\" height=\"281\" \/><\/a><\/p>\n","protected":false},"excerpt":{"rendered":"<p>El pasado mi\u00e9rcoles 10 de diciembre finaliz\u00f3 el campeonato de futbol organizado por la Secretaria de Acci\u00f3n Social del CDP de ATE. En la oportunidad participaci\u00f3n ocho equipos, representantes de Anses, Desarrollo Social, Dioxitek, PAMI, Hospital Tr\u00e1nsito C\u00e1ceres de Allende, Aeropuerto C\u00f3rdoba, Hospital de Ni\u00f1os y Personal Civil del Barrio Militar General. Tras una intensa [&hellip;]<\/p>\n","protected":false},"author":1,"featured_media":19220,"comment_status":"open","ping_status":"open","sticky":false,"template":"","format":"standard","meta":{"_exactmetrics_skip_tracking":false,"_exactmetrics_sitenote_active":false,"_exactmetrics_sitenote_note":"","_exactmetrics_sitenote_category":0,"jnews-multi-image_gallery":[],"jnews_single_post":[],"jnews_primary_category":[],"jnews_social_meta":[],"jnews_review":[],"enable_review":"","type":"","name":"","summary":"","brand":"","sku":"","good":[],"bad":[],"score_override":"","override_value":"","rating":[],"price":[],"jnews_override_counter":[],"jnews_post_split":[],"footnotes":""},"categories":[75],"tags":[],"class_list":["post-4901","post","type-post","status-publish","format-standard","has-post-thumbnail","hentry","category-accion-social"],"jetpack_featured_media_url":"https:\/\/atecordoba.org\/wp-content\/uploads\/2020\/05\/logo-nuevochico-e1561581322808.png","_links":{"self":[{"href":"https:\/\/atecordoba.org\/index.php?rest_route=\/wp\/v2\/posts\/4901","targetHints":{"allow":["GET"]}}],"collection":[{"href":"https:\/\/atecordoba.org\/index.php?rest_route=\/wp\/v2\/posts"}],"about":[{"href":"https:\/\/atecordoba.org\/index.php?rest_route=\/wp\/v2\/types\/post"}],"author":[{"embeddable":true,"href":"https:\/\/atecordoba.org\/index.php?rest_route=\/wp\/v2\/users\/1"}],"replies":[{"embeddable":true,"href":"https:\/\/atecordoba.org\/index.php?rest_route=%2Fwp%2Fv2%2Fcomments&post=4901"}],"version-history":[{"count":0,"href":"https:\/\/atecordoba.org\/index.php?rest_route=\/wp\/v2\/posts\/4901\/revisions"}],"wp:featuredmedia":[{"embeddable":true,"href":"https:\/\/atecordoba.org\/index.php?rest_route=\/wp\/v2\/media\/19220"}],"wp:attachment":[{"href":"https:\/\/atecordoba.org\/index.php?rest_route=%2Fwp%2Fv2%2Fmedia&parent=4901"}],"wp:term":[{"taxonomy":"category","embeddable":true,"href":"https:\/\/atecordoba.org\/index.php?rest_route=%2Fwp%2Fv2%2Fcategories&post=4901"},{"taxonomy":"post_tag","embeddable":true,"href":"https:\/\/atecordoba.org\/index.php?rest_route=%2Fwp%2Fv2%2Ftags&post=4901"}],"curies":[{"name":"wp","href":"https:\/\/api.w.org\/{rel}","templated":true}]}}