{"id":49001,"date":"2025-06-03T11:13:32","date_gmt":"2025-06-03T14:13:32","guid":{"rendered":"https:\/\/atecordoba.org\/?p=49001"},"modified":"2025-06-03T12:18:32","modified_gmt":"2025-06-03T15:18:32","slug":"3j-ate-marcha-por-los-derechos-de-mujeres-y-disidencias-ante-la-politica-de-crueldad-de-javier-milei","status":"publish","type":"post","link":"https:\/\/atecordoba.org\/?p=49001","title":{"rendered":"3J: ATE marcha por los derechos de mujeres y disidencias ante la pol\u00edtica de crueldad de Javier Milei"},"content":{"rendered":"<p><img loading=\"lazy\" decoding=\"async\" class=\"aligncenter wp-image-49003 \" src=\"https:\/\/atecordoba.org\/wp-content\/uploads\/2025\/06\/WhatsApp-Image-2025-06-03-at-10.24.02-978x1024.jpeg\" alt=\"\" width=\"618\" height=\"647\" srcset=\"https:\/\/atecordoba.org\/wp-content\/uploads\/2025\/06\/WhatsApp-Image-2025-06-03-at-10.24.02-978x1024.jpeg 978w, https:\/\/atecordoba.org\/wp-content\/uploads\/2025\/06\/WhatsApp-Image-2025-06-03-at-10.24.02-287x300.jpeg 287w, https:\/\/atecordoba.org\/wp-content\/uploads\/2025\/06\/WhatsApp-Image-2025-06-03-at-10.24.02-768x804.jpeg 768w, https:\/\/atecordoba.org\/wp-content\/uploads\/2025\/06\/WhatsApp-Image-2025-06-03-at-10.24.02-750x785.jpeg 750w, https:\/\/atecordoba.org\/wp-content\/uploads\/2025\/06\/WhatsApp-Image-2025-06-03-at-10.24.02.jpeg 1053w\" sizes=\"auto, (max-width: 618px) 100vw, 618px\" \/>Frente a un contexto de violencia de g\u00e9nero y de crueldad que impone el gobierno de Javier Milei con sus pol\u00edticas antiderechos y discursos de odio, que se expresan en la clausura de organismos dedicados a atender y revertir una realidad donde los feminicidios se siguen sucediendo, ATE se moviliza hoy 3 de junio en la Marcha 3J.<\/p>\n<p>Desde las 18 horas nos concentramos en la esquina de avenida Col\u00f3n y Ca\u00f1ada para marchar hacia el Patio Olmos.<\/p>\n<p>A 10 a\u00f1os del primer grito \u2018ni una menos\u2019, una marcha multitudinaria que surgi\u00f3 para decir basta a los feminicidios y basta a la crueldad hacia las mujeres y las disidencias, fue un hito en la historia del movimiento de mujeres en la argentina, donde se evidenci\u00f3 que este flagelo es una problem\u00e1tica social y que debe ser atendido por el Estado.<\/p>\n<p>&#8220;Desde all\u00ed hubo avances en cuanto a leyes y programas de atenci\u00f3n y concientizaci\u00f3n que han sido ahora totalmente destruidos por la motosierra de Milei. Este gobierno no solo atenta contra las pol\u00edticas de Estado, sino que a trav\u00e9s del discurso de ideolog\u00eda de g\u00e9nero intenta minimizar y desprestigiar la lucha. Por eso decimos que hoy va a ser otro momento de encuentro, luchando para seguir reclamando por justicia para las mujeres&#8221;, explic\u00f3 la secretaria de G\u00e9nero del Consejo Directivo Provincial, Mar\u00eda Spaventa.<\/p>\n<p>En la provincia de C\u00f3rdoba se sucedieron 182 feminicidios desde el primer 3J, hace ya una d\u00e9cada. El Observatorio de Mumal\u00e1 apunta que son 193 casos este a\u00f1o a nivel nacional, de los cuales 7 ocurrieron en la provincia.<\/p>\n<p>La dirigente remarc\u00f3 que &#8220;desde ATE seguimos exigiendo justicia por nuestra compa\u00f1era Fabi Pacheco, que falleci\u00f3 el a\u00f1o pasado en un dudoso episodio de tr\u00e1nsito y por eso reclamamos a la Justicia que se investigue un posible feminicidio. Este caso se lleva en la justicia de R\u00edo Segundo.\u00a0Sus amigos, familiares, sus compa\u00f1eros de militancia y de trabajo seguimos reclamando justicia, que vamos a plasmar en la marcha&#8221;.<\/p>\n<p><strong>Talleres de formaci\u00f3n<\/strong><\/p>\n<p>Spaventa afirm\u00f3, adem\u00e1s, que desde la Secretar\u00eda que encabeza &#8220;transitamos un ciclo de talleres de formaci\u00f3n de g\u00e9nero, que nos permite debatir c\u00f3mo nos est\u00e1n atacando a trav\u00e9s del discurso de \u2018ideolog\u00eda de g\u00e9nero\u2019 y tambi\u00e9n concientizarnos sobre los derechos que nos asisten como mujeres y disidencias a partir de los avances que hubo los a\u00f1os anteriores a gobierno de Milei. Pero sobre todo para poder identificar situaciones que se corresponden con la violencia laboral y de g\u00e9nero en sus distintos tipos para poder organizar estrategias comunitarias en los lugares de trabajo para prevenirla y erradicarla&#8221;.<\/p>\n<p>&#8220;Es una instancia de formaci\u00f3n muy fuerte, que terminamos la semana pasada con la proyecci\u00f3n de la pel\u00edcula \u2018Las brujas del Cordobazo\u2019. Una de sus protagonistas nos tir\u00f3 una frase que hoy es un lema: hay que cambiar el yo por nosotros. Creo que de eso se trata el desaf\u00edo&#8221;, apunt\u00f3.<\/p>\n<p>Y agreg\u00f3 que &#8220;a una d\u00e9cada de la primera marcha debemos saber que las mujeres podemos seguir cambiando la historia&#8221;.<\/p>\n<p><strong>Encuesta Nacional<\/strong><\/p>\n<p>Cabe mencionar en este contexto, que ATE lanz\u00f3 recientemente la <a href=\"https:\/\/atecordoba.org\/?p=48807\">encuesta nacional<\/a> \u201cViolencia laboral y pol\u00edtica en contexto de ajuste\u201d.<\/p>\n<p>Spaventa dijo al respecto que la encuesta &#8220;arrojar\u00e1 resultados sobre la situaci\u00f3n a nivel del Estado nacional, provincial y municipal. Es una informaci\u00f3n importante a la hora de discutir las condiciones laborales&#8221;.<\/p>\n<p>&#8220;La idea es trabajar la encuesta en los sectores de trabajo donde detectamos muchas situaciones de vulnerabilidad de derechos y que tambi\u00e9n se convive con la violencia labora que es muy dif\u00edcil denunciar, lugares donde las mujeres y las disidencias est\u00e1n dedicadas al cuidado. Hospitales y el Polo de la Mujer son lugares donde la violencia hace muy dif\u00edcil trabajar por el miedo y la precarizaci\u00f3n. La encuesta nos va a dar otra herramienta a la hora de hablar con las autoridades. ATE trabaja por el trabajo digno y que se cumplan sus derechos en situaciones de vulnerabilidad&#8221;, concluy\u00f3.<\/p>\n","protected":false},"excerpt":{"rendered":"<p>Frente a un contexto de violencia de g\u00e9nero y de crueldad que impone el gobierno de Javier Milei con sus pol\u00edticas antiderechos y discursos de odio, que se expresan en la clausura de organismos dedicados a atender y revertir una realidad donde los feminicidios se siguen sucediendo, ATE se moviliza hoy 3 de junio en [&hellip;]<\/p>\n","protected":false},"author":7,"featured_media":49004,"comment_status":"open","ping_status":"open","sticky":false,"template":"","format":"standard","meta":{"_exactmetrics_skip_tracking":false,"_exactmetrics_sitenote_active":false,"_exactmetrics_sitenote_note":"","_exactmetrics_sitenote_category":0,"jnews-multi-image_gallery":[],"jnews_single_post":{"format":"standard","override":[{"template":"1","parallax":"1","fullscreen":"1","layout":"no-sidebar-narrow","sidebar":"default-sidebar","second_sidebar":"default-sidebar","sticky_sidebar":"1","share_position":"bottom","share_float_style":"share-monocrhome","show_share_counter":"1","show_view_counter":"1","show_post_meta":"1","show_post_author_image":"1","show_post_date":"1","post_date_format":"default","post_date_format_custom":"Y\/m\/d","show_post_category":"1","show_post_reading_time":"0","post_reading_time_wpm":"300","post_calculate_word_method":"str_word_count","show_zoom_button":"0","zoom_button_out_step":"2","zoom_button_in_step":"3","show_post_tag":"1","number_popup_post":"1","show_post_related":"1","show_inline_post_related":"0"}],"image_override":[{"single_post_thumbnail_size":"crop-500","single_post_gallery_size":"crop-500"}],"trending_post_position":"meta","trending_post_label":"Trending","sponsored_post_label":"Sponsored by","disable_ad":"0"},"jnews_primary_category":[],"jnews_social_meta":[],"jnews_review":[],"enable_review":"","type":"percentage","name":"","summary":"","brand":"","sku":"","good":[],"bad":[],"score_override":"","override_value":"","rating":[],"price":[],"jnews_override_counter":{"view_counter_number":"0","share_counter_number":"0","like_counter_number":"0","dislike_counter_number":"0"},"jnews_post_split":{"post_split":[{"template":"1","tag":"h2","numbering":"asc","mode":"normal","first":"0","enable_toc":"0","toc_type":"normal"}]},"footnotes":""},"categories":[325],"tags":[],"class_list":["post-49001","post","type-post","status-publish","format-standard","has-post-thumbnail","hentry","category-generos-y-diversidades"],"jetpack_featured_media_url":"https:\/\/atecordoba.org\/wp-content\/uploads\/2025\/06\/WhatsApp-Image-2025-06-03-at-10.24.02-1.jpeg","_links":{"self":[{"href":"https:\/\/atecordoba.org\/index.php?rest_route=\/wp\/v2\/posts\/49001","targetHints":{"allow":["GET"]}}],"collection":[{"href":"https:\/\/atecordoba.org\/index.php?rest_route=\/wp\/v2\/posts"}],"about":[{"href":"https:\/\/atecordoba.org\/index.php?rest_route=\/wp\/v2\/types\/post"}],"author":[{"embeddable":true,"href":"https:\/\/atecordoba.org\/index.php?rest_route=\/wp\/v2\/users\/7"}],"replies":[{"embeddable":true,"href":"https:\/\/atecordoba.org\/index.php?rest_route=%2Fwp%2Fv2%2Fcomments&post=49001"}],"version-history":[{"count":3,"href":"https:\/\/atecordoba.org\/index.php?rest_route=\/wp\/v2\/posts\/49001\/revisions"}],"predecessor-version":[{"id":49021,"href":"https:\/\/atecordoba.org\/index.php?rest_route=\/wp\/v2\/posts\/49001\/revisions\/49021"}],"wp:featuredmedia":[{"embeddable":true,"href":"https:\/\/atecordoba.org\/index.php?rest_route=\/wp\/v2\/media\/49004"}],"wp:attachment":[{"href":"https:\/\/atecordoba.org\/index.php?rest_route=%2Fwp%2Fv2%2Fmedia&parent=49001"}],"wp:term":[{"taxonomy":"category","embeddable":true,"href":"https:\/\/atecordoba.org\/index.php?rest_route=%2Fwp%2Fv2%2Fcategories&post=49001"},{"taxonomy":"post_tag","embeddable":true,"href":"https:\/\/atecordoba.org\/index.php?rest_route=%2Fwp%2Fv2%2Ftags&post=49001"}],"curies":[{"name":"wp","href":"https:\/\/api.w.org\/{rel}","templated":true}]}}