{"id":48996,"date":"2025-06-02T13:30:30","date_gmt":"2025-06-02T16:30:30","guid":{"rendered":"https:\/\/atecordoba.org\/?p=48996"},"modified":"2025-06-02T13:30:30","modified_gmt":"2025-06-02T16:30:30","slug":"amparo-de-ate-logra-frenar-el-dnu-antihuelga-de-milei","status":"publish","type":"post","link":"https:\/\/atecordoba.org\/?p=48996","title":{"rendered":"Amparo de ATE logra frenar el DNU antihuelga de Milei"},"content":{"rendered":"<p><img loading=\"lazy\" decoding=\"async\" class=\"aligncenter wp-image-48998 \" src=\"https:\/\/atecordoba.org\/wp-content\/uploads\/2025\/06\/aguiar-1024x681.jpeg\" alt=\"\" width=\"637\" height=\"424\" srcset=\"https:\/\/atecordoba.org\/wp-content\/uploads\/2025\/06\/aguiar-1024x681.jpeg 1024w, https:\/\/atecordoba.org\/wp-content\/uploads\/2025\/06\/aguiar-300x200.jpeg 300w, https:\/\/atecordoba.org\/wp-content\/uploads\/2025\/06\/aguiar-768x511.jpeg 768w, https:\/\/atecordoba.org\/wp-content\/uploads\/2025\/06\/aguiar-750x499.jpeg 750w, https:\/\/atecordoba.org\/wp-content\/uploads\/2025\/06\/aguiar-1140x758.jpeg 1140w, https:\/\/atecordoba.org\/wp-content\/uploads\/2025\/06\/aguiar.jpeg 1512w\" sizes=\"auto, (max-width: 637px) 100vw, 637px\" \/>La Justicia del Trabajo hizo lugar al amparo presentado por ATE Nacional que reclam\u00f3 la inconstitucional y por lo tanto la nulidad del decreto 340\/25 que pretende limitar el derecho a huelga.<\/p>\n<p>En consecuencia suspendi\u00f3 provisoriamente los efectos del art\u00edculo 3\u00b0 del DNU en lo que respecta a la Asociaci\u00f3n Trabajadores del Estado y los trabajadores representados por nuestra entidad gremial.<\/p>\n<p>La medida judicial fue emitida esta ma\u00f1ana por la titular del Juzgado Nacional de Primera Instancia del Trabajo N\u00ba3, Moira Fullana, a partir del amparo presentado por el secretario General de ATE Argentina, Rodolfo Aguiar, contra el decreto presidencial que firm\u00f3 Javier Milei el pasado 21 de mayo, con el fundamento que la norma afecta de manera ilegal y arbitraria el derecho a huelga, el principio de progresividad y del libertad sindical.<\/p>\n<p>&#8220;\u00a1\u00a1Luchar es un derecho y no les tenemos miedo!!&#8221;, celebr\u00f3 Aguiar en la red x, apenas conocida la orden judicial.<\/p>\n<p><strong>Explicaci\u00f3n jur\u00eddica<\/strong><\/p>\n<p>En una declaraci\u00f3n a prensa, el abogado de ATE, Mat\u00edas Cremonte, explic\u00f3 ayer que &#8220;el decreto 340 retoma aquella l\u00ednea del decreto 70\/23. Por lo menos, en lo que respecta a la restricci\u00f3n del ejercicio del derecho de huelga. Ten\u00eda un cap\u00edtulo referido justamente a la huelga en los servicios esenciales, que fue declarado inconstitucional en aquel entonces por la Justicia Nacional del Trabajo&#8221;.<\/p>\n<p>&#8220;Luego, en la Ley Bases, ya en julio del a\u00f1o pasado, incorpor\u00f3 la reforma laboral de manera muy regresiva, pero no hab\u00eda tocado los aspectos colectivos y ahora a trav\u00e9s del DNU 340\/25 retoma esa senda y avanza en una restricci\u00f3n muy fuerte del derecho de huelga&#8221;, prosigui\u00f3 el letrado.<\/p>\n<p>&#8220;La huelga en los llamados esenciales, est\u00e1 limitada y eso es algo que se reconoce mundialmente, es decir, que esos servicios que paran pueden poner en peligro la vida, la salud, la seguridad de la poblaci\u00f3n. Est\u00e1 entendido que por lo menos, alguna guardia m\u00ednima de emergencia debe quedar&#8221;, agreg\u00f3.<\/p>\n<p>En tal sentido dijo que nuestra legislaci\u00f3n, hasta esta reforma, estaba acorde a los est\u00e1ndares de la Organizaci\u00f3n Internacional del Trabajo -OIT-, en el sentido de que consideraba servicio esencial a los servicios hospitalarios, a la actividad de producci\u00f3n y distribuci\u00f3n de energ\u00eda el\u00e9ctrica, de gas natural, de agua potable y el control del tr\u00e1fico a\u00e9reo.<\/p>\n<p>&#8220;El decreto -ahora dejado sin efecto-, adem\u00e1s de ampliar much\u00edsimo lo que son los servicios esenciales, le fija una guardia m\u00ednima obligatoria del 75% del servicio normal, con lo cual no tiene nada de m\u00ednimo, ni emergencia. Es obvio que lo que se quiere es prohibir todo tipo de eficacia del derecho de la huelga o la medida de fuerza. Eso queda muy claro&#8221;, concluy\u00f3.<\/p>\n<p><img loading=\"lazy\" decoding=\"async\" class=\"aligncenter wp-image-48997 \" src=\"https:\/\/atecordoba.org\/wp-content\/uploads\/2025\/06\/amparo-819x1024.jpeg\" alt=\"\" width=\"662\" height=\"828\" srcset=\"https:\/\/atecordoba.org\/wp-content\/uploads\/2025\/06\/amparo-819x1024.jpeg 819w, https:\/\/atecordoba.org\/wp-content\/uploads\/2025\/06\/amparo-240x300.jpeg 240w, https:\/\/atecordoba.org\/wp-content\/uploads\/2025\/06\/amparo-768x961.jpeg 768w, https:\/\/atecordoba.org\/wp-content\/uploads\/2025\/06\/amparo-1228x1536.jpeg 1228w, https:\/\/atecordoba.org\/wp-content\/uploads\/2025\/06\/amparo-750x938.jpeg 750w, https:\/\/atecordoba.org\/wp-content\/uploads\/2025\/06\/amparo-1140x1426.jpeg 1140w, https:\/\/atecordoba.org\/wp-content\/uploads\/2025\/06\/amparo.jpeg 1279w\" sizes=\"auto, (max-width: 662px) 100vw, 662px\" \/><\/p>\n","protected":false},"excerpt":{"rendered":"<p>La Justicia del Trabajo hizo lugar al amparo presentado por ATE Nacional que reclam\u00f3 la inconstitucional y por lo tanto la nulidad del decreto 340\/25 que pretende limitar el derecho a huelga. En consecuencia suspendi\u00f3 provisoriamente los efectos del art\u00edculo 3\u00b0 del DNU en lo que respecta a la Asociaci\u00f3n Trabajadores del Estado y los [&hellip;]<\/p>\n","protected":false},"author":7,"featured_media":48997,"comment_status":"open","ping_status":"open","sticky":false,"template":"","format":"standard","meta":{"_exactmetrics_skip_tracking":false,"_exactmetrics_sitenote_active":false,"_exactmetrics_sitenote_note":"","_exactmetrics_sitenote_category":0,"jnews-multi-image_gallery":[],"jnews_single_post":{"format":"standard","override":[{"template":"1","parallax":"1","fullscreen":"1","layout":"no-sidebar-narrow","sidebar":"default-sidebar","second_sidebar":"default-sidebar","sticky_sidebar":"1","share_position":"bottom","share_float_style":"share-monocrhome","show_share_counter":"1","show_view_counter":"1","show_post_meta":"1","show_post_author_image":"1","show_post_date":"1","post_date_format":"default","post_date_format_custom":"Y\/m\/d","show_post_category":"1","show_post_reading_time":"0","post_reading_time_wpm":"300","post_calculate_word_method":"str_word_count","show_zoom_button":"0","zoom_button_out_step":"2","zoom_button_in_step":"3","show_post_tag":"1","number_popup_post":"1","show_post_related":"1","show_inline_post_related":"0"}],"image_override":[{"single_post_thumbnail_size":"crop-500","single_post_gallery_size":"crop-500"}],"trending_post_position":"meta","trending_post_label":"Trending","sponsored_post_label":"Sponsored by","disable_ad":"0"},"jnews_primary_category":[],"jnews_social_meta":[],"jnews_review":[],"enable_review":"","type":"percentage","name":"","summary":"","brand":"","sku":"","good":[],"bad":[],"score_override":"","override_value":"","rating":[],"price":[],"jnews_override_counter":{"view_counter_number":"0","share_counter_number":"0","like_counter_number":"0","dislike_counter_number":"0"},"jnews_post_split":{"post_split":[{"template":"1","tag":"h2","numbering":"asc","mode":"normal","first":"0","enable_toc":"0","toc_type":"normal"}]},"footnotes":""},"categories":[756],"tags":[],"class_list":["post-48996","post","type-post","status-publish","format-standard","has-post-thumbnail","hentry","category-consejo-directivo-nacional-cdn"],"jetpack_featured_media_url":"https:\/\/atecordoba.org\/wp-content\/uploads\/2025\/06\/amparo.jpeg","_links":{"self":[{"href":"https:\/\/atecordoba.org\/index.php?rest_route=\/wp\/v2\/posts\/48996","targetHints":{"allow":["GET"]}}],"collection":[{"href":"https:\/\/atecordoba.org\/index.php?rest_route=\/wp\/v2\/posts"}],"about":[{"href":"https:\/\/atecordoba.org\/index.php?rest_route=\/wp\/v2\/types\/post"}],"author":[{"embeddable":true,"href":"https:\/\/atecordoba.org\/index.php?rest_route=\/wp\/v2\/users\/7"}],"replies":[{"embeddable":true,"href":"https:\/\/atecordoba.org\/index.php?rest_route=%2Fwp%2Fv2%2Fcomments&post=48996"}],"version-history":[{"count":1,"href":"https:\/\/atecordoba.org\/index.php?rest_route=\/wp\/v2\/posts\/48996\/revisions"}],"predecessor-version":[{"id":48999,"href":"https:\/\/atecordoba.org\/index.php?rest_route=\/wp\/v2\/posts\/48996\/revisions\/48999"}],"wp:featuredmedia":[{"embeddable":true,"href":"https:\/\/atecordoba.org\/index.php?rest_route=\/wp\/v2\/media\/48997"}],"wp:attachment":[{"href":"https:\/\/atecordoba.org\/index.php?rest_route=%2Fwp%2Fv2%2Fmedia&parent=48996"}],"wp:term":[{"taxonomy":"category","embeddable":true,"href":"https:\/\/atecordoba.org\/index.php?rest_route=%2Fwp%2Fv2%2Fcategories&post=48996"},{"taxonomy":"post_tag","embeddable":true,"href":"https:\/\/atecordoba.org\/index.php?rest_route=%2Fwp%2Fv2%2Ftags&post=48996"}],"curies":[{"name":"wp","href":"https:\/\/api.w.org\/{rel}","templated":true}]}}